{"id":148752,"date":"2026-03-12T17:33:47","date_gmt":"2026-03-12T20:33:47","guid":{"rendered":"https:\/\/eldiariodesanpedro.com.ar\/sitio\/?p=148752"},"modified":"2026-03-12T17:33:52","modified_gmt":"2026-03-12T20:33:52","slug":"un-hombre-de-37-anos-fue-aprehendido-por-violencia-familiar","status":"publish","type":"post","link":"https:\/\/eldiariodesanpedro.com.ar\/sitio\/un-hombre-de-37-anos-fue-aprehendido-por-violencia-familiar\/","title":{"rendered":"Un hombre de 37 a\u00f1os fue aprehendido por violencia familiar"},"content":{"rendered":"<!-- VideographyWP Plugin Message: Automatic video embedding prevented by plugin options. -->\n\n<p>Un hombre fue detenido tras protagonizar un episodio de violencia familiar contra su pareja y su hija. La intervenci\u00f3n policial ocurri\u00f3 en una vivienda de la ciudad.<\/p>\n\n\n\n<p>Un <strong>hombre de 37 a\u00f1os fue aprehendido en el marco de un hecho de violencia familiar<\/strong> ocurrido durante la tarde del mi\u00e9rcoles en una vivienda ubicada sobre <strong>calle Manuel Iglesias al 1600<\/strong>.<\/p>\n\n\n\n<p>Seg\u00fan informaron fuentes policiales, <strong>personal de la dependencia local intervino tras un episodio en el que el sujeto se torn\u00f3 violento<\/strong>, profiriendo <strong>insultos y agresiones verbales contra su pareja, una mujer de 38 a\u00f1os, y la hija de ambos de 18 a\u00f1os<\/strong>.<\/p>\n\n\n\n<p>Tras el procedimiento, <strong>las v\u00edctimas fueron trasladadas y asistidas en la Comisar\u00eda de la Mujer y la Familia<\/strong>, donde recibieron el acompa\u00f1amiento correspondiente y se iniciaron las actuaciones vinculadas al caso.<\/p>\n\n\n\n<p>En tanto, el <strong>agresor fue aprehendido en el lugar y trasladado a la dependencia policial<\/strong>, quedando <strong>alojado en el sector de calabozos<\/strong> mientras avanza la causa judicial.<\/p>\n\n\n\n<p>La <strong>fiscal\u00eda local interviene en la investigaci\u00f3n<\/strong> y dispuso la <strong>notificaci\u00f3n de la causa al imputado<\/strong>, en el marco de las actuaciones por violencia familiar.<\/p>\n\n\n\n<p>#Policiales #ViolenciaFamiliar #Aprehensi\u00f3n #Polic\u00eda #Seguridad #Justicia<\/p>\n","protected":false},"excerpt":{"rendered":"<p>Un hombre fue detenido tras protagonizar un episodio de violencia familiar contra su pareja y su hija. La intervenci\u00f3n policial ocurri\u00f3 en una vivienda de la ciudad. Un hombre de 37 a\u00f1os fue aprehendido en el marco de un hecho de violencia familiar ocurrido durante la tarde del mi\u00e9rcoles en una vivienda ubicada sobre calle [&hellip;]<\/p>\n","protected":false},"author":4,"featured_media":148753,"comment_status":"closed","ping_status":"closed","sticky":false,"template":"","format":"standard","meta":{"om_disable_all_campaigns":false,"_jetpack_memberships_contains_paid_content":false,"footnotes":""},"categories":[2,103],"tags":[6140,9210,9207,9209,9208,1037],"class_list":["post-148752","post","type-post","status-publish","format-standard","has-post-thumbnail","hentry","category-locales","category-policiales-locales","tag-aprehendido-violencia-familiar","tag-caso-violencia-familiar","tag-discusion-familiar-intervencion-policial","tag-fiscalia-local-intervencion","tag-procedimiento-policial-violencia-domestica","tag-violencia-familiar"],"aioseo_notices":[],"gutentor_comment":0,"jetpack_featured_media_url":"https:\/\/eldiariodesanpedro.com.ar\/sitio\/wp-content\/uploads\/2026\/03\/ChatGPT-Image-12-mar-2026-17_30_01.jpg","jetpack_shortlink":"https:\/\/wp.me\/p6RhLt-CHe","jetpack_sharing_enabled":true,"_links":{"self":[{"href":"https:\/\/eldiariodesanpedro.com.ar\/sitio\/wp-json\/wp\/v2\/posts\/148752","targetHints":{"allow":["GET"]}}],"collection":[{"href":"https:\/\/eldiariodesanpedro.com.ar\/sitio\/wp-json\/wp\/v2\/posts"}],"about":[{"href":"https:\/\/eldiariodesanpedro.com.ar\/sitio\/wp-json\/wp\/v2\/types\/post"}],"author":[{"embeddable":true,"href":"https:\/\/eldiariodesanpedro.com.ar\/sitio\/wp-json\/wp\/v2\/users\/4"}],"replies":[{"embeddable":true,"href":"https:\/\/eldiariodesanpedro.com.ar\/sitio\/wp-json\/wp\/v2\/comments?post=148752"}],"version-history":[{"count":1,"href":"https:\/\/eldiariodesanpedro.com.ar\/sitio\/wp-json\/wp\/v2\/posts\/148752\/revisions"}],"predecessor-version":[{"id":148754,"href":"https:\/\/eldiariodesanpedro.com.ar\/sitio\/wp-json\/wp\/v2\/posts\/148752\/revisions\/148754"}],"wp:featuredmedia":[{"embeddable":true,"href":"https:\/\/eldiariodesanpedro.com.ar\/sitio\/wp-json\/wp\/v2\/media\/148753"}],"wp:attachment":[{"href":"https:\/\/eldiariodesanpedro.com.ar\/sitio\/wp-json\/wp\/v2\/media?parent=148752"}],"wp:term":[{"taxonomy":"category","embeddable":true,"href":"https:\/\/eldiariodesanpedro.com.ar\/sitio\/wp-json\/wp\/v2\/categories?post=148752"},{"taxonomy":"post_tag","embeddable":true,"href":"https:\/\/eldiariodesanpedro.com.ar\/sitio\/wp-json\/wp\/v2\/tags?post=148752"}],"curies":[{"name":"wp","href":"https:\/\/api.w.org\/{rel}","templated":true}]}}