{"id":148747,"date":"2026-03-12T17:21:12","date_gmt":"2026-03-12T20:21:12","guid":{"rendered":"https:\/\/eldiariodesanpedro.com.ar\/sitio\/?p=148747"},"modified":"2026-03-12T17:21:20","modified_gmt":"2026-03-12T20:21:20","slug":"allanamiento-por-desobediencia-secuestran-una-cocina-a-gas-y-herramientas-tras-orden-judicial","status":"publish","type":"post","link":"https:\/\/eldiariodesanpedro.com.ar\/sitio\/allanamiento-por-desobediencia-secuestran-una-cocina-a-gas-y-herramientas-tras-orden-judicial\/","title":{"rendered":"Allanamiento por desobediencia: secuestran una cocina a gas y herramientas tras orden judicial"},"content":{"rendered":"<!-- VideographyWP Plugin Message: Automatic video embedding prevented by plugin options. -->\n\n<p>Un procedimiento policial en una vivienda de Basavilbaso al 300 permiti\u00f3 <strong>incautar elementos buscados por la Justicia<\/strong> en el marco de una causa por desobediencia.<\/p>\n\n\n\n<p>En el marco de una investigaci\u00f3n vinculada a un <strong>hecho de desobediencia<\/strong>, personal del <strong>Gabinete Criminol\u00f3gico de la polic\u00eda<\/strong> llev\u00f3 adelante una diligencia de allanamiento tras una solicitud del <strong>Juzgado de Paz<\/strong>.<\/p>\n\n\n\n<p>Seg\u00fan informaron fuentes policiales, luego de realizar <strong>tareas investigativas para establecer el domicilio involucrado<\/strong>, se solicit\u00f3 la correspondiente orden judicial. La medida fue <strong>autorizada por el Juzgado de Garant\u00edas de San Nicol\u00e1s<\/strong> y se concret\u00f3 con la colaboraci\u00f3n de efectivos de la dependencia local.<\/p>\n\n\n\n<p>El procedimiento se realiz\u00f3 en una <strong>vivienda ubicada en calle Basavilbaso al 300<\/strong>, donde los efectivos procedieron al <strong>secuestro de una cocina a gas y diversas herramientas<\/strong> que eran requeridas por la Justicia en el marco de la causa.<\/p>\n\n\n\n<p>Durante el operativo fue <strong>identificado el morador del inmueble, un hombre de 56 a\u00f1os<\/strong>, quien qued\u00f3 <strong>notificado de la causa en tr\u00e1mite<\/strong>.<\/p>\n\n\n\n<p>La investigaci\u00f3n cuenta con la <strong>intervenci\u00f3n de la fiscal\u00eda local<\/strong>, que dispuso la notificaci\u00f3n correspondiente y el <strong>secuestro de los elementos hallados durante el allanamiento<\/strong>.<\/p>\n\n\n\n<p>#Allanamiento #Policiales #Desobediencia #ProcedimientoPolicial #Justicia #Investigaci\u00f3n #Seguridad #Polic\u00eda<\/p>\n\n\n\n<div class=\"wp-block-jetpack-slideshow aligncenter\" data-effect=\"slide\" style=\"--aspect-ratio:calc(674 \/ 505)\"><div class=\"wp-block-jetpack-slideshow_container swiper\"><ul class=\"wp-block-jetpack-slideshow_swiper-wrapper swiper-wrapper\"><li class=\"wp-block-jetpack-slideshow_slide swiper-slide\"><figure><img decoding=\"async\" width=\"674\" height=\"505\" alt=\"\" class=\"wp-block-jetpack-slideshow_image wp-image-148750 lazyload\" data-id=\"148750\" data-aspect-ratio=\"674 \/ 505\" data-src=\"https:\/\/eldiariodesanpedro.com.ar\/sitio\/wp-content\/uploads\/2026\/03\/2-2.jpg\" data-srcset=\"https:\/\/eldiariodesanpedro.com.ar\/sitio\/wp-content\/uploads\/2026\/03\/2-2.jpg 674w, https:\/\/eldiariodesanpedro.com.ar\/sitio\/wp-content\/uploads\/2026\/03\/2-2-300x225.jpg 300w, https:\/\/eldiariodesanpedro.com.ar\/sitio\/wp-content\/uploads\/2026\/03\/2-2-272x204.jpg 272w\" data-sizes=\"(max-width: 674px) 100vw, 674px\" src=\"data:image\/svg+xml;base64,PHN2ZyB3aWR0aD0iMSIgaGVpZ2h0PSIxIiB4bWxucz0iaHR0cDovL3d3dy53My5vcmcvMjAwMC9zdmciPjwvc3ZnPg==\" style=\"--smush-placeholder-width: 674px; --smush-placeholder-aspect-ratio: 674\/505;\" \/><\/figure><\/li><li class=\"wp-block-jetpack-slideshow_slide swiper-slide\"><figure><img decoding=\"async\" width=\"381\" height=\"505\" alt=\"\" class=\"wp-block-jetpack-slideshow_image wp-image-148749 lazyload\" data-id=\"148749\" data-aspect-ratio=\"381 \/ 505\" data-src=\"https:\/\/eldiariodesanpedro.com.ar\/sitio\/wp-content\/uploads\/2026\/03\/3-2.jpg\" data-srcset=\"https:\/\/eldiariodesanpedro.com.ar\/sitio\/wp-content\/uploads\/2026\/03\/3-2.jpg 381w, https:\/\/eldiariodesanpedro.com.ar\/sitio\/wp-content\/uploads\/2026\/03\/3-2-226x300.jpg 226w\" data-sizes=\"(max-width: 381px) 100vw, 381px\" src=\"data:image\/svg+xml;base64,PHN2ZyB3aWR0aD0iMSIgaGVpZ2h0PSIxIiB4bWxucz0iaHR0cDovL3d3dy53My5vcmcvMjAwMC9zdmciPjwvc3ZnPg==\" style=\"--smush-placeholder-width: 381px; --smush-placeholder-aspect-ratio: 381\/505;\" \/><\/figure><\/li><\/ul><a class=\"wp-block-jetpack-slideshow_button-prev swiper-button-prev swiper-button-white\" role=\"button\"><\/a><a class=\"wp-block-jetpack-slideshow_button-next swiper-button-next swiper-button-white\" role=\"button\"><\/a><a aria-label=\"Pause Slideshow\" class=\"wp-block-jetpack-slideshow_button-pause\" role=\"button\"><\/a><div class=\"wp-block-jetpack-slideshow_pagination swiper-pagination swiper-pagination-white\"><\/div><\/div><\/div>\n","protected":false},"excerpt":{"rendered":"<p>Un procedimiento policial en una vivienda de Basavilbaso al 300 permiti\u00f3 incautar elementos buscados por la Justicia en el marco de una causa por desobediencia. En el marco de una investigaci\u00f3n vinculada a un hecho de desobediencia, personal del Gabinete Criminol\u00f3gico de la polic\u00eda llev\u00f3 adelante una diligencia de allanamiento tras una solicitud del Juzgado [&hellip;]<\/p>\n","protected":false},"author":4,"featured_media":148748,"comment_status":"closed","ping_status":"closed","sticky":false,"template":"","format":"standard","meta":{"om_disable_all_campaigns":false,"_jetpack_memberships_contains_paid_content":false,"footnotes":""},"categories":[2,103],"tags":[9205,9206,5418,5214,5194,6328,7014],"class_list":["post-148747","post","type-post","status-publish","format-standard","has-post-thumbnail","hentry","category-locales","category-policiales-locales","tag-allanamiento-por-desobediencia","tag-basavilbaso-300","tag-fiscalia-local","tag-investigacion-policial","tag-juzgado-de-garantias-san-nicolas","tag-procedimiento-policial","tag-secuestro-de-elementos"],"aioseo_notices":[],"gutentor_comment":0,"jetpack_featured_media_url":"https:\/\/eldiariodesanpedro.com.ar\/sitio\/wp-content\/uploads\/2026\/03\/ChatGPT-Image-12-mar-2026-17_14_01.jpg","jetpack_shortlink":"https:\/\/wp.me\/p6RhLt-CH9","jetpack_sharing_enabled":true,"_links":{"self":[{"href":"https:\/\/eldiariodesanpedro.com.ar\/sitio\/wp-json\/wp\/v2\/posts\/148747","targetHints":{"allow":["GET"]}}],"collection":[{"href":"https:\/\/eldiariodesanpedro.com.ar\/sitio\/wp-json\/wp\/v2\/posts"}],"about":[{"href":"https:\/\/eldiariodesanpedro.com.ar\/sitio\/wp-json\/wp\/v2\/types\/post"}],"author":[{"embeddable":true,"href":"https:\/\/eldiariodesanpedro.com.ar\/sitio\/wp-json\/wp\/v2\/users\/4"}],"replies":[{"embeddable":true,"href":"https:\/\/eldiariodesanpedro.com.ar\/sitio\/wp-json\/wp\/v2\/comments?post=148747"}],"version-history":[{"count":1,"href":"https:\/\/eldiariodesanpedro.com.ar\/sitio\/wp-json\/wp\/v2\/posts\/148747\/revisions"}],"predecessor-version":[{"id":148751,"href":"https:\/\/eldiariodesanpedro.com.ar\/sitio\/wp-json\/wp\/v2\/posts\/148747\/revisions\/148751"}],"wp:featuredmedia":[{"embeddable":true,"href":"https:\/\/eldiariodesanpedro.com.ar\/sitio\/wp-json\/wp\/v2\/media\/148748"}],"wp:attachment":[{"href":"https:\/\/eldiariodesanpedro.com.ar\/sitio\/wp-json\/wp\/v2\/media?parent=148747"}],"wp:term":[{"taxonomy":"category","embeddable":true,"href":"https:\/\/eldiariodesanpedro.com.ar\/sitio\/wp-json\/wp\/v2\/categories?post=148747"},{"taxonomy":"post_tag","embeddable":true,"href":"https:\/\/eldiariodesanpedro.com.ar\/sitio\/wp-json\/wp\/v2\/tags?post=148747"}],"curies":[{"name":"wp","href":"https:\/\/api.w.org\/{rel}","templated":true}]}}