{"id":148744,"date":"2026-03-12T16:37:29","date_gmt":"2026-03-12T19:37:29","guid":{"rendered":"https:\/\/eldiariodesanpedro.com.ar\/sitio\/?p=148744"},"modified":"2026-03-12T16:37:34","modified_gmt":"2026-03-12T19:37:34","slug":"aprehenden-a-un-hombre-de-36-anos-acusado-de-provocar-lesiones-graves-tras-una-discusion","status":"publish","type":"post","link":"https:\/\/eldiariodesanpedro.com.ar\/sitio\/aprehenden-a-un-hombre-de-36-anos-acusado-de-provocar-lesiones-graves-tras-una-discusion\/","title":{"rendered":"Aprehenden a un hombre de 36 a\u00f1os acusado de provocar lesiones graves tras una discusi\u00f3n"},"content":{"rendered":"<!-- VideographyWP Plugin Message: Automatic video embedding prevented by plugin options. -->\n\n<p>Un hombre de 36 a\u00f1os fue aprehendido luego de agredir a otro de 63 durante una discusi\u00f3n y provocarle <strong>una fractura en el antebrazo<\/strong>, hecho que deriv\u00f3 en una causa por lesiones graves.<\/p>\n\n\n\n<p>Personal policial llev\u00f3 adelante <strong>la aprehensi\u00f3n de un hombre de 36 a\u00f1os<\/strong> tras un episodio ocurrido <strong>en la intersecci\u00f3n de calle Carlos Noseda y Avenida 3 de Febrero<\/strong>.<\/p>\n\n\n\n<p>De acuerdo con la informaci\u00f3n oficial, el procedimiento se concret\u00f3 luego de que el sujeto <strong>mantuviera una discusi\u00f3n con otro hombre de 63 a\u00f1os<\/strong>, situaci\u00f3n que deriv\u00f3 en una agresi\u00f3n f\u00edsica. Durante el altercado, el agresor <strong>le propin\u00f3 un golpe en el antebrazo izquierdo<\/strong>, lo que provoc\u00f3 <strong>una fractura en la extremidad<\/strong> de la v\u00edctima.<\/p>\n\n\n\n<p>Tras el hecho, efectivos policiales intervinieron en el lugar y <strong>procedieron a la aprehensi\u00f3n del sospechoso<\/strong>, quien qued\u00f3 a disposici\u00f3n de la Justicia.<\/p>\n\n\n\n<p>La causa qued\u00f3 en manos de <strong>la fiscal\u00eda local<\/strong>, que dispuso <strong>la notificaci\u00f3n de la formaci\u00f3n de la causa por el delito de lesiones graves<\/strong>. El imputado permanece <strong>alojado en el sector de calabozos<\/strong>, a la espera de ser trasladado para su primera audiencia en sede fiscal.<\/p>\n\n\n\n<p>#Policiales #LesionesGraves #Aprehendido #SanPedro #Policia #Justicia #Seguridad<\/p>\n","protected":false},"excerpt":{"rendered":"<p>Un hombre de 36 a\u00f1os fue aprehendido luego de agredir a otro de 63 durante una discusi\u00f3n y provocarle una fractura en el antebrazo, hecho que deriv\u00f3 en una causa por lesiones graves. Personal policial llev\u00f3 adelante la aprehensi\u00f3n de un hombre de 36 a\u00f1os tras un episodio ocurrido en la intersecci\u00f3n de calle Carlos [&hellip;]<\/p>\n","protected":false},"author":4,"featured_media":148745,"comment_status":"closed","ping_status":"closed","sticky":false,"template":"","format":"standard","meta":{"om_disable_all_campaigns":false,"_jetpack_memberships_contains_paid_content":false,"footnotes":""},"categories":[2,103],"tags":[9201,9204,9202,5418,9203,3694,9200],"class_list":["post-148744","post","type-post","status-publish","format-standard","has-post-thumbnail","hentry","category-locales","category-policiales-locales","tag-aprehendido-en-san-pedro","tag-caso-policial-san-pedro","tag-discusion-termino-en-agresion","tag-fiscalia-local","tag-fractura-de-antebrazo","tag-intervencion-policial","tag-lesiones-graves"],"aioseo_notices":[],"gutentor_comment":0,"jetpack_featured_media_url":"https:\/\/eldiariodesanpedro.com.ar\/sitio\/wp-content\/uploads\/2026\/03\/ChatGPT-Image-12-mar-2026-16_31_49.jpg","jetpack_shortlink":"https:\/\/wp.me\/p6RhLt-CH6","jetpack_sharing_enabled":true,"_links":{"self":[{"href":"https:\/\/eldiariodesanpedro.com.ar\/sitio\/wp-json\/wp\/v2\/posts\/148744","targetHints":{"allow":["GET"]}}],"collection":[{"href":"https:\/\/eldiariodesanpedro.com.ar\/sitio\/wp-json\/wp\/v2\/posts"}],"about":[{"href":"https:\/\/eldiariodesanpedro.com.ar\/sitio\/wp-json\/wp\/v2\/types\/post"}],"author":[{"embeddable":true,"href":"https:\/\/eldiariodesanpedro.com.ar\/sitio\/wp-json\/wp\/v2\/users\/4"}],"replies":[{"embeddable":true,"href":"https:\/\/eldiariodesanpedro.com.ar\/sitio\/wp-json\/wp\/v2\/comments?post=148744"}],"version-history":[{"count":1,"href":"https:\/\/eldiariodesanpedro.com.ar\/sitio\/wp-json\/wp\/v2\/posts\/148744\/revisions"}],"predecessor-version":[{"id":148746,"href":"https:\/\/eldiariodesanpedro.com.ar\/sitio\/wp-json\/wp\/v2\/posts\/148744\/revisions\/148746"}],"wp:featuredmedia":[{"embeddable":true,"href":"https:\/\/eldiariodesanpedro.com.ar\/sitio\/wp-json\/wp\/v2\/media\/148745"}],"wp:attachment":[{"href":"https:\/\/eldiariodesanpedro.com.ar\/sitio\/wp-json\/wp\/v2\/media?parent=148744"}],"wp:term":[{"taxonomy":"category","embeddable":true,"href":"https:\/\/eldiariodesanpedro.com.ar\/sitio\/wp-json\/wp\/v2\/categories?post=148744"},{"taxonomy":"post_tag","embeddable":true,"href":"https:\/\/eldiariodesanpedro.com.ar\/sitio\/wp-json\/wp\/v2\/tags?post=148744"}],"curies":[{"name":"wp","href":"https:\/\/api.w.org\/{rel}","templated":true}]}}