{"id":148742,"date":"2026-03-12T15:52:26","date_gmt":"2026-03-12T18:52:26","guid":{"rendered":"https:\/\/eldiariodesanpedro.com.ar\/sitio\/?p=148742"},"modified":"2026-03-12T15:52:31","modified_gmt":"2026-03-12T18:52:31","slug":"fallecio-maria-ester-ramos-a-los-54-anos","status":"publish","type":"post","link":"https:\/\/eldiariodesanpedro.com.ar\/sitio\/fallecio-maria-ester-ramos-a-los-54-anos\/","title":{"rendered":"Falleci\u00f3 Mar\u00eda Ester Ramos a los 54 a\u00f1os"},"content":{"rendered":"<!-- VideographyWP Plugin Message: Automatic video embedding prevented by plugin options. -->\n\n<p>La comunidad despide a <strong>Mar\u00eda Ester Ramos, quien falleci\u00f3 a los 54 a\u00f1os<\/strong>. Sus restos son velados en la <strong>sala N\u00b0 3 de Coopser Servicios Sociales<\/strong> hasta la ma\u00f1ana del viernes.<\/p>\n\n\n\n<p>La comunidad atraviesa un momento de pesar tras conocerse el <strong>fallecimiento de Mar\u00eda Ester Ramos a los 54 a\u00f1os<\/strong>, seg\u00fan informaron desde <strong>Coopser Servicios Sociales<\/strong>.<\/p>\n\n\n\n<p>De acuerdo con los datos brindados por la empresa de sepelios, <strong>sus restos son velados en la sala N\u00b0 3<\/strong>, ubicada en <strong>3 de Febrero 1475<\/strong>, donde familiares, amigos y allegados pueden acercarse para despedirla.<\/p>\n\n\n\n<p>El servicio velatorio se llevar\u00e1 a cabo <strong>hasta las 10:30 horas del viernes 13 de marzo de 2026<\/strong>.<\/p>\n\n\n\n<p>Familiares y seres queridos acompa\u00f1an este dif\u00edcil momento, mientras numerosas personas expresan su acompa\u00f1amiento y condolencias ante la p\u00e9rdida.<\/p>\n\n\n\n<p>#Necrol\u00f3gicas #Fallecimiento #Mar\u00edaEsterRamos #Coopser #ServiciosSociales #Obituario #QEPD<\/p>\n","protected":false},"excerpt":{"rendered":"<p>La comunidad despide a Mar\u00eda Ester Ramos, quien falleci\u00f3 a los 54 a\u00f1os. Sus restos son velados en la sala N\u00b0 3 de Coopser Servicios Sociales hasta la ma\u00f1ana del viernes. La comunidad atraviesa un momento de pesar tras conocerse el fallecimiento de Mar\u00eda Ester Ramos a los 54 a\u00f1os, seg\u00fan informaron desde Coopser Servicios [&hellip;]<\/p>\n","protected":false},"author":4,"featured_media":113757,"comment_status":"closed","ping_status":"closed","sticky":false,"template":"","format":"standard","meta":{"om_disable_all_campaigns":false,"_jetpack_memberships_contains_paid_content":false,"footnotes":""},"categories":[8424],"tags":[5113,6369,9199,9198,7895,7395,7398,6698],"class_list":["post-148742","post","type-post","status-publish","format-standard","has-post-thumbnail","hentry","category-necrologicas","tag-coopser-servicios-sociales","tag-despedida-familiar","tag-fallecimiento-maria-ester-ramos","tag-maria-ester-ramos","tag-necrologica","tag-obituario","tag-sala-velatoria-3","tag-servicios-funebres"],"aioseo_notices":[],"gutentor_comment":0,"jetpack_featured_media_url":"https:\/\/eldiariodesanpedro.com.ar\/sitio\/wp-content\/uploads\/2023\/01\/necrologicas.jpg","jetpack_shortlink":"https:\/\/wp.me\/p6RhLt-CH4","jetpack_sharing_enabled":true,"_links":{"self":[{"href":"https:\/\/eldiariodesanpedro.com.ar\/sitio\/wp-json\/wp\/v2\/posts\/148742","targetHints":{"allow":["GET"]}}],"collection":[{"href":"https:\/\/eldiariodesanpedro.com.ar\/sitio\/wp-json\/wp\/v2\/posts"}],"about":[{"href":"https:\/\/eldiariodesanpedro.com.ar\/sitio\/wp-json\/wp\/v2\/types\/post"}],"author":[{"embeddable":true,"href":"https:\/\/eldiariodesanpedro.com.ar\/sitio\/wp-json\/wp\/v2\/users\/4"}],"replies":[{"embeddable":true,"href":"https:\/\/eldiariodesanpedro.com.ar\/sitio\/wp-json\/wp\/v2\/comments?post=148742"}],"version-history":[{"count":1,"href":"https:\/\/eldiariodesanpedro.com.ar\/sitio\/wp-json\/wp\/v2\/posts\/148742\/revisions"}],"predecessor-version":[{"id":148743,"href":"https:\/\/eldiariodesanpedro.com.ar\/sitio\/wp-json\/wp\/v2\/posts\/148742\/revisions\/148743"}],"wp:featuredmedia":[{"embeddable":true,"href":"https:\/\/eldiariodesanpedro.com.ar\/sitio\/wp-json\/wp\/v2\/media\/113757"}],"wp:attachment":[{"href":"https:\/\/eldiariodesanpedro.com.ar\/sitio\/wp-json\/wp\/v2\/media?parent=148742"}],"wp:term":[{"taxonomy":"category","embeddable":true,"href":"https:\/\/eldiariodesanpedro.com.ar\/sitio\/wp-json\/wp\/v2\/categories?post=148742"},{"taxonomy":"post_tag","embeddable":true,"href":"https:\/\/eldiariodesanpedro.com.ar\/sitio\/wp-json\/wp\/v2\/tags?post=148742"}],"curies":[{"name":"wp","href":"https:\/\/api.w.org\/{rel}","templated":true}]}}