{"id":148734,"date":"2026-03-12T12:00:16","date_gmt":"2026-03-12T15:00:16","guid":{"rendered":"https:\/\/eldiariodesanpedro.com.ar\/sitio\/?p=148734"},"modified":"2026-03-12T12:00:23","modified_gmt":"2026-03-12T15:00:23","slug":"detienen-a-otro-sospechoso-por-el-robo-agravado-en-gomendio-y-san-martin","status":"publish","type":"post","link":"https:\/\/eldiariodesanpedro.com.ar\/sitio\/detienen-a-otro-sospechoso-por-el-robo-agravado-en-gomendio-y-san-martin\/","title":{"rendered":"Detienen a otro sospechoso por el robo agravado en Gomendio y San Mart\u00edn"},"content":{"rendered":"<!-- VideographyWP Plugin Message: Automatic video embedding prevented by plugin options. -->\n\n<p>Un hombre fue detenido tras allanamientos realizados en Z\u00e1rate por el robo a la vivienda de un comerciante en Gomendio y San Mart\u00edn. Secuestraron un arma, municiones y equipos de comunicaci\u00f3n.<\/p>\n\n\n\n<p>En el marco de la investigaci\u00f3n por el <strong>robo agravado ocurrido en una vivienda ubicada en la intersecci\u00f3n de Gomendio y San Mart\u00edn<\/strong>, personal de la <strong>Sub DDI Baradero\u2013San Pedro<\/strong> logr\u00f3 <strong>detener a otro de los presuntos autores del hecho<\/strong>, tras una serie de allanamientos realizados en la ciudad de Z\u00e1rate.<\/p>\n\n\n\n<p>La causa, caratulada <strong>\u201cRobo agravado y portaci\u00f3n ilegal de arma de fuego\u201d<\/strong>, es investigada por la <strong>UFI N\u00b011 de San Pedro<\/strong>. A partir de <strong>tareas investigativas y el an\u00e1lisis de distintas filmaciones<\/strong>, los efectivos pudieron <strong>establecer la identidad de los sospechosos<\/strong>, lo que permiti\u00f3 avanzar con las actuaciones judiciales correspondientes.<\/p>\n\n\n\n<p>Con las pruebas reunidas, la fiscal <strong>Dra. Ramos<\/strong> solicit\u00f3 <strong>\u00f3rdenes de allanamiento al Juzgado de Garant\u00edas<\/strong>, las cuales fueron otorgadas y ejecutadas durante la jornada de este jueves.<\/p>\n\n\n\n<p>Los procedimientos se realizaron de manera conjunta entre <strong>personal de la Sub DDI San Pedro, la Estaci\u00f3n de Polic\u00eda Comunal (EPC) San Pedro, el Grupo de Apoyo Departamental (GAD) San Pedro y el GAD Campana<\/strong>, quienes <strong>llevaron adelante cuatro allanamientos en distintos domicilios de la ciudad de Z\u00e1rate<\/strong>.<\/p>\n\n\n\n<p>Como resultado de los operativos, los investigadores lograron <strong>secuestrar diversos elementos de inter\u00e9s para la causa<\/strong>, entre ellos <strong>dos handys con frecuencia policial, un par de guantes, dos chapas patentes, un rev\u00f3lver calibre .22, cuatro municiones del mismo calibre y un tel\u00e9fono celular<\/strong>.<\/p>\n\n\n\n<p>Adem\u00e1s, <strong>fue detenido un hombre mayor de edad<\/strong>, acusado de <strong>robo agravado por el uso de arma de fuego<\/strong>. Tras cumplirse los recaudos legales correspondientes, el imputado fue trasladado a sede judicial.<\/p>\n\n\n\n<p>Seg\u00fan informaron fuentes del caso, <strong>el detenido ser\u00e1 indagado en las pr\u00f3ximas horas en la UFI N\u00b011 de San Pedro<\/strong>. Mientras tanto, <strong>permanece alojado en la Sub DDI Baradero<\/strong>, a la espera de un cupo para su traslado a otra dependencia policial.<\/p>\n\n\n\n<p>La investigaci\u00f3n contin\u00faa con el objetivo de <strong>esclarecer completamente el hecho y determinar la participaci\u00f3n de otros posibles implicados<\/strong>.<\/p>\n\n\n\n<p>#Policiales #SanPedro #RoboAgravado #Allanamientos #DDI #Seguridad #Investigaci\u00f3n #Detenido<\/p>\n","protected":false},"excerpt":{"rendered":"<p>Un hombre fue detenido tras allanamientos realizados en Z\u00e1rate por el robo a la vivienda de un comerciante en Gomendio y San Mart\u00edn. Secuestraron un arma, municiones y equipos de comunicaci\u00f3n. En el marco de la investigaci\u00f3n por el robo agravado ocurrido en una vivienda ubicada en la intersecci\u00f3n de Gomendio y San Mart\u00edn, personal [&hellip;]<\/p>\n","protected":false},"author":4,"featured_media":148735,"comment_status":"closed","ping_status":"closed","sticky":false,"template":"","format":"standard","meta":{"om_disable_all_campaigns":false,"_jetpack_memberships_contains_paid_content":false,"footnotes":""},"categories":[50,2,103],"tags":[9193,9191,9192,9196,9194,8173,9195],"class_list":["post-148734","post","type-post","status-publish","format-standard","has-post-thumbnail","hentry","category-destacadas","category-locales","category-policiales-locales","tag-allanamientos-en-zarate","tag-detenido-por-robo-agravado","tag-gomendio-y-san-martin-robo","tag-policia-san-pedro-operativo","tag-robo-agravado-en-san-pedro","tag-sub-ddi-baradero-san-pedro","tag-ufi-11-san-pedro-investigacion"],"aioseo_notices":[],"gutentor_comment":0,"jetpack_featured_media_url":"https:\/\/eldiariodesanpedro.com.ar\/sitio\/wp-content\/uploads\/2026\/03\/Snapshot-1.jpg","jetpack_shortlink":"https:\/\/wp.me\/p6RhLt-CGW","jetpack_sharing_enabled":true,"_links":{"self":[{"href":"https:\/\/eldiariodesanpedro.com.ar\/sitio\/wp-json\/wp\/v2\/posts\/148734","targetHints":{"allow":["GET"]}}],"collection":[{"href":"https:\/\/eldiariodesanpedro.com.ar\/sitio\/wp-json\/wp\/v2\/posts"}],"about":[{"href":"https:\/\/eldiariodesanpedro.com.ar\/sitio\/wp-json\/wp\/v2\/types\/post"}],"author":[{"embeddable":true,"href":"https:\/\/eldiariodesanpedro.com.ar\/sitio\/wp-json\/wp\/v2\/users\/4"}],"replies":[{"embeddable":true,"href":"https:\/\/eldiariodesanpedro.com.ar\/sitio\/wp-json\/wp\/v2\/comments?post=148734"}],"version-history":[{"count":1,"href":"https:\/\/eldiariodesanpedro.com.ar\/sitio\/wp-json\/wp\/v2\/posts\/148734\/revisions"}],"predecessor-version":[{"id":148736,"href":"https:\/\/eldiariodesanpedro.com.ar\/sitio\/wp-json\/wp\/v2\/posts\/148734\/revisions\/148736"}],"wp:featuredmedia":[{"embeddable":true,"href":"https:\/\/eldiariodesanpedro.com.ar\/sitio\/wp-json\/wp\/v2\/media\/148735"}],"wp:attachment":[{"href":"https:\/\/eldiariodesanpedro.com.ar\/sitio\/wp-json\/wp\/v2\/media?parent=148734"}],"wp:term":[{"taxonomy":"category","embeddable":true,"href":"https:\/\/eldiariodesanpedro.com.ar\/sitio\/wp-json\/wp\/v2\/categories?post=148734"},{"taxonomy":"post_tag","embeddable":true,"href":"https:\/\/eldiariodesanpedro.com.ar\/sitio\/wp-json\/wp\/v2\/tags?post=148734"}],"curies":[{"name":"wp","href":"https:\/\/api.w.org\/{rel}","templated":true}]}}