{"id":148723,"date":"2026-03-12T09:45:56","date_gmt":"2026-03-12T12:45:56","guid":{"rendered":"https:\/\/eldiariodesanpedro.com.ar\/sitio\/?p=148723"},"modified":"2026-03-12T09:46:01","modified_gmt":"2026-03-12T12:46:01","slug":"presentaron-la-8-fiesta-provincial-de-la-naranja-de-ombligo-durante-expoagro","status":"publish","type":"post","link":"https:\/\/eldiariodesanpedro.com.ar\/sitio\/presentaron-la-8-fiesta-provincial-de-la-naranja-de-ombligo-durante-expoagro\/","title":{"rendered":"Presentaron la 8\u00b0 Fiesta Provincial de la Naranja de Ombligo durante Expoagro"},"content":{"rendered":"<!-- VideographyWP Plugin Message: Automatic video embedding prevented by plugin options. -->\n\n<p>El intendente <strong>Cecilio Salazar<\/strong> present\u00f3 la <strong>8\u00b0 Fiesta Provincial de la Naranja de Ombligo<\/strong>, que se realizar\u00e1 el <strong>25 y 26 de julio<\/strong>, en el marco de la exposici\u00f3n agroindustrial <strong>Expoagro 2026<\/strong>.<\/p>\n\n\n\n<p>En el marco de <strong>Expoagro 2026<\/strong>, el intendente <strong>Cecilio Salazar<\/strong>, acompa\u00f1ado por el ministro de Desarrollo Agrario bonaerense <strong>Javier Rodr\u00edguez<\/strong>, particip\u00f3 de la presentaci\u00f3n oficial de la <strong>8\u00b0 edici\u00f3n de la Fiesta Provincial de la Naranja de Ombligo<\/strong>, uno de los eventos productivos y culturales m\u00e1s representativos del distrito.<\/p>\n\n\n\n<p>La actividad se desarroll\u00f3 en el predio ferial y aut\u00f3dromo de San Nicol\u00e1s, donde el <strong>Municipio de San Pedro<\/strong> comparte espacio dentro del stand del <strong>Ministerio de Desarrollo Agrario de la Provincia de Buenos Aires<\/strong>, en la megamuestra agroindustrial que se lleva adelante del <strong>10 al 13 de marzo<\/strong>.<\/p>\n\n\n\n<p>Durante la jornada, el jefe comunal estuvo acompa\u00f1ado por integrantes de su gabinete y destac\u00f3 la importancia de la participaci\u00f3n de San Pedro en este espacio, que permiti\u00f3 <strong>exhibir productos caracter\u00edsticos de la ciudad y reforzar su posicionamiento como referente de la fruticultura bonaerense<\/strong>.<\/p>\n\n\n\n<p>En ese contexto se realiz\u00f3 el lanzamiento de la <strong>8\u00aa Fiesta Provincial de la Naranja de Ombligo<\/strong>, que tendr\u00e1 lugar los <strong>d\u00edas 25 y 26 de julio<\/strong>. Durante la presentaci\u00f3n, Salazar subray\u00f3 <strong>el valor hist\u00f3rico, productivo y social de la actividad citr\u00edcola para el distrito<\/strong>, se\u00f1alando que la naranja de ombligo contin\u00faa siendo <strong>uno de los frutos emblem\u00e1ticos de la regi\u00f3n y una fuente de trabajo para numerosos productores y trabajadores<\/strong>.<\/p>\n\n\n\n<p>El intendente remarc\u00f3 adem\u00e1s que <strong>San Pedro sigue siendo el principal n\u00facleo de la fruticultura bonaerense<\/strong>, y sostuvo que es fundamental <strong>acompa\u00f1ar a un sector que, pese a las dificultades y a la reducci\u00f3n de superficie productiva registrada en las \u00faltimas d\u00e9cadas, contin\u00faa siendo parte central de la identidad y de la econom\u00eda local<\/strong>.<\/p>\n\n\n\n<p>La presentaci\u00f3n cont\u00f3 tambi\u00e9n con la participaci\u00f3n de autoridades provinciales, entre ellas el ministro <strong>Javier Rodr\u00edguez<\/strong> y la subsecretaria de Agricultura, Ganader\u00eda y Pesca <strong>Carla Seain<\/strong>, quienes ratificaron <strong>el acompa\u00f1amiento del Gobierno provincial al desarrollo frut\u00edcola y a las fiestas populares que ponen en valor el trabajo y la identidad de cada comunidad<\/strong>.<\/p>\n\n\n\n<p>Rodr\u00edguez destac\u00f3 que <strong>la provincia de Buenos Aires tiene en San Pedro el coraz\u00f3n de su tradici\u00f3n frut\u00edcola<\/strong>, y asegur\u00f3 que continuar\u00e1n las herramientas destinadas a fortalecer al sector productivo.<\/p>\n\n\n\n<p>Adem\u00e1s, durante la recorrida por Expoagro, el intendente mantuvo reuniones con distintos funcionarios provinciales, entre ellos el <strong>ministro de Econom\u00eda Pablo L\u00f3pez<\/strong>, el propio <strong>Javier Rodr\u00edguez<\/strong>, <strong>Carla Seain<\/strong> y el subsecretario de Desarrollo Agrario y Calidad Agroalimentaria <strong>Cristian Amarilla<\/strong>, con el objetivo de <strong>avanzar en gestiones vinculadas al desarrollo productivo del distrito<\/strong>.<\/p>\n\n\n\n<p>Como cierre de la actividad, se realiz\u00f3 una <strong>elaboraci\u00f3n en vivo de la tradicional ensaimada sampedrina<\/strong>, a cargo de <strong>Ensaimadas Nancy<\/strong>, que incluy\u00f3 degustaci\u00f3n para el p\u00fablico presente. La propuesta permiti\u00f3 <strong>mostrar otro de los productos caracter\u00edsticos de San Pedro<\/strong>, sumando identidad local a una vidriera de alcance regional y nacional.<\/p>\n\n\n\n<p>#FiestaDeLaNaranja #Expoagro2026 #Producci\u00f3nFrut\u00edcola #SanPedro #Fruticultura #ProvinciaDeBuenosAires #CecilioSalazar #DesarrolloAgrario<\/p>\n\n\n\n<div class=\"wp-block-jetpack-slideshow aligncenter\" data-effect=\"slide\" style=\"--aspect-ratio:calc(946 \/ 630)\"><div class=\"wp-block-jetpack-slideshow_container swiper\"><ul class=\"wp-block-jetpack-slideshow_swiper-wrapper swiper-wrapper\"><li class=\"wp-block-jetpack-slideshow_slide swiper-slide\"><figure><img decoding=\"async\" width=\"946\" height=\"630\" alt=\"\" class=\"wp-block-jetpack-slideshow_image wp-image-148732 lazyload\" data-id=\"148732\" data-aspect-ratio=\"946 \/ 630\" data-src=\"https:\/\/eldiariodesanpedro.com.ar\/sitio\/wp-content\/uploads\/2026\/03\/WhatsApp-Image-2026-03-11-at-20.03.542.jpeg\" data-srcset=\"https:\/\/eldiariodesanpedro.com.ar\/sitio\/wp-content\/uploads\/2026\/03\/WhatsApp-Image-2026-03-11-at-20.03.542.jpeg 946w, https:\/\/eldiariodesanpedro.com.ar\/sitio\/wp-content\/uploads\/2026\/03\/WhatsApp-Image-2026-03-11-at-20.03.542-300x200.jpeg 300w, https:\/\/eldiariodesanpedro.com.ar\/sitio\/wp-content\/uploads\/2026\/03\/WhatsApp-Image-2026-03-11-at-20.03.542-768x511.jpeg 768w\" data-sizes=\"(max-width: 946px) 100vw, 946px\" src=\"data:image\/svg+xml;base64,PHN2ZyB3aWR0aD0iMSIgaGVpZ2h0PSIxIiB4bWxucz0iaHR0cDovL3d3dy53My5vcmcvMjAwMC9zdmciPjwvc3ZnPg==\" style=\"--smush-placeholder-width: 946px; --smush-placeholder-aspect-ratio: 946\/630;\" \/><\/figure><\/li><li class=\"wp-block-jetpack-slideshow_slide swiper-slide\"><figure><img decoding=\"async\" width=\"946\" height=\"630\" alt=\"\" class=\"wp-block-jetpack-slideshow_image wp-image-148731 lazyload\" data-id=\"148731\" data-aspect-ratio=\"946 \/ 630\" data-src=\"https:\/\/eldiariodesanpedro.com.ar\/sitio\/wp-content\/uploads\/2026\/03\/WhatsApp-Image-2026-03-11-at-20.03.541.jpeg\" data-srcset=\"https:\/\/eldiariodesanpedro.com.ar\/sitio\/wp-content\/uploads\/2026\/03\/WhatsApp-Image-2026-03-11-at-20.03.541.jpeg 946w, https:\/\/eldiariodesanpedro.com.ar\/sitio\/wp-content\/uploads\/2026\/03\/WhatsApp-Image-2026-03-11-at-20.03.541-300x200.jpeg 300w, https:\/\/eldiariodesanpedro.com.ar\/sitio\/wp-content\/uploads\/2026\/03\/WhatsApp-Image-2026-03-11-at-20.03.541-768x511.jpeg 768w\" data-sizes=\"(max-width: 946px) 100vw, 946px\" src=\"data:image\/svg+xml;base64,PHN2ZyB3aWR0aD0iMSIgaGVpZ2h0PSIxIiB4bWxucz0iaHR0cDovL3d3dy53My5vcmcvMjAwMC9zdmciPjwvc3ZnPg==\" style=\"--smush-placeholder-width: 946px; --smush-placeholder-aspect-ratio: 946\/630;\" \/><\/figure><\/li><li class=\"wp-block-jetpack-slideshow_slide swiper-slide\"><figure><img decoding=\"async\" width=\"946\" height=\"630\" alt=\"\" class=\"wp-block-jetpack-slideshow_image wp-image-148730 lazyload\" data-id=\"148730\" data-aspect-ratio=\"946 \/ 630\" data-src=\"https:\/\/eldiariodesanpedro.com.ar\/sitio\/wp-content\/uploads\/2026\/03\/WhatsApp-Image-2026-03-11-at-20.03.532.jpeg\" data-srcset=\"https:\/\/eldiariodesanpedro.com.ar\/sitio\/wp-content\/uploads\/2026\/03\/WhatsApp-Image-2026-03-11-at-20.03.532.jpeg 946w, https:\/\/eldiariodesanpedro.com.ar\/sitio\/wp-content\/uploads\/2026\/03\/WhatsApp-Image-2026-03-11-at-20.03.532-300x200.jpeg 300w, https:\/\/eldiariodesanpedro.com.ar\/sitio\/wp-content\/uploads\/2026\/03\/WhatsApp-Image-2026-03-11-at-20.03.532-768x511.jpeg 768w\" data-sizes=\"(max-width: 946px) 100vw, 946px\" src=\"data:image\/svg+xml;base64,PHN2ZyB3aWR0aD0iMSIgaGVpZ2h0PSIxIiB4bWxucz0iaHR0cDovL3d3dy53My5vcmcvMjAwMC9zdmciPjwvc3ZnPg==\" style=\"--smush-placeholder-width: 946px; --smush-placeholder-aspect-ratio: 946\/630;\" \/><\/figure><\/li><li class=\"wp-block-jetpack-slideshow_slide swiper-slide\"><figure><img decoding=\"async\" width=\"946\" height=\"630\" alt=\"\" class=\"wp-block-jetpack-slideshow_image wp-image-148729 lazyload\" data-id=\"148729\" data-aspect-ratio=\"946 \/ 630\" data-src=\"https:\/\/eldiariodesanpedro.com.ar\/sitio\/wp-content\/uploads\/2026\/03\/WhatsApp-Image-2026-03-11-at-20.03.531.jpeg\" data-srcset=\"https:\/\/eldiariodesanpedro.com.ar\/sitio\/wp-content\/uploads\/2026\/03\/WhatsApp-Image-2026-03-11-at-20.03.531.jpeg 946w, https:\/\/eldiariodesanpedro.com.ar\/sitio\/wp-content\/uploads\/2026\/03\/WhatsApp-Image-2026-03-11-at-20.03.531-300x200.jpeg 300w, https:\/\/eldiariodesanpedro.com.ar\/sitio\/wp-content\/uploads\/2026\/03\/WhatsApp-Image-2026-03-11-at-20.03.531-768x511.jpeg 768w\" data-sizes=\"(max-width: 946px) 100vw, 946px\" src=\"data:image\/svg+xml;base64,PHN2ZyB3aWR0aD0iMSIgaGVpZ2h0PSIxIiB4bWxucz0iaHR0cDovL3d3dy53My5vcmcvMjAwMC9zdmciPjwvc3ZnPg==\" style=\"--smush-placeholder-width: 946px; --smush-placeholder-aspect-ratio: 946\/630;\" \/><\/figure><\/li><li class=\"wp-block-jetpack-slideshow_slide swiper-slide\"><figure><img decoding=\"async\" width=\"946\" height=\"630\" alt=\"\" class=\"wp-block-jetpack-slideshow_image wp-image-148728 lazyload\" data-id=\"148728\" data-aspect-ratio=\"946 \/ 630\" data-src=\"https:\/\/eldiariodesanpedro.com.ar\/sitio\/wp-content\/uploads\/2026\/03\/WhatsApp-Image-2026-03-11-at-20.03.521.jpeg\" data-srcset=\"https:\/\/eldiariodesanpedro.com.ar\/sitio\/wp-content\/uploads\/2026\/03\/WhatsApp-Image-2026-03-11-at-20.03.521.jpeg 946w, https:\/\/eldiariodesanpedro.com.ar\/sitio\/wp-content\/uploads\/2026\/03\/WhatsApp-Image-2026-03-11-at-20.03.521-300x200.jpeg 300w, https:\/\/eldiariodesanpedro.com.ar\/sitio\/wp-content\/uploads\/2026\/03\/WhatsApp-Image-2026-03-11-at-20.03.521-768x511.jpeg 768w\" data-sizes=\"(max-width: 946px) 100vw, 946px\" src=\"data:image\/svg+xml;base64,PHN2ZyB3aWR0aD0iMSIgaGVpZ2h0PSIxIiB4bWxucz0iaHR0cDovL3d3dy53My5vcmcvMjAwMC9zdmciPjwvc3ZnPg==\" style=\"--smush-placeholder-width: 946px; --smush-placeholder-aspect-ratio: 946\/630;\" \/><\/figure><\/li><li class=\"wp-block-jetpack-slideshow_slide swiper-slide\"><figure><img decoding=\"async\" width=\"946\" height=\"630\" alt=\"\" class=\"wp-block-jetpack-slideshow_image wp-image-148727 lazyload\" data-id=\"148727\" data-aspect-ratio=\"946 \/ 630\" data-src=\"https:\/\/eldiariodesanpedro.com.ar\/sitio\/wp-content\/uploads\/2026\/03\/WhatsApp-Image-2026-03-11-at-20.03.511.jpeg\" data-srcset=\"https:\/\/eldiariodesanpedro.com.ar\/sitio\/wp-content\/uploads\/2026\/03\/WhatsApp-Image-2026-03-11-at-20.03.511.jpeg 946w, https:\/\/eldiariodesanpedro.com.ar\/sitio\/wp-content\/uploads\/2026\/03\/WhatsApp-Image-2026-03-11-at-20.03.511-300x200.jpeg 300w, https:\/\/eldiariodesanpedro.com.ar\/sitio\/wp-content\/uploads\/2026\/03\/WhatsApp-Image-2026-03-11-at-20.03.511-768x511.jpeg 768w\" data-sizes=\"(max-width: 946px) 100vw, 946px\" src=\"data:image\/svg+xml;base64,PHN2ZyB3aWR0aD0iMSIgaGVpZ2h0PSIxIiB4bWxucz0iaHR0cDovL3d3dy53My5vcmcvMjAwMC9zdmciPjwvc3ZnPg==\" style=\"--smush-placeholder-width: 946px; --smush-placeholder-aspect-ratio: 946\/630;\" \/><\/figure><\/li><li class=\"wp-block-jetpack-slideshow_slide swiper-slide\"><figure><img decoding=\"async\" width=\"946\" height=\"630\" alt=\"\" class=\"wp-block-jetpack-slideshow_image wp-image-148726 lazyload\" data-id=\"148726\" data-aspect-ratio=\"946 \/ 630\" data-src=\"https:\/\/eldiariodesanpedro.com.ar\/sitio\/wp-content\/uploads\/2026\/03\/WhatsApp-Image-2026-03-11-at-20.03.53.jpeg\" data-srcset=\"https:\/\/eldiariodesanpedro.com.ar\/sitio\/wp-content\/uploads\/2026\/03\/WhatsApp-Image-2026-03-11-at-20.03.53.jpeg 946w, https:\/\/eldiariodesanpedro.com.ar\/sitio\/wp-content\/uploads\/2026\/03\/WhatsApp-Image-2026-03-11-at-20.03.53-300x200.jpeg 300w, https:\/\/eldiariodesanpedro.com.ar\/sitio\/wp-content\/uploads\/2026\/03\/WhatsApp-Image-2026-03-11-at-20.03.53-768x511.jpeg 768w\" data-sizes=\"(max-width: 946px) 100vw, 946px\" src=\"data:image\/svg+xml;base64,PHN2ZyB3aWR0aD0iMSIgaGVpZ2h0PSIxIiB4bWxucz0iaHR0cDovL3d3dy53My5vcmcvMjAwMC9zdmciPjwvc3ZnPg==\" style=\"--smush-placeholder-width: 946px; --smush-placeholder-aspect-ratio: 946\/630;\" \/><\/figure><\/li><li class=\"wp-block-jetpack-slideshow_slide swiper-slide\"><figure><img decoding=\"async\" width=\"946\" height=\"630\" alt=\"\" class=\"wp-block-jetpack-slideshow_image wp-image-148725 lazyload\" data-id=\"148725\" data-aspect-ratio=\"946 \/ 630\" data-src=\"https:\/\/eldiariodesanpedro.com.ar\/sitio\/wp-content\/uploads\/2026\/03\/WhatsApp-Image-2026-03-11-at-20.03.52.jpeg\" data-srcset=\"https:\/\/eldiariodesanpedro.com.ar\/sitio\/wp-content\/uploads\/2026\/03\/WhatsApp-Image-2026-03-11-at-20.03.52.jpeg 946w, https:\/\/eldiariodesanpedro.com.ar\/sitio\/wp-content\/uploads\/2026\/03\/WhatsApp-Image-2026-03-11-at-20.03.52-300x200.jpeg 300w, https:\/\/eldiariodesanpedro.com.ar\/sitio\/wp-content\/uploads\/2026\/03\/WhatsApp-Image-2026-03-11-at-20.03.52-768x511.jpeg 768w\" data-sizes=\"(max-width: 946px) 100vw, 946px\" src=\"data:image\/svg+xml;base64,PHN2ZyB3aWR0aD0iMSIgaGVpZ2h0PSIxIiB4bWxucz0iaHR0cDovL3d3dy53My5vcmcvMjAwMC9zdmciPjwvc3ZnPg==\" style=\"--smush-placeholder-width: 946px; --smush-placeholder-aspect-ratio: 946\/630;\" \/><\/figure><\/li><li class=\"wp-block-jetpack-slideshow_slide swiper-slide\"><figure><img decoding=\"async\" width=\"946\" height=\"630\" alt=\"\" class=\"wp-block-jetpack-slideshow_image wp-image-148724 lazyload\" data-id=\"148724\" data-aspect-ratio=\"946 \/ 630\" data-src=\"https:\/\/eldiariodesanpedro.com.ar\/sitio\/wp-content\/uploads\/2026\/03\/WhatsApp-Image-2026-03-11-at-20.03.51.jpeg\" data-srcset=\"https:\/\/eldiariodesanpedro.com.ar\/sitio\/wp-content\/uploads\/2026\/03\/WhatsApp-Image-2026-03-11-at-20.03.51.jpeg 946w, https:\/\/eldiariodesanpedro.com.ar\/sitio\/wp-content\/uploads\/2026\/03\/WhatsApp-Image-2026-03-11-at-20.03.51-300x200.jpeg 300w, https:\/\/eldiariodesanpedro.com.ar\/sitio\/wp-content\/uploads\/2026\/03\/WhatsApp-Image-2026-03-11-at-20.03.51-768x511.jpeg 768w\" data-sizes=\"(max-width: 946px) 100vw, 946px\" src=\"data:image\/svg+xml;base64,PHN2ZyB3aWR0aD0iMSIgaGVpZ2h0PSIxIiB4bWxucz0iaHR0cDovL3d3dy53My5vcmcvMjAwMC9zdmciPjwvc3ZnPg==\" style=\"--smush-placeholder-width: 946px; --smush-placeholder-aspect-ratio: 946\/630;\" \/><\/figure><\/li><\/ul><a class=\"wp-block-jetpack-slideshow_button-prev swiper-button-prev swiper-button-white\" role=\"button\"><\/a><a class=\"wp-block-jetpack-slideshow_button-next swiper-button-next swiper-button-white\" role=\"button\"><\/a><a aria-label=\"Pause Slideshow\" class=\"wp-block-jetpack-slideshow_button-pause\" role=\"button\"><\/a><div class=\"wp-block-jetpack-slideshow_pagination swiper-pagination swiper-pagination-white\"><\/div><\/div><\/div>\n","protected":false},"excerpt":{"rendered":"<p>El intendente Cecilio Salazar present\u00f3 la 8\u00b0 Fiesta Provincial de la Naranja de Ombligo, que se realizar\u00e1 el 25 y 26 de julio, en el marco de la exposici\u00f3n agroindustrial Expoagro 2026. En el marco de Expoagro 2026, el intendente Cecilio Salazar, acompa\u00f1ado por el ministro de Desarrollo Agrario bonaerense Javier Rodr\u00edguez, particip\u00f3 de la [&hellip;]<\/p>\n","protected":false},"author":4,"featured_media":148727,"comment_status":"closed","ping_status":"closed","sticky":false,"template":"","format":"standard","meta":{"om_disable_all_campaigns":false,"_jetpack_memberships_contains_paid_content":false,"footnotes":""},"categories":[50,101,2],"tags":[1059,9190,8520,9187,9186,9189,6853,9188],"class_list":["post-148723","post","type-post","status-publish","format-standard","has-post-thumbnail","hentry","category-destacadas","category-interes-general-locales","category-locales","tag-cecilio-salazar","tag-desarrollo-agrario-buenos-aires","tag-economia-regional","tag-expoagro-2026","tag-fiesta-de-la-naranja-de-ombligo","tag-naranja-de-ombligo","tag-produccion-fruticola","tag-san-pedro-fruticultura"],"aioseo_notices":[],"gutentor_comment":0,"jetpack_featured_media_url":"https:\/\/eldiariodesanpedro.com.ar\/sitio\/wp-content\/uploads\/2026\/03\/WhatsApp-Image-2026-03-11-at-20.03.511.jpeg","jetpack_shortlink":"https:\/\/wp.me\/p6RhLt-CGL","jetpack_sharing_enabled":true,"_links":{"self":[{"href":"https:\/\/eldiariodesanpedro.com.ar\/sitio\/wp-json\/wp\/v2\/posts\/148723","targetHints":{"allow":["GET"]}}],"collection":[{"href":"https:\/\/eldiariodesanpedro.com.ar\/sitio\/wp-json\/wp\/v2\/posts"}],"about":[{"href":"https:\/\/eldiariodesanpedro.com.ar\/sitio\/wp-json\/wp\/v2\/types\/post"}],"author":[{"embeddable":true,"href":"https:\/\/eldiariodesanpedro.com.ar\/sitio\/wp-json\/wp\/v2\/users\/4"}],"replies":[{"embeddable":true,"href":"https:\/\/eldiariodesanpedro.com.ar\/sitio\/wp-json\/wp\/v2\/comments?post=148723"}],"version-history":[{"count":1,"href":"https:\/\/eldiariodesanpedro.com.ar\/sitio\/wp-json\/wp\/v2\/posts\/148723\/revisions"}],"predecessor-version":[{"id":148733,"href":"https:\/\/eldiariodesanpedro.com.ar\/sitio\/wp-json\/wp\/v2\/posts\/148723\/revisions\/148733"}],"wp:featuredmedia":[{"embeddable":true,"href":"https:\/\/eldiariodesanpedro.com.ar\/sitio\/wp-json\/wp\/v2\/media\/148727"}],"wp:attachment":[{"href":"https:\/\/eldiariodesanpedro.com.ar\/sitio\/wp-json\/wp\/v2\/media?parent=148723"}],"wp:term":[{"taxonomy":"category","embeddable":true,"href":"https:\/\/eldiariodesanpedro.com.ar\/sitio\/wp-json\/wp\/v2\/categories?post=148723"},{"taxonomy":"post_tag","embeddable":true,"href":"https:\/\/eldiariodesanpedro.com.ar\/sitio\/wp-json\/wp\/v2\/tags?post=148723"}],"curies":[{"name":"wp","href":"https:\/\/api.w.org\/{rel}","templated":true}]}}