{"id":148717,"date":"2026-03-12T09:11:19","date_gmt":"2026-03-12T12:11:19","guid":{"rendered":"https:\/\/eldiariodesanpedro.com.ar\/sitio\/?p=148717"},"modified":"2026-03-12T09:11:24","modified_gmt":"2026-03-12T12:11:24","slug":"charla-abierta-sobre-salud-mental-en-el-centro-de-comercio","status":"publish","type":"post","link":"https:\/\/eldiariodesanpedro.com.ar\/sitio\/charla-abierta-sobre-salud-mental-en-el-centro-de-comercio\/","title":{"rendered":"Charla abierta sobre salud mental en el Centro de Comercio"},"content":{"rendered":"<!-- VideographyWP Plugin Message: Automatic video embedding prevented by plugin options. -->\n\n<p>Una actividad gratuita buscar\u00e1 generar conciencia y brindar herramientas para acompa\u00f1ar problem\u00e1ticas de salud mental, en el marco preparatorio de un congreso internacional.<\/p>\n\n\n\n<p>El <strong>Centro de Comercio, Industria y Turismo<\/strong> invita a la comunidad a participar de una <strong>charla abierta sobre salud mental<\/strong>, una propuesta que busca generar conciencia y brindar herramientas frente a problem\u00e1ticas cada vez m\u00e1s presentes en la sociedad.<\/p>\n\n\n\n<p>La actividad, titulada <strong>\u201cHablemos de Salud Mental: un compromiso de todos\u201d<\/strong>, se realizar\u00e1 <strong>el martes 17 de marzo a las 18:30 en la sede del Centro de Comercio, ubicada en Mitre 650<\/strong>, con <strong>entrada libre y gratuita<\/strong>.<\/p>\n\n\n\n<p>El encuentro es organizado por la <strong>Red Mundial de Salud Mental<\/strong> junto al <strong>Instituto de Capacitaci\u00f3n e Investigaci\u00f3n en Adicciones y Vulnerabilidades Psicosociales (ICAVP)<\/strong> y contar\u00e1 con un espacio de intercambio abierto para la comunidad.<\/p>\n\n\n\n<p>Durante la charla se abordar\u00e1n <strong>temas centrales vinculados a la salud mental<\/strong>, entre ellos <strong>prevenci\u00f3n del suicidio, adicciones, crisis emocionales, se\u00f1ales de alerta y herramientas para acompa\u00f1ar a personas que atraviesan situaciones complejas<\/strong>. La iniciativa busca promover <strong>informaci\u00f3n, reflexi\u00f3n y compromiso comunitario<\/strong> frente a situaciones que requieren cada vez mayor atenci\u00f3n y acompa\u00f1amiento.<\/p>\n\n\n\n<p>Adem\u00e1s, la actividad funcionar\u00e1 como <strong>instancia previa al 5\u00b0 Congreso Internacional de Adicciones, Vulnerabilidades Psicosociales y Suicidio<\/strong>, que se desarrollar\u00e1 <strong>los d\u00edas 1, 2 y 3 de octubre de 2026<\/strong> en la ciudad. El evento reunir\u00e1 a <strong>especialistas, profesionales y referentes de distintos pa\u00edses de Latinoam\u00e9rica<\/strong> en tres jornadas dedicadas a la capacitaci\u00f3n, el intercambio de experiencias y el fortalecimiento de redes de trabajo vinculadas a los desaf\u00edos actuales de la salud mental.<\/p>\n\n\n\n<p>Desde el Centro de Comercio y las instituciones organizadoras destacaron <strong>la importancia de abrir espacios de di\u00e1logo y formaci\u00f3n en la comunidad<\/strong>, entendiendo que <strong>la salud mental es una responsabilidad colectiva<\/strong> y que <strong>la informaci\u00f3n y el acompa\u00f1amiento oportuno pueden marcar una diferencia clave<\/strong>.<\/p>\n\n\n\n<p>La invitaci\u00f3n est\u00e1 dirigida <strong>a toda la comunidad, profesionales, docentes, estudiantes y personas interesadas en la tem\u00e1tica<\/strong>, con el objetivo de seguir fortaleciendo la conciencia social y las herramientas de acompa\u00f1amiento frente a estas problem\u00e1ticas.<\/p>\n\n\n\n<p>#SaludMental #PrevencionDelSuicidio #Adicciones #CentroDeComercio #SaludMentalComunitaria #CongresoSaludMental #ICAVP #RedMundialDeSaludMental<\/p>\n\n\n<div class=\"wp-block-image\">\n<figure class=\"aligncenter size-full\"><img decoding=\"async\" width=\"420\" height=\"630\" data-attachment-id=\"148718\" data-permalink=\"https:\/\/eldiariodesanpedro.com.ar\/sitio\/charla-abierta-sobre-salud-mental-en-el-centro-de-comercio\/charla-5\/\" data-orig-file=\"https:\/\/eldiariodesanpedro.com.ar\/sitio\/wp-content\/uploads\/2026\/03\/charla.jpeg\" data-orig-size=\"420,630\" data-comments-opened=\"0\" data-image-meta=\"{&quot;aperture&quot;:&quot;0&quot;,&quot;credit&quot;:&quot;&quot;,&quot;camera&quot;:&quot;&quot;,&quot;caption&quot;:&quot;&quot;,&quot;created_timestamp&quot;:&quot;0&quot;,&quot;copyright&quot;:&quot;&quot;,&quot;focal_length&quot;:&quot;0&quot;,&quot;iso&quot;:&quot;0&quot;,&quot;shutter_speed&quot;:&quot;0&quot;,&quot;title&quot;:&quot;&quot;,&quot;orientation&quot;:&quot;0&quot;}\" data-image-title=\"charla\" data-image-description=\"\" data-image-caption=\"\" data-large-file=\"https:\/\/eldiariodesanpedro.com.ar\/sitio\/wp-content\/uploads\/2026\/03\/charla.jpeg\" data-src=\"https:\/\/eldiariodesanpedro.com.ar\/sitio\/wp-content\/uploads\/2026\/03\/charla.jpeg\" alt=\"\" class=\"wp-image-148718 lazyload\" data-srcset=\"https:\/\/eldiariodesanpedro.com.ar\/sitio\/wp-content\/uploads\/2026\/03\/charla.jpeg 420w, https:\/\/eldiariodesanpedro.com.ar\/sitio\/wp-content\/uploads\/2026\/03\/charla-200x300.jpeg 200w, https:\/\/eldiariodesanpedro.com.ar\/sitio\/wp-content\/uploads\/2026\/03\/charla-400x600.jpeg 400w\" data-sizes=\"(max-width: 420px) 100vw, 420px\" src=\"data:image\/svg+xml;base64,PHN2ZyB3aWR0aD0iMSIgaGVpZ2h0PSIxIiB4bWxucz0iaHR0cDovL3d3dy53My5vcmcvMjAwMC9zdmciPjwvc3ZnPg==\" style=\"--smush-placeholder-width: 420px; --smush-placeholder-aspect-ratio: 420\/630;\" \/><\/figure>\n<\/div>","protected":false},"excerpt":{"rendered":"<p>Una actividad gratuita buscar\u00e1 generar conciencia y brindar herramientas para acompa\u00f1ar problem\u00e1ticas de salud mental, en el marco preparatorio de un congreso internacional. El Centro de Comercio, Industria y Turismo invita a la comunidad a participar de una charla abierta sobre salud mental, una propuesta que busca generar conciencia y brindar herramientas frente a problem\u00e1ticas [&hellip;]<\/p>\n","protected":false},"author":4,"featured_media":148719,"comment_status":"closed","ping_status":"closed","sticky":false,"template":"","format":"standard","meta":{"om_disable_all_campaigns":false,"_jetpack_memberships_contains_paid_content":false,"footnotes":""},"categories":[101,2],"tags":[9183,9178,9179,9182,9180,6015,9181,6016,9184,7691],"class_list":["post-148717","post","type-post","status-publish","format-standard","has-post-thumbnail","hentry","category-interes-general-locales","category-locales","tag-actividades-comunitarias","tag-adicciones-y-salud-mental","tag-charla-sobre-salud-mental","tag-congreso-internacional-de-adicciones","tag-icavp","tag-prevencion-del-suicidio","tag-red-mundial-de-salud-mental","tag-salud-mental","tag-salud-mental-comunitaria","tag-vulnerabilidades-psicosociales"],"aioseo_notices":[],"gutentor_comment":0,"jetpack_featured_media_url":"https:\/\/eldiariodesanpedro.com.ar\/sitio\/wp-content\/uploads\/2026\/03\/Marcha-Salud-Mental-780x470-1.jpg","jetpack_shortlink":"https:\/\/wp.me\/p6RhLt-CGF","jetpack_sharing_enabled":true,"_links":{"self":[{"href":"https:\/\/eldiariodesanpedro.com.ar\/sitio\/wp-json\/wp\/v2\/posts\/148717","targetHints":{"allow":["GET"]}}],"collection":[{"href":"https:\/\/eldiariodesanpedro.com.ar\/sitio\/wp-json\/wp\/v2\/posts"}],"about":[{"href":"https:\/\/eldiariodesanpedro.com.ar\/sitio\/wp-json\/wp\/v2\/types\/post"}],"author":[{"embeddable":true,"href":"https:\/\/eldiariodesanpedro.com.ar\/sitio\/wp-json\/wp\/v2\/users\/4"}],"replies":[{"embeddable":true,"href":"https:\/\/eldiariodesanpedro.com.ar\/sitio\/wp-json\/wp\/v2\/comments?post=148717"}],"version-history":[{"count":1,"href":"https:\/\/eldiariodesanpedro.com.ar\/sitio\/wp-json\/wp\/v2\/posts\/148717\/revisions"}],"predecessor-version":[{"id":148720,"href":"https:\/\/eldiariodesanpedro.com.ar\/sitio\/wp-json\/wp\/v2\/posts\/148717\/revisions\/148720"}],"wp:featuredmedia":[{"embeddable":true,"href":"https:\/\/eldiariodesanpedro.com.ar\/sitio\/wp-json\/wp\/v2\/media\/148719"}],"wp:attachment":[{"href":"https:\/\/eldiariodesanpedro.com.ar\/sitio\/wp-json\/wp\/v2\/media?parent=148717"}],"wp:term":[{"taxonomy":"category","embeddable":true,"href":"https:\/\/eldiariodesanpedro.com.ar\/sitio\/wp-json\/wp\/v2\/categories?post=148717"},{"taxonomy":"post_tag","embeddable":true,"href":"https:\/\/eldiariodesanpedro.com.ar\/sitio\/wp-json\/wp\/v2\/tags?post=148717"}],"curies":[{"name":"wp","href":"https:\/\/api.w.org\/{rel}","templated":true}]}}