{"id":148714,"date":"2026-03-11T18:32:20","date_gmt":"2026-03-11T21:32:20","guid":{"rendered":"https:\/\/eldiariodesanpedro.com.ar\/sitio\/?p=148714"},"modified":"2026-03-11T18:32:24","modified_gmt":"2026-03-11T21:32:24","slug":"la-anonima-avanza-en-las-gestiones-para-ocupar-el-edificio-del-ex-vea-en-san-pedro","status":"publish","type":"post","link":"https:\/\/eldiariodesanpedro.com.ar\/sitio\/la-anonima-avanza-en-las-gestiones-para-ocupar-el-edificio-del-ex-vea-en-san-pedro\/","title":{"rendered":"La An\u00f3nima avanza en las gestiones para ocupar el edificio del ex Vea en San Pedro"},"content":{"rendered":"<!-- VideographyWP Plugin Message: Automatic video embedding prevented by plugin options. -->\n\n<p><strong>La cadena de supermercados ultima detalles t\u00e9cnicos y contractuales para concretar su desembarco en el predio de Balcarce e Ituzaing\u00f3, proyectando nuevos puestos de trabajo.<\/strong><\/p>\n\n\n\n<p>La cadena supermercadista <strong>La An\u00f3nima<\/strong> se encuentra en una etapa avanzada de gestiones para establecer una nueva sucursal en <strong>San Pedro<\/strong>. El proyecto se centra en el inmueble donde oper\u00f3 la firma <strong>Vea<\/strong> hasta octubre pasado, ubicado en la intersecci\u00f3n de las calles <strong>Balcarce e Ituzaing\u00f3<\/strong>.<\/p>\n\n\n\n<p>Durante la \u00faltima semana, especialistas de las \u00e1reas de <strong>infraestructura y log\u00edstica<\/strong> de la compa\u00f1\u00eda realizaron nuevas inspecciones en el edificio. El objetivo de estas recorridas fue realizar una <strong>evaluaci\u00f3n t\u00e9cnica<\/strong> de las condiciones actuales del lugar y analizar la viabilidad operativa para el funcionamiento del futuro local comercial.<\/p>\n\n\n\n<p>El predio es propiedad de la firma <strong>Desarrolladora San Pedro<\/strong>, empresa que adquiri\u00f3 el espacio tras el remate del antiguo complejo San Cayetano. Las negociaciones entre la desarrolladora y la cadena de supermercados se mantienen en una fase de definiciones, centradas actualmente en los <strong>detalles finales del contrato<\/strong> de locaci\u00f3n o uso.<\/p>\n\n\n\n<p>Desde el \u00e1mbito municipal, se estima que la apertura de esta sucursal permitir\u00eda la creaci\u00f3n de entre <strong>30 y 40 puestos de trabajo<\/strong>. Existe el compromiso de otorgar <strong>prioridad en la contrataci\u00f3n<\/strong> a los trabajadores que se desempe\u00f1aban anteriormente en el local de Vea, buscando mitigar el impacto laboral generado tras el cierre de la firma previa.<\/p>\n\n\n\n<p>SanPedro #LaAnonima #EconomiaLocal #Supermercados #EmpleoSanPedro #Inversiones<\/p>\n","protected":false},"excerpt":{"rendered":"<p>La cadena de supermercados ultima detalles t\u00e9cnicos y contractuales para concretar su desembarco en el predio de Balcarce e Ituzaing\u00f3, proyectando nuevos puestos de trabajo. La cadena supermercadista La An\u00f3nima se encuentra en una etapa avanzada de gestiones para establecer una nueva sucursal en San Pedro. El proyecto se centra en el inmueble donde oper\u00f3 [&hellip;]<\/p>\n","protected":false},"author":4,"featured_media":148715,"comment_status":"closed","ping_status":"closed","sticky":false,"template":"","format":"standard","meta":{"om_disable_all_campaigns":false,"_jetpack_memberships_contains_paid_content":false,"footnotes":""},"categories":[101,2],"tags":[9174,9176,9177,8751,9173,9175],"class_list":["post-148714","post","type-post","status-publish","format-standard","has-post-thumbnail","hentry","category-interes-general-locales","category-locales","tag-apertura-la-anonima","tag-desarrolladora-san-pedro","tag-edificio-balcarce-e-ituzaingo","tag-la-anonima-san-pedro","tag-supermercado-ex-vea","tag-trabajo-san-pedro"],"aioseo_notices":[],"gutentor_comment":0,"jetpack_featured_media_url":"https:\/\/eldiariodesanpedro.com.ar\/sitio\/wp-content\/uploads\/2026\/03\/anonima-800x445-1.jpg","jetpack_shortlink":"https:\/\/wp.me\/p6RhLt-CGC","jetpack_sharing_enabled":true,"_links":{"self":[{"href":"https:\/\/eldiariodesanpedro.com.ar\/sitio\/wp-json\/wp\/v2\/posts\/148714","targetHints":{"allow":["GET"]}}],"collection":[{"href":"https:\/\/eldiariodesanpedro.com.ar\/sitio\/wp-json\/wp\/v2\/posts"}],"about":[{"href":"https:\/\/eldiariodesanpedro.com.ar\/sitio\/wp-json\/wp\/v2\/types\/post"}],"author":[{"embeddable":true,"href":"https:\/\/eldiariodesanpedro.com.ar\/sitio\/wp-json\/wp\/v2\/users\/4"}],"replies":[{"embeddable":true,"href":"https:\/\/eldiariodesanpedro.com.ar\/sitio\/wp-json\/wp\/v2\/comments?post=148714"}],"version-history":[{"count":1,"href":"https:\/\/eldiariodesanpedro.com.ar\/sitio\/wp-json\/wp\/v2\/posts\/148714\/revisions"}],"predecessor-version":[{"id":148716,"href":"https:\/\/eldiariodesanpedro.com.ar\/sitio\/wp-json\/wp\/v2\/posts\/148714\/revisions\/148716"}],"wp:featuredmedia":[{"embeddable":true,"href":"https:\/\/eldiariodesanpedro.com.ar\/sitio\/wp-json\/wp\/v2\/media\/148715"}],"wp:attachment":[{"href":"https:\/\/eldiariodesanpedro.com.ar\/sitio\/wp-json\/wp\/v2\/media?parent=148714"}],"wp:term":[{"taxonomy":"category","embeddable":true,"href":"https:\/\/eldiariodesanpedro.com.ar\/sitio\/wp-json\/wp\/v2\/categories?post=148714"},{"taxonomy":"post_tag","embeddable":true,"href":"https:\/\/eldiariodesanpedro.com.ar\/sitio\/wp-json\/wp\/v2\/tags?post=148714"}],"curies":[{"name":"wp","href":"https:\/\/api.w.org\/{rel}","templated":true}]}}