{"id":148710,"date":"2026-03-11T18:14:17","date_gmt":"2026-03-11T21:14:17","guid":{"rendered":"https:\/\/eldiariodesanpedro.com.ar\/sitio\/?p=148710"},"modified":"2026-03-11T18:26:47","modified_gmt":"2026-03-11T21:26:47","slug":"pablo-vigne-asume-la-presidencia-de-la-liga-deportiva-sampedrina-junto-a-laura-monfasani","status":"publish","type":"post","link":"https:\/\/eldiariodesanpedro.com.ar\/sitio\/pablo-vigne-asume-la-presidencia-de-la-liga-deportiva-sampedrina-junto-a-laura-monfasani\/","title":{"rendered":"Pablo Vigne asume la presidencia de la Liga Deportiva Sampedrina junto a Laura Monfasani"},"content":{"rendered":"<!-- VideographyWP Plugin Message: Automatic video embedding prevented by plugin options. -->\n\n<p><strong>La Liga Deportiva Sampedrina renov\u00f3 su Comisi\u00f3n Directiva para el periodo 2026-2028, con Pablo Vigne como presidente y Laura Monfasani en la vicepresidencia.<\/strong><\/p>\n\n\n\n<p>Durante la noche del martes, la <strong>Liga Deportiva Sampedrina (LDS)<\/strong> llev\u00f3 a cabo su <strong>Asamblea General Ordinaria<\/strong>, donde se oficializ\u00f3 la <strong>renovaci\u00f3n de autoridades<\/strong> para los pr\u00f3ximos dos a\u00f1os. La nueva conformaci\u00f3n de la Comisi\u00f3n Directiva marca el inicio de una gesti\u00f3n que buscar\u00e1 dar continuidad al trabajo institucional en el \u00e1mbito del f\u00fatbol regional.<\/p>\n\n\n\n<p>La lista de autoridades qued\u00f3 encabezada por <strong>Pablo Rodrigo Vigne como presidente<\/strong>, quien estar\u00e1 acompa\u00f1ado por <strong>Laura In\u00e9s Monfasani en el cargo de vicepresidenta<\/strong>. El resto del equipo de conducci\u00f3n se integra con <strong>Cristian Ra\u00fal Leguizam\u00f3n<\/strong> en la secretar\u00eda, <strong>Agust\u00edn D\u00edaz Gonz\u00e1lez<\/strong> como prosecretario, <strong>Mat\u00edas Iv\u00e1n G\u00f3mez<\/strong> en la tesorer\u00eda y <strong>Javier Alberto Gorbar\u00e1n<\/strong> como protesorero.<\/p>\n\n\n\n<p>Desde la entidad informaron que los objetivos de esta nueva etapa se centran en el <strong>fortalecimiento del f\u00fatbol local<\/strong> y el acompa\u00f1amiento constante a los clubes que integran la liga. La gesti\u00f3n entrante asume la responsabilidad de coordinar las actividades deportivas y promover el <strong>crecimiento institucional en San Pedro<\/strong> y su zona de influencia.<\/p>\n\n\n\n<p>#SanPedro #LDS #FutbolRegional #LigaDeportivaSampedrina #DeporteSanPedro<\/p>\n","protected":false},"excerpt":{"rendered":"<p>La Liga Deportiva Sampedrina renov\u00f3 su Comisi\u00f3n Directiva para el periodo 2026-2028, con Pablo Vigne como presidente y Laura Monfasani en la vicepresidencia. Durante la noche del martes, la Liga Deportiva Sampedrina (LDS) llev\u00f3 a cabo su Asamblea General Ordinaria, donde se oficializ\u00f3 la renovaci\u00f3n de autoridades para los pr\u00f3ximos dos a\u00f1os. La nueva conformaci\u00f3n [&hellip;]<\/p>\n","protected":false},"author":4,"featured_media":148711,"comment_status":"closed","ping_status":"closed","sticky":false,"template":"","format":"standard","meta":{"om_disable_all_campaigns":false,"_jetpack_memberships_contains_paid_content":false,"footnotes":""},"categories":[50,101,2],"tags":[9172,5525,9171,9169,9170,7286,19],"class_list":["post-148710","post","type-post","status-publish","format-standard","has-post-thumbnail","hentry","category-destacadas","category-interes-general-locales","category-locales","tag-comision-directiva-lds","tag-futbol-local-2","tag-laura-monfasani","tag-liga-deportiva-sampedrina","tag-pablo-vigne","tag-renovacion-de-autoridades","tag-san-pedro"],"aioseo_notices":[],"gutentor_comment":0,"jetpack_featured_media_url":"https:\/\/eldiariodesanpedro.com.ar\/sitio\/wp-content\/uploads\/2026\/03\/Gemini_Generated_Image_guvbj6guvbj6guvb.jpg","jetpack_shortlink":"https:\/\/wp.me\/p6RhLt-CGy","jetpack_sharing_enabled":true,"_links":{"self":[{"href":"https:\/\/eldiariodesanpedro.com.ar\/sitio\/wp-json\/wp\/v2\/posts\/148710","targetHints":{"allow":["GET"]}}],"collection":[{"href":"https:\/\/eldiariodesanpedro.com.ar\/sitio\/wp-json\/wp\/v2\/posts"}],"about":[{"href":"https:\/\/eldiariodesanpedro.com.ar\/sitio\/wp-json\/wp\/v2\/types\/post"}],"author":[{"embeddable":true,"href":"https:\/\/eldiariodesanpedro.com.ar\/sitio\/wp-json\/wp\/v2\/users\/4"}],"replies":[{"embeddable":true,"href":"https:\/\/eldiariodesanpedro.com.ar\/sitio\/wp-json\/wp\/v2\/comments?post=148710"}],"version-history":[{"count":1,"href":"https:\/\/eldiariodesanpedro.com.ar\/sitio\/wp-json\/wp\/v2\/posts\/148710\/revisions"}],"predecessor-version":[{"id":148712,"href":"https:\/\/eldiariodesanpedro.com.ar\/sitio\/wp-json\/wp\/v2\/posts\/148710\/revisions\/148712"}],"wp:featuredmedia":[{"embeddable":true,"href":"https:\/\/eldiariodesanpedro.com.ar\/sitio\/wp-json\/wp\/v2\/media\/148711"}],"wp:attachment":[{"href":"https:\/\/eldiariodesanpedro.com.ar\/sitio\/wp-json\/wp\/v2\/media?parent=148710"}],"wp:term":[{"taxonomy":"category","embeddable":true,"href":"https:\/\/eldiariodesanpedro.com.ar\/sitio\/wp-json\/wp\/v2\/categories?post=148710"},{"taxonomy":"post_tag","embeddable":true,"href":"https:\/\/eldiariodesanpedro.com.ar\/sitio\/wp-json\/wp\/v2\/tags?post=148710"}],"curies":[{"name":"wp","href":"https:\/\/api.w.org\/{rel}","templated":true}]}}