{"id":148706,"date":"2026-03-11T17:50:26","date_gmt":"2026-03-11T20:50:26","guid":{"rendered":"https:\/\/eldiariodesanpedro.com.ar\/sitio\/?p=148706"},"modified":"2026-03-11T17:50:30","modified_gmt":"2026-03-11T20:50:30","slug":"detienen-a-un-joven-de-19-anos-tras-cometer-tres-robos-en-una-misma-madrugada","status":"publish","type":"post","link":"https:\/\/eldiariodesanpedro.com.ar\/sitio\/detienen-a-un-joven-de-19-anos-tras-cometer-tres-robos-en-una-misma-madrugada\/","title":{"rendered":"Detienen a un joven de 19 a\u00f1os tras cometer tres robos en una misma madrugada"},"content":{"rendered":"<!-- VideographyWP Plugin Message: Automatic video embedding prevented by plugin options. -->\n\n<p><strong>Un delincuente con antecedentes fue aprehendido en la calle Alvarado tras asaltar tres viviendas; result\u00f3 herido durante un forcejeo con una de sus v\u00edctimas.<\/strong><\/p>\n\n\n\n<p>Efectivos de la Comisar\u00eda local aprehendieron durante la madrugada de hoy a un <strong>joven de 19 a\u00f1os<\/strong> en la intersecci\u00f3n de la <strong>calle Alvarado, entre Combate de Obligado y La Laguna<\/strong>. El sospechoso, quien posee <strong>amplios antecedentes penales<\/strong>, fue interceptado mientras transportaba diversos objetos robados y un <strong>arma blanca<\/strong> utilizada para amedrentar a los residentes de la zona.<\/p>\n\n\n\n<p>Seg\u00fan la reconstrucci\u00f3n policial, el implicado ingres\u00f3 de manera consecutiva en <strong>tres domicilios cercanos<\/strong>. En una de las propiedades, el asaltante mantuvo un <strong>enfrentamiento f\u00edsico con un residente<\/strong>. Si bien el damnificado result\u00f3 ileso, el delincuente sufri\u00f3 una <strong>herida punzante en la zona media de la espalda<\/strong> durante el forcejeo.<\/p>\n\n\n\n<p>Al momento de la captura, el personal policial constat\u00f3 la lesi\u00f3n y dispuso el <strong>traslado inmediato del aprehendido al hospital local<\/strong>. El joven permanece actualmente <strong>internado en observaci\u00f3n bajo custodia policial<\/strong>.<\/p>\n\n\n\n<p>La <strong>Unidad Funcional de Instrucci\u00f3n N\u00b0 11<\/strong> intervino en el caso, disponiendo la notificaci\u00f3n de la causa bajo la car\u00e1tula de <strong>robo agravado<\/strong>. Los elementos sustra\u00eddos fueron secuestrados para su posterior reconocimiento y devoluci\u00f3n a las v\u00edctimas.<\/p>\n\n\n\n<p>#Policiales #Inseguridad #Detenci\u00f3n #Justicia #RoboAgravado<\/p>\n\n\n<div class=\"wp-block-image\">\n<figure class=\"aligncenter size-full\"><img decoding=\"async\" width=\"433\" height=\"433\" data-attachment-id=\"148708\" data-permalink=\"https:\/\/eldiariodesanpedro.com.ar\/sitio\/detienen-a-un-joven-de-19-anos-tras-cometer-tres-robos-en-una-misma-madrugada\/2-197\/\" data-orig-file=\"https:\/\/eldiariodesanpedro.com.ar\/sitio\/wp-content\/uploads\/2026\/03\/2-1.jpg\" data-orig-size=\"433,433\" data-comments-opened=\"0\" data-image-meta=\"{&quot;aperture&quot;:&quot;0&quot;,&quot;credit&quot;:&quot;&quot;,&quot;camera&quot;:&quot;&quot;,&quot;caption&quot;:&quot;&quot;,&quot;created_timestamp&quot;:&quot;0&quot;,&quot;copyright&quot;:&quot;&quot;,&quot;focal_length&quot;:&quot;0&quot;,&quot;iso&quot;:&quot;0&quot;,&quot;shutter_speed&quot;:&quot;0&quot;,&quot;title&quot;:&quot;&quot;,&quot;orientation&quot;:&quot;0&quot;}\" data-image-title=\"2\" data-image-description=\"\" data-image-caption=\"\" data-large-file=\"https:\/\/eldiariodesanpedro.com.ar\/sitio\/wp-content\/uploads\/2026\/03\/2-1.jpg\" data-src=\"https:\/\/eldiariodesanpedro.com.ar\/sitio\/wp-content\/uploads\/2026\/03\/2-1.jpg\" alt=\"\" class=\"wp-image-148708 lazyload\" data-srcset=\"https:\/\/eldiariodesanpedro.com.ar\/sitio\/wp-content\/uploads\/2026\/03\/2-1.jpg 433w, https:\/\/eldiariodesanpedro.com.ar\/sitio\/wp-content\/uploads\/2026\/03\/2-1-300x300.jpg 300w, https:\/\/eldiariodesanpedro.com.ar\/sitio\/wp-content\/uploads\/2026\/03\/2-1-150x150.jpg 150w\" data-sizes=\"(max-width: 433px) 100vw, 433px\" src=\"data:image\/svg+xml;base64,PHN2ZyB3aWR0aD0iMSIgaGVpZ2h0PSIxIiB4bWxucz0iaHR0cDovL3d3dy53My5vcmcvMjAwMC9zdmciPjwvc3ZnPg==\" style=\"--smush-placeholder-width: 433px; --smush-placeholder-aspect-ratio: 433\/433;\" \/><\/figure>\n<\/div>","protected":false},"excerpt":{"rendered":"<p>Un delincuente con antecedentes fue aprehendido en la calle Alvarado tras asaltar tres viviendas; result\u00f3 herido durante un forcejeo con una de sus v\u00edctimas. Efectivos de la Comisar\u00eda local aprehendieron durante la madrugada de hoy a un joven de 19 a\u00f1os en la intersecci\u00f3n de la calle Alvarado, entre Combate de Obligado y La Laguna. [&hellip;]<\/p>\n","protected":false},"author":4,"featured_media":148707,"comment_status":"closed","ping_status":"closed","sticky":false,"template":"","format":"standard","meta":{"om_disable_all_campaigns":false,"_jetpack_memberships_contains_paid_content":false,"footnotes":""},"categories":[2,103],"tags":[5566,9165,9167,9166,5676,9168],"class_list":["post-148706","post","type-post","status-publish","format-standard","has-post-thumbnail","hentry","category-locales","category-policiales-locales","tag-aprehension-policial","tag-detenido-en-alvarado","tag-inseguridad-madrugada","tag-joven-con-antecedentes","tag-robo-agravado","tag-robos-en-viviendas"],"aioseo_notices":[],"gutentor_comment":0,"jetpack_featured_media_url":"https:\/\/eldiariodesanpedro.com.ar\/sitio\/wp-content\/uploads\/2026\/03\/Gemini_Generated_Image_g7s0vog7s0vog7s0.jpg","jetpack_shortlink":"https:\/\/wp.me\/p6RhLt-CGu","jetpack_sharing_enabled":true,"_links":{"self":[{"href":"https:\/\/eldiariodesanpedro.com.ar\/sitio\/wp-json\/wp\/v2\/posts\/148706","targetHints":{"allow":["GET"]}}],"collection":[{"href":"https:\/\/eldiariodesanpedro.com.ar\/sitio\/wp-json\/wp\/v2\/posts"}],"about":[{"href":"https:\/\/eldiariodesanpedro.com.ar\/sitio\/wp-json\/wp\/v2\/types\/post"}],"author":[{"embeddable":true,"href":"https:\/\/eldiariodesanpedro.com.ar\/sitio\/wp-json\/wp\/v2\/users\/4"}],"replies":[{"embeddable":true,"href":"https:\/\/eldiariodesanpedro.com.ar\/sitio\/wp-json\/wp\/v2\/comments?post=148706"}],"version-history":[{"count":1,"href":"https:\/\/eldiariodesanpedro.com.ar\/sitio\/wp-json\/wp\/v2\/posts\/148706\/revisions"}],"predecessor-version":[{"id":148709,"href":"https:\/\/eldiariodesanpedro.com.ar\/sitio\/wp-json\/wp\/v2\/posts\/148706\/revisions\/148709"}],"wp:featuredmedia":[{"embeddable":true,"href":"https:\/\/eldiariodesanpedro.com.ar\/sitio\/wp-json\/wp\/v2\/media\/148707"}],"wp:attachment":[{"href":"https:\/\/eldiariodesanpedro.com.ar\/sitio\/wp-json\/wp\/v2\/media?parent=148706"}],"wp:term":[{"taxonomy":"category","embeddable":true,"href":"https:\/\/eldiariodesanpedro.com.ar\/sitio\/wp-json\/wp\/v2\/categories?post=148706"},{"taxonomy":"post_tag","embeddable":true,"href":"https:\/\/eldiariodesanpedro.com.ar\/sitio\/wp-json\/wp\/v2\/tags?post=148706"}],"curies":[{"name":"wp","href":"https:\/\/api.w.org\/{rel}","templated":true}]}}