{"id":148703,"date":"2026-03-11T17:36:32","date_gmt":"2026-03-11T20:36:32","guid":{"rendered":"https:\/\/eldiariodesanpedro.com.ar\/sitio\/?p=148703"},"modified":"2026-03-11T17:36:36","modified_gmt":"2026-03-11T20:36:36","slug":"un-joven-de-19-anos-aprehendido-tras-una-agresion-y-persecucion-por-los-techos","status":"publish","type":"post","link":"https:\/\/eldiariodesanpedro.com.ar\/sitio\/un-joven-de-19-anos-aprehendido-tras-una-agresion-y-persecucion-por-los-techos\/","title":{"rendered":"Un joven de 19 a\u00f1os aprehendido tras una agresi\u00f3n y persecuci\u00f3n por los techos"},"content":{"rendered":"<!-- VideographyWP Plugin Message: Automatic video embedding prevented by plugin options. -->\n\n<p><strong>Un operativo policial en Boulevard Moreno y Bottaro deriv\u00f3 en la captura de un hombre imputado por lesiones y resistencia a la autoridad tras una denuncia de violencia.<\/strong><\/p>\n\n\n\n<p>Efectivos de la Comisar\u00eda local se desplazaron durante la madrugada hacia la intersecci\u00f3n de <strong>Boulevard Moreno y calle Bottaro<\/strong> tras recibir alertas sobre personas circulando por los techos. Al arribar, los uniformados asistieron a una <strong>mujer de 33 a\u00f1os<\/strong> que presentaba una <strong>herida sangrante en el cuero cabelludo<\/strong>, quien se\u00f1al\u00f3 a su pareja como el autor de la agresi\u00f3n f\u00edsica.<\/p>\n\n\n\n<p>El sospechoso, un <strong>joven de 19 a\u00f1os<\/strong>, intent\u00f3 evadir a las fuerzas de seguridad trepando por las viviendas lindantes e ingresando al patio de una propiedad deshabitada. Tras una breve persecuci\u00f3n, la polic\u00eda logr\u00f3 <strong>reducir y aprehender al individuo<\/strong>, quien opuso resistencia activa al arresto.<\/p>\n\n\n\n<p>En cuanto a la v\u00edctima, fue trasladada por una ambulancia del <strong>SAME 107<\/strong> al hospital local. Sin embargo, al llegar al centro de salud, la mujer mantuvo una <strong>actitud hostil y se retir\u00f3 del lugar<\/strong> por sus propios medios antes de recibir asistencia m\u00e9dica, desconoci\u00e9ndose su paradero actual. El aprehendido permanece alojado en la dependencia policial a disposici\u00f3n de la <strong>UFI N\u00b0 11<\/strong>, bajo directivas para garantizar la integridad de la mujer involucrada.<\/p>\n\n\n\n<p>#Policiales #Seguridad #Justicia #OperativoPolicial #SanPedro<\/p>\n","protected":false},"excerpt":{"rendered":"<p>Un operativo policial en Boulevard Moreno y Bottaro deriv\u00f3 en la captura de un hombre imputado por lesiones y resistencia a la autoridad tras una denuncia de violencia. Efectivos de la Comisar\u00eda local se desplazaron durante la madrugada hacia la intersecci\u00f3n de Boulevard Moreno y calle Bottaro tras recibir alertas sobre personas circulando por los [&hellip;]<\/p>\n","protected":false},"author":4,"featured_media":148704,"comment_status":"closed","ping_status":"closed","sticky":false,"template":"","format":"standard","meta":{"om_disable_all_campaigns":false,"_jetpack_memberships_contains_paid_content":false,"footnotes":""},"categories":[2,103],"tags":[9164,9163,5116,3952,5326],"class_list":["post-148703","post","type-post","status-publish","format-standard","has-post-thumbnail","hentry","category-locales","category-policiales-locales","tag-aprehension-en-boulevard-moreno","tag-operativo-policial-nocturno","tag-resistencia-a-la-autoridad","tag-ufi-11-2","tag-violencia-de-genero-san-pedro"],"aioseo_notices":[],"gutentor_comment":0,"jetpack_featured_media_url":"https:\/\/eldiariodesanpedro.com.ar\/sitio\/wp-content\/uploads\/2026\/03\/Gemini_Generated_Image_fg4p6jfg4p6jfg4p.jpg","jetpack_shortlink":"https:\/\/wp.me\/p6RhLt-CGr","jetpack_sharing_enabled":true,"_links":{"self":[{"href":"https:\/\/eldiariodesanpedro.com.ar\/sitio\/wp-json\/wp\/v2\/posts\/148703","targetHints":{"allow":["GET"]}}],"collection":[{"href":"https:\/\/eldiariodesanpedro.com.ar\/sitio\/wp-json\/wp\/v2\/posts"}],"about":[{"href":"https:\/\/eldiariodesanpedro.com.ar\/sitio\/wp-json\/wp\/v2\/types\/post"}],"author":[{"embeddable":true,"href":"https:\/\/eldiariodesanpedro.com.ar\/sitio\/wp-json\/wp\/v2\/users\/4"}],"replies":[{"embeddable":true,"href":"https:\/\/eldiariodesanpedro.com.ar\/sitio\/wp-json\/wp\/v2\/comments?post=148703"}],"version-history":[{"count":1,"href":"https:\/\/eldiariodesanpedro.com.ar\/sitio\/wp-json\/wp\/v2\/posts\/148703\/revisions"}],"predecessor-version":[{"id":148705,"href":"https:\/\/eldiariodesanpedro.com.ar\/sitio\/wp-json\/wp\/v2\/posts\/148703\/revisions\/148705"}],"wp:featuredmedia":[{"embeddable":true,"href":"https:\/\/eldiariodesanpedro.com.ar\/sitio\/wp-json\/wp\/v2\/media\/148704"}],"wp:attachment":[{"href":"https:\/\/eldiariodesanpedro.com.ar\/sitio\/wp-json\/wp\/v2\/media?parent=148703"}],"wp:term":[{"taxonomy":"category","embeddable":true,"href":"https:\/\/eldiariodesanpedro.com.ar\/sitio\/wp-json\/wp\/v2\/categories?post=148703"},{"taxonomy":"post_tag","embeddable":true,"href":"https:\/\/eldiariodesanpedro.com.ar\/sitio\/wp-json\/wp\/v2\/tags?post=148703"}],"curies":[{"name":"wp","href":"https:\/\/api.w.org\/{rel}","templated":true}]}}