{"id":148698,"date":"2026-03-11T17:20:52","date_gmt":"2026-03-11T20:20:52","guid":{"rendered":"https:\/\/eldiariodesanpedro.com.ar\/sitio\/?p=148698"},"modified":"2026-03-11T17:20:58","modified_gmt":"2026-03-11T20:20:58","slug":"un-hombre-de-23-anos-fue-aprehendido-tras-un-allanamiento-por-robo","status":"publish","type":"post","link":"https:\/\/eldiariodesanpedro.com.ar\/sitio\/un-hombre-de-23-anos-fue-aprehendido-tras-un-allanamiento-por-robo\/","title":{"rendered":"Un hombre de 23 a\u00f1os fue aprehendido tras un allanamiento por robo"},"content":{"rendered":"<!-- VideographyWP Plugin Message: Automatic video embedding prevented by plugin options. -->\n\n<p><strong>Personal del GTO identific\u00f3 al sospechoso mediante c\u00e1maras de seguridad y recuper\u00f3 mercader\u00eda sustra\u00edda durante un operativo en una vivienda de la calle Hermano Indio.<\/strong><\/p>\n\n\n\n<p>La polic\u00eda de San Pedro procedi\u00f3 ayer por la tarde a la <strong>aprehensi\u00f3n de un joven de 23 a\u00f1os<\/strong> en el marco de una investigaci\u00f3n por un hecho de <strong>robo<\/strong>. El operativo fue el resultado de una serie de tareas de campo que incluyeron el <strong>an\u00e1lisis de registros f\u00edlmicos<\/strong> del Centro de Monitoreo Urbano y la recolecci\u00f3n de testimonios claves para la causa.<\/p>\n\n\n\n<p>La investigaci\u00f3n penal se inici\u00f3 tras una denuncia radicada en la Comisar\u00eda local. Las diligencias permitieron establecer la identidad del presunto autor, lo que deriv\u00f3 en una <strong>orden de allanamiento<\/strong> para un domicilio ubicado en la calle <strong>Hermano Indio, entre Casella y Brennan<\/strong>.<\/p>\n\n\n\n<p>Durante la irrupci\u00f3n en la vivienda, efectivos de la Estaci\u00f3n de Polic\u00eda Comunal y el Grupo de Tareas Operativas (GTO) lograron el <strong>secuestro de cigarrillos y encendedores<\/strong>, elementos que coincid\u00edan con la descripci\u00f3n de la mercader\u00eda denunciada como robada.<\/p>\n\n\n\n<p>Ante el hallazgo de las pruebas, la <strong>Unidad Funcional de Instrucci\u00f3n N\u00b0 11<\/strong> dispuso la aprehensi\u00f3n del morador del inmueble. El imputado fue notificado del inicio de una causa por los delitos de <strong>robo y encubrimiento<\/strong>, y permanece alojado en la dependencia policial a la espera de ser indagado por el magistrado interviniente.<\/p>\n\n\n\n<p>#SanPedro #Policiales #Seguridad #Justicia #Allanamientos<\/p>\n\n\n\n<div class=\"wp-block-jetpack-slideshow aligncenter\" data-effect=\"slide\" style=\"--aspect-ratio:calc(525 \/ 570)\"><div class=\"wp-block-jetpack-slideshow_container swiper\"><ul class=\"wp-block-jetpack-slideshow_swiper-wrapper swiper-wrapper\"><li class=\"wp-block-jetpack-slideshow_slide swiper-slide\"><figure><img decoding=\"async\" width=\"525\" height=\"570\" alt=\"\" class=\"wp-block-jetpack-slideshow_image wp-image-148700 lazyload\" data-id=\"148700\" data-aspect-ratio=\"525 \/ 570\" data-src=\"https:\/\/eldiariodesanpedro.com.ar\/sitio\/wp-content\/uploads\/2026\/03\/image-1.jpg\" data-srcset=\"https:\/\/eldiariodesanpedro.com.ar\/sitio\/wp-content\/uploads\/2026\/03\/image-1.jpg 525w, https:\/\/eldiariodesanpedro.com.ar\/sitio\/wp-content\/uploads\/2026\/03\/image-1-276x300.jpg 276w\" data-sizes=\"(max-width: 525px) 100vw, 525px\" src=\"data:image\/svg+xml;base64,PHN2ZyB3aWR0aD0iMSIgaGVpZ2h0PSIxIiB4bWxucz0iaHR0cDovL3d3dy53My5vcmcvMjAwMC9zdmciPjwvc3ZnPg==\" style=\"--smush-placeholder-width: 525px; --smush-placeholder-aspect-ratio: 525\/570;\" \/><\/figure><\/li><li class=\"wp-block-jetpack-slideshow_slide swiper-slide\"><figure><img decoding=\"async\" width=\"845\" height=\"507\" alt=\"\" class=\"wp-block-jetpack-slideshow_image wp-image-148701 lazyload\" data-id=\"148701\" data-aspect-ratio=\"845 \/ 507\" data-src=\"https:\/\/eldiariodesanpedro.com.ar\/sitio\/wp-content\/uploads\/2026\/03\/image.jpg\" data-srcset=\"https:\/\/eldiariodesanpedro.com.ar\/sitio\/wp-content\/uploads\/2026\/03\/image.jpg 845w, https:\/\/eldiariodesanpedro.com.ar\/sitio\/wp-content\/uploads\/2026\/03\/image-300x180.jpg 300w, https:\/\/eldiariodesanpedro.com.ar\/sitio\/wp-content\/uploads\/2026\/03\/image-768x461.jpg 768w\" data-sizes=\"(max-width: 845px) 100vw, 845px\" src=\"data:image\/svg+xml;base64,PHN2ZyB3aWR0aD0iMSIgaGVpZ2h0PSIxIiB4bWxucz0iaHR0cDovL3d3dy53My5vcmcvMjAwMC9zdmciPjwvc3ZnPg==\" style=\"--smush-placeholder-width: 845px; --smush-placeholder-aspect-ratio: 845\/507;\" \/><\/figure><\/li><\/ul><a class=\"wp-block-jetpack-slideshow_button-prev swiper-button-prev swiper-button-white\" role=\"button\"><\/a><a class=\"wp-block-jetpack-slideshow_button-next swiper-button-next swiper-button-white\" role=\"button\"><\/a><a aria-label=\"Pause Slideshow\" class=\"wp-block-jetpack-slideshow_button-pause\" role=\"button\"><\/a><div class=\"wp-block-jetpack-slideshow_pagination swiper-pagination swiper-pagination-white\"><\/div><\/div><\/div>\n","protected":false},"excerpt":{"rendered":"<p>Personal del GTO identific\u00f3 al sospechoso mediante c\u00e1maras de seguridad y recuper\u00f3 mercader\u00eda sustra\u00edda durante un operativo en una vivienda de la calle Hermano Indio. La polic\u00eda de San Pedro procedi\u00f3 ayer por la tarde a la aprehensi\u00f3n de un joven de 23 a\u00f1os en el marco de una investigaci\u00f3n por un hecho de robo. [&hellip;]<\/p>\n","protected":false},"author":4,"featured_media":148699,"comment_status":"closed","ping_status":"closed","sticky":false,"template":"","format":"standard","meta":{"om_disable_all_campaigns":false,"_jetpack_memberships_contains_paid_content":false,"footnotes":""},"categories":[50,2,103],"tags":[9161,9162,5053,5047,5246,5682],"class_list":["post-148698","post","type-post","status-publish","format-standard","has-post-thumbnail","hentry","category-destacadas","category-locales","category-policiales-locales","tag-allanamiento-calle-hermano-indio","tag-aprehension-por-robo","tag-policia-san-pedro","tag-robo-en-san-pedro","tag-seguridad-san-pedro","tag-ufi-11-san-pedro"],"aioseo_notices":[],"gutentor_comment":0,"jetpack_featured_media_url":"https:\/\/eldiariodesanpedro.com.ar\/sitio\/wp-content\/uploads\/2026\/03\/Gemini_Generated_Image_ixh07rixh07rixh0.jpg","jetpack_shortlink":"https:\/\/wp.me\/p6RhLt-CGm","jetpack_sharing_enabled":true,"_links":{"self":[{"href":"https:\/\/eldiariodesanpedro.com.ar\/sitio\/wp-json\/wp\/v2\/posts\/148698","targetHints":{"allow":["GET"]}}],"collection":[{"href":"https:\/\/eldiariodesanpedro.com.ar\/sitio\/wp-json\/wp\/v2\/posts"}],"about":[{"href":"https:\/\/eldiariodesanpedro.com.ar\/sitio\/wp-json\/wp\/v2\/types\/post"}],"author":[{"embeddable":true,"href":"https:\/\/eldiariodesanpedro.com.ar\/sitio\/wp-json\/wp\/v2\/users\/4"}],"replies":[{"embeddable":true,"href":"https:\/\/eldiariodesanpedro.com.ar\/sitio\/wp-json\/wp\/v2\/comments?post=148698"}],"version-history":[{"count":1,"href":"https:\/\/eldiariodesanpedro.com.ar\/sitio\/wp-json\/wp\/v2\/posts\/148698\/revisions"}],"predecessor-version":[{"id":148702,"href":"https:\/\/eldiariodesanpedro.com.ar\/sitio\/wp-json\/wp\/v2\/posts\/148698\/revisions\/148702"}],"wp:featuredmedia":[{"embeddable":true,"href":"https:\/\/eldiariodesanpedro.com.ar\/sitio\/wp-json\/wp\/v2\/media\/148699"}],"wp:attachment":[{"href":"https:\/\/eldiariodesanpedro.com.ar\/sitio\/wp-json\/wp\/v2\/media?parent=148698"}],"wp:term":[{"taxonomy":"category","embeddable":true,"href":"https:\/\/eldiariodesanpedro.com.ar\/sitio\/wp-json\/wp\/v2\/categories?post=148698"},{"taxonomy":"post_tag","embeddable":true,"href":"https:\/\/eldiariodesanpedro.com.ar\/sitio\/wp-json\/wp\/v2\/tags?post=148698"}],"curies":[{"name":"wp","href":"https:\/\/api.w.org\/{rel}","templated":true}]}}