{"id":148695,"date":"2026-03-11T16:31:16","date_gmt":"2026-03-11T19:31:16","guid":{"rendered":"https:\/\/eldiariodesanpedro.com.ar\/sitio\/mercados-bonaerenses-vuelve-este-fin-de-semana-a-san-pedro-con-ofertas-y-descuentos\/"},"modified":"2026-03-11T17:09:49","modified_gmt":"2026-03-11T20:09:49","slug":"mercados-bonaerenses-vuelve-este-fin-de-semana-a-san-pedro-con-ofertas-y-descuentos","status":"publish","type":"post","link":"https:\/\/eldiariodesanpedro.com.ar\/sitio\/mercados-bonaerenses-vuelve-este-fin-de-semana-a-san-pedro-con-ofertas-y-descuentos\/","title":{"rendered":"Mercados Bonaerenses vuelve este fin de semana a San Pedro con ofertas y descuentos"},"content":{"rendered":"<p><!-- VideographyWP Plugin Message: Automatic video embedding prevented by plugin options. --><\/p>\n<p><strong>Mercados Bonaerenses<\/strong> retorna este fin de semana al partido de <strong>San Pedro<\/strong>, desplegando una agenda que involucra tanto a localidades rurales como a la ciudad cabecera. La propuesta, organizada por el Ministerio de Desarrollo Agrario junto al municipio, tiene como fin principal mejorar el acceso a productos alimenticios esenciales, ofreciendo <strong>precios competitivos y opciones de pago digitales con beneficios<\/strong>.<\/p>\n<p>El itinerario dar\u00e1 comienzo el viernes <strong>13 de marzo<\/strong> con el tradicional cami\u00f3n de pastas y l\u00e1cteos, que atender\u00e1 por la ma\u00f1ana en <strong>Gobernador Castro<\/strong> y <strong>R\u00edo Tala<\/strong> desde las 8:30. Por la tarde, la actividad se trasladar\u00e1 a <strong>Pueblo Doyle<\/strong>, <strong>Santa Luc\u00eda<\/strong> y finalizar\u00e1 en <strong>Vuelta de Obligado<\/strong>, permitiendo a los vecinos de cada zona acceder a productos frescos y a bajo costo.<\/p>\n<p>El d\u00eda <strong>s\u00e1bado 14 de marzo<\/strong>, la <strong>feria principal<\/strong> se instalar\u00e1 en la <strong>Plaza Constituci\u00f3n<\/strong> de San Pedro, sobre calle Yrigoyen. Desde las 8 de la ma\u00f1ana, los asistentes podr\u00e1n adquirir alimentos del cami\u00f3n de pescados y del de pastas y l\u00e1cteos, todos a valores accesibles.<\/p>\n<p>En ambas fechas, quienes utilicen la <strong>aplicaci\u00f3n Cuenta DNI del Banco Provincia<\/strong> para pagar sus compras recibir\u00e1n un <strong>reintegro del 40%<\/strong>, con un l\u00edmite de <strong>6.000 pesos semanales por persona<\/strong>. Este beneficio representa un aporte relevante para el presupuesto de las familias sampedrinas en un contexto de marcada preocupaci\u00f3n por la econom\u00eda dom\u00e9stica.<\/p>\n","protected":false},"excerpt":{"rendered":"<p>El programa llegar\u00e1 a distintas localidades con productos b\u00e1sicos, precios accesibles y un reintegro especial para quienes usen Cuenta DNI.<\/p>\n","protected":false},"author":4,"featured_media":148694,"comment_status":"closed","ping_status":"closed","sticky":false,"template":"","format":"standard","meta":{"om_disable_all_campaigns":false,"_jetpack_memberships_contains_paid_content":false,"footnotes":""},"categories":[50,101,2],"tags":[646,5069,1634,2381,3933,674],"class_list":["post-148695","post","type-post","status-publish","format-standard","has-post-thumbnail","hentry","category-destacadas","category-interes-general-locales","category-locales","tag-gobernador-castro","tag-mercados-bonaerenses","tag-pueblo-doyle","tag-rio-tala-2","tag-santa-lucia-2","tag-vuelta-de-obligado"],"aioseo_notices":[],"gutentor_comment":0,"jetpack_featured_media_url":"https:\/\/eldiariodesanpedro.com.ar\/sitio\/wp-content\/uploads\/2026\/03\/Mercados-.jpg","jetpack_shortlink":"https:\/\/wp.me\/p6RhLt-CGj","jetpack_sharing_enabled":true,"_links":{"self":[{"href":"https:\/\/eldiariodesanpedro.com.ar\/sitio\/wp-json\/wp\/v2\/posts\/148695","targetHints":{"allow":["GET"]}}],"collection":[{"href":"https:\/\/eldiariodesanpedro.com.ar\/sitio\/wp-json\/wp\/v2\/posts"}],"about":[{"href":"https:\/\/eldiariodesanpedro.com.ar\/sitio\/wp-json\/wp\/v2\/types\/post"}],"author":[{"embeddable":true,"href":"https:\/\/eldiariodesanpedro.com.ar\/sitio\/wp-json\/wp\/v2\/users\/4"}],"replies":[{"embeddable":true,"href":"https:\/\/eldiariodesanpedro.com.ar\/sitio\/wp-json\/wp\/v2\/comments?post=148695"}],"version-history":[{"count":1,"href":"https:\/\/eldiariodesanpedro.com.ar\/sitio\/wp-json\/wp\/v2\/posts\/148695\/revisions"}],"predecessor-version":[{"id":148697,"href":"https:\/\/eldiariodesanpedro.com.ar\/sitio\/wp-json\/wp\/v2\/posts\/148695\/revisions\/148697"}],"wp:featuredmedia":[{"embeddable":true,"href":"https:\/\/eldiariodesanpedro.com.ar\/sitio\/wp-json\/wp\/v2\/media\/148694"}],"wp:attachment":[{"href":"https:\/\/eldiariodesanpedro.com.ar\/sitio\/wp-json\/wp\/v2\/media?parent=148695"}],"wp:term":[{"taxonomy":"category","embeddable":true,"href":"https:\/\/eldiariodesanpedro.com.ar\/sitio\/wp-json\/wp\/v2\/categories?post=148695"},{"taxonomy":"post_tag","embeddable":true,"href":"https:\/\/eldiariodesanpedro.com.ar\/sitio\/wp-json\/wp\/v2\/tags?post=148695"}],"curies":[{"name":"wp","href":"https:\/\/api.w.org\/{rel}","templated":true}]}}