{"id":14869,"date":"2017-02-17T11:02:22","date_gmt":"2017-02-17T14:02:22","guid":{"rendered":"https:\/\/eldiariodesanpedro.com.ar\/sitio\/?p=14869"},"modified":"2017-02-17T11:02:22","modified_gmt":"2017-02-17T14:02:22","slug":"aprehenden-a-tres-delincuente-que-intentaban-robar-un-camion-sobre-la-ruta-9","status":"publish","type":"post","link":"https:\/\/eldiariodesanpedro.com.ar\/sitio\/aprehenden-a-tres-delincuente-que-intentaban-robar-un-camion-sobre-la-ruta-9\/","title":{"rendered":"Aprehenden a tres delincuente que intentaban robar un cami\u00f3n sobre la ruta 9"},"content":{"rendered":"<p><!-- VideographyWP Plugin Message: Automatic video embedding prevented by plugin options. --><br \/>\nEn la madrugada de hoy se llevo la aprehensi\u00f3n de tres delincuentes en un procedimiento montado sobre la Ruta 9, unos 4 km. antes del ingreso a Gdor. Castro, se concret\u00f3 cerca de la medianoche. Participaron del procedimiento personal de la jefatura distrital, comisar\u00eda y GAD.<\/p>\n<p>La empresa de seguridad Bayersegu, que tiene la custodia del cami\u00f3n que transportaba mercader\u00edas varias para empresa Walmart desde localidad Moreno Buenos Aires con destino provincia Santa Fe, y el chofer de cami\u00f3n en complicidad con empleado de la misma empresa sustraer\u00edan parte de esa mercader\u00eda realizando transbordo al estacionar en parada autorizada por sistema de vigilancia, zona de estaci\u00f3n de Servicio, se dio conocimiento a Fiscalia actuante, y tras r\u00e1pido proceder se dispuso amplio operativo cerrojo con personal esta Dependencia, Jefatura Distrital y Grupo GAD San Pedro.<\/p>\n<p>Al momento del arribo del cami\u00f3n a la playa de estacionamiento de la estaci\u00f3n de servicio referida, acompa\u00f1ado por autom\u00f3vil con dos ocupantes, se divisa que uno de ellos corre hacia el cami\u00f3n y se oculta dentro del mismo, luego  el cami\u00f3n emprende marcha por ruta 9 hacia rosario, seguido por mismo autom\u00f3vil, logr\u00e1ndose interceptar ambos rodados tras el operativo en ruta 9 km 175, carril Bs. As. Rosario, y luego de la requisa de habit\u00e1culo de cami\u00f3n se secuestra, mercader\u00eda envuelta  que deb\u00edan estar dentro de semi como pack de pa\u00f1ales, y elementos se limpieza e higiene, y dentro del semi permanec\u00eda oculto un sujeto con linternas de mano y una vincha, el cual ingreso por lateral de lona sin da\u00f1arla y sin romper precinto, procedi\u00e9ndose a la aprehensi\u00f3n de tres masculinos y ambos rodados,  tel\u00e9fonos celulares que llevaban consigo, linternas y de la mercader\u00eda oculta en habit\u00e1culo de cami\u00f3n sustra\u00edda de la carga. <\/p>\n<p>Se los aloj\u00f3 en la dependencia local, y fueron puesto a disposici\u00f3n de UFI N\u00ba 11 a cargo de la Dra. Viviana Ramos.<\/p>\n","protected":false},"excerpt":{"rendered":"<p>En la madrugada de hoy se llevo la aprehensi\u00f3n de tres delincuentes en un procedimiento montado sobre la Ruta 9, unos 4 km. antes del ingreso a Gdor. Castro, se concret\u00f3 cerca de la medianoche. Participaron del procedimiento personal de la jefatura distrital, comisar\u00eda y GAD. La empresa de seguridad Bayersegu, que tiene la custodia [&hellip;]<\/p>\n","protected":false},"author":4,"featured_media":14874,"comment_status":"open","ping_status":"closed","sticky":false,"template":"","format":"standard","meta":{"om_disable_all_campaigns":false,"_jetpack_memberships_contains_paid_content":false,"footnotes":""},"categories":[50,2,103],"tags":[],"class_list":["post-14869","post","type-post","status-publish","format-standard","has-post-thumbnail","hentry","category-destacadas","category-locales","category-policiales-locales"],"aioseo_notices":[],"gutentor_comment":0,"jetpack_featured_media_url":"https:\/\/eldiariodesanpedro.com.ar\/sitio\/wp-content\/uploads\/2017\/02\/tres-detenidos.jpg","jetpack_shortlink":"https:\/\/wp.me\/p6RhLt-3RP","jetpack_sharing_enabled":true,"_links":{"self":[{"href":"https:\/\/eldiariodesanpedro.com.ar\/sitio\/wp-json\/wp\/v2\/posts\/14869","targetHints":{"allow":["GET"]}}],"collection":[{"href":"https:\/\/eldiariodesanpedro.com.ar\/sitio\/wp-json\/wp\/v2\/posts"}],"about":[{"href":"https:\/\/eldiariodesanpedro.com.ar\/sitio\/wp-json\/wp\/v2\/types\/post"}],"author":[{"embeddable":true,"href":"https:\/\/eldiariodesanpedro.com.ar\/sitio\/wp-json\/wp\/v2\/users\/4"}],"replies":[{"embeddable":true,"href":"https:\/\/eldiariodesanpedro.com.ar\/sitio\/wp-json\/wp\/v2\/comments?post=14869"}],"version-history":[{"count":1,"href":"https:\/\/eldiariodesanpedro.com.ar\/sitio\/wp-json\/wp\/v2\/posts\/14869\/revisions"}],"predecessor-version":[{"id":14875,"href":"https:\/\/eldiariodesanpedro.com.ar\/sitio\/wp-json\/wp\/v2\/posts\/14869\/revisions\/14875"}],"wp:featuredmedia":[{"embeddable":true,"href":"https:\/\/eldiariodesanpedro.com.ar\/sitio\/wp-json\/wp\/v2\/media\/14874"}],"wp:attachment":[{"href":"https:\/\/eldiariodesanpedro.com.ar\/sitio\/wp-json\/wp\/v2\/media?parent=14869"}],"wp:term":[{"taxonomy":"category","embeddable":true,"href":"https:\/\/eldiariodesanpedro.com.ar\/sitio\/wp-json\/wp\/v2\/categories?post=14869"},{"taxonomy":"post_tag","embeddable":true,"href":"https:\/\/eldiariodesanpedro.com.ar\/sitio\/wp-json\/wp\/v2\/tags?post=14869"}],"curies":[{"name":"wp","href":"https:\/\/api.w.org\/{rel}","templated":true}]}}