{"id":148680,"date":"2026-03-11T15:55:00","date_gmt":"2026-03-11T18:55:00","guid":{"rendered":"https:\/\/eldiariodesanpedro.com.ar\/sitio\/?p=148680"},"modified":"2026-03-11T15:55:04","modified_gmt":"2026-03-11T18:55:04","slug":"el-intendente-salazar-superviso-el-avance-final-de-las-obras-en-el-hotel-azahar","status":"publish","type":"post","link":"https:\/\/eldiariodesanpedro.com.ar\/sitio\/el-intendente-salazar-superviso-el-avance-final-de-las-obras-en-el-hotel-azahar\/","title":{"rendered":"El intendente Salazar supervis\u00f3 el avance final de las obras en el Hotel Azahar"},"content":{"rendered":"<!-- VideographyWP Plugin Message: Automatic video embedding prevented by plugin options. -->\n\n<p><strong>El jefe comunal recorri\u00f3 el establecimiento junto al empresario V\u00edctor Fera y directivos para ultimar detalles de la inminente apertura del complejo tur\u00edstico.<\/strong><\/p>\n\n\n\n<p>El intendente de la ciudad, <strong>Cecilio Salazar<\/strong>, realiz\u00f3 una visita t\u00e9cnica a las instalaciones del <strong>Hotel Azahar<\/strong> con el objetivo de supervisar el tramo final de las obras. Durante la jornada, el mandatario estuvo acompa\u00f1ado por el impulsor del proyecto, <strong>V\u00edctor Fera<\/strong>, y el gerente general, <strong>Eric Gereritz<\/strong>, con quienes analiz\u00f3 el cronograma operativo previo a la inauguraci\u00f3n.<\/p>\n\n\n\n<p>Actualmente, el desarrollo se encuentra en el cierre de su <strong>primera fase<\/strong>, enfocada en la parquizaci\u00f3n, colocaci\u00f3n de c\u00e9sped y la puesta a punto de la <strong>piscina exterior<\/strong>. Estas tareas resultan determinantes para asegurar los est\u00e1ndares de calidad requeridos para la recepci\u00f3n de los primeros hu\u00e9spedes.<\/p>\n\n\n\n<p>En esta etapa inicial, el hotel contar\u00e1 con <strong>77 habitaciones habilitadas<\/strong> y una propuesta gastron\u00f3mica que incluye un bar y un restaurante con capacidad para <strong>104 cubiertos<\/strong>. Un aspecto relevante de este servicio es que funcionar\u00e1 de manera abierta, permitiendo el acceso tanto a turistas como a los residentes locales.<\/p>\n\n\n\n<p>En cuanto al impacto en el mercado de trabajo, la apertura generar\u00e1 <strong>53 puestos de empleo directo<\/strong>. El proyecto continuar\u00e1 su expansi\u00f3n durante el resto del a\u00f1o con la finalizaci\u00f3n del \u00e1rea de <strong>spa<\/strong> y la incorporaci\u00f3n de la totalidad de las plazas de alojamiento. Se prev\u00e9 que el complejo alcance su operatividad plena antes de que finalice el a\u00f1o, requiriendo una plantilla total de entre <strong>75 y 80 trabajadores<\/strong>.<\/p>\n\n\n\n<p>Salazar expres\u00f3 su satisfacci\u00f3n por la magnitud de la inversi\u00f3n y destac\u00f3 la importancia de fortalecer la <strong>oferta tur\u00edstica<\/strong> y la creaci\u00f3n de <strong>empleo genuino<\/strong>. Asimismo, el intendente reafirm\u00f3 el compromiso de la gesti\u00f3n municipal de respaldar las iniciativas del sector privado que promuevan el crecimiento productivo y de servicios en la regi\u00f3n.<\/p>\n\n\n\n<p>#Turismo #Inversion #Empleo #Infraestructura #DesarrolloLocal #Hoteleria<\/p>\n\n\n\n<div class=\"wp-block-jetpack-slideshow aligncenter\" data-effect=\"slide\" style=\"--aspect-ratio:calc(946 \/ 630)\"><div class=\"wp-block-jetpack-slideshow_container swiper\"><ul class=\"wp-block-jetpack-slideshow_swiper-wrapper swiper-wrapper\"><li class=\"wp-block-jetpack-slideshow_slide swiper-slide\"><figure><img decoding=\"async\" width=\"946\" height=\"630\" alt=\"\" class=\"wp-block-jetpack-slideshow_image wp-image-148687 lazyload\" data-id=\"148687\" data-aspect-ratio=\"946 \/ 630\" data-src=\"https:\/\/eldiariodesanpedro.com.ar\/sitio\/wp-content\/uploads\/2026\/03\/650952173_1348477870630947_4350664606106811552_n.jpg\" data-srcset=\"https:\/\/eldiariodesanpedro.com.ar\/sitio\/wp-content\/uploads\/2026\/03\/650952173_1348477870630947_4350664606106811552_n.jpg 946w, https:\/\/eldiariodesanpedro.com.ar\/sitio\/wp-content\/uploads\/2026\/03\/650952173_1348477870630947_4350664606106811552_n-300x200.jpg 300w, https:\/\/eldiariodesanpedro.com.ar\/sitio\/wp-content\/uploads\/2026\/03\/650952173_1348477870630947_4350664606106811552_n-768x511.jpg 768w\" data-sizes=\"(max-width: 946px) 100vw, 946px\" src=\"data:image\/svg+xml;base64,PHN2ZyB3aWR0aD0iMSIgaGVpZ2h0PSIxIiB4bWxucz0iaHR0cDovL3d3dy53My5vcmcvMjAwMC9zdmciPjwvc3ZnPg==\" style=\"--smush-placeholder-width: 946px; --smush-placeholder-aspect-ratio: 946\/630;\" \/><\/figure><\/li><li class=\"wp-block-jetpack-slideshow_slide swiper-slide\"><figure><img decoding=\"async\" width=\"946\" height=\"630\" alt=\"\" class=\"wp-block-jetpack-slideshow_image wp-image-148686 lazyload\" data-id=\"148686\" data-aspect-ratio=\"946 \/ 630\" data-src=\"https:\/\/eldiariodesanpedro.com.ar\/sitio\/wp-content\/uploads\/2026\/03\/650923462_1348477793964288_1102719611619055417_n.jpg\" data-srcset=\"https:\/\/eldiariodesanpedro.com.ar\/sitio\/wp-content\/uploads\/2026\/03\/650923462_1348477793964288_1102719611619055417_n.jpg 946w, https:\/\/eldiariodesanpedro.com.ar\/sitio\/wp-content\/uploads\/2026\/03\/650923462_1348477793964288_1102719611619055417_n-300x200.jpg 300w, https:\/\/eldiariodesanpedro.com.ar\/sitio\/wp-content\/uploads\/2026\/03\/650923462_1348477793964288_1102719611619055417_n-768x511.jpg 768w\" data-sizes=\"(max-width: 946px) 100vw, 946px\" src=\"data:image\/svg+xml;base64,PHN2ZyB3aWR0aD0iMSIgaGVpZ2h0PSIxIiB4bWxucz0iaHR0cDovL3d3dy53My5vcmcvMjAwMC9zdmciPjwvc3ZnPg==\" style=\"--smush-placeholder-width: 946px; --smush-placeholder-aspect-ratio: 946\/630;\" \/><\/figure><\/li><li class=\"wp-block-jetpack-slideshow_slide swiper-slide\"><figure><img decoding=\"async\" width=\"946\" height=\"630\" alt=\"\" class=\"wp-block-jetpack-slideshow_image wp-image-148685 lazyload\" data-id=\"148685\" data-aspect-ratio=\"946 \/ 630\" data-src=\"https:\/\/eldiariodesanpedro.com.ar\/sitio\/wp-content\/uploads\/2026\/03\/650912273_1348477717297629_1381073410544886594_n.jpg\" data-srcset=\"https:\/\/eldiariodesanpedro.com.ar\/sitio\/wp-content\/uploads\/2026\/03\/650912273_1348477717297629_1381073410544886594_n.jpg 946w, https:\/\/eldiariodesanpedro.com.ar\/sitio\/wp-content\/uploads\/2026\/03\/650912273_1348477717297629_1381073410544886594_n-300x200.jpg 300w, https:\/\/eldiariodesanpedro.com.ar\/sitio\/wp-content\/uploads\/2026\/03\/650912273_1348477717297629_1381073410544886594_n-768x511.jpg 768w\" data-sizes=\"(max-width: 946px) 100vw, 946px\" src=\"data:image\/svg+xml;base64,PHN2ZyB3aWR0aD0iMSIgaGVpZ2h0PSIxIiB4bWxucz0iaHR0cDovL3d3dy53My5vcmcvMjAwMC9zdmciPjwvc3ZnPg==\" style=\"--smush-placeholder-width: 946px; --smush-placeholder-aspect-ratio: 946\/630;\" \/><\/figure><\/li><li class=\"wp-block-jetpack-slideshow_slide swiper-slide\"><figure><img decoding=\"async\" width=\"946\" height=\"630\" alt=\"\" class=\"wp-block-jetpack-slideshow_image wp-image-148684 lazyload\" data-id=\"148684\" data-aspect-ratio=\"946 \/ 630\" data-src=\"https:\/\/eldiariodesanpedro.com.ar\/sitio\/wp-content\/uploads\/2026\/03\/650904281_1348478003964267_3921072111350972532_n.jpg\" data-srcset=\"https:\/\/eldiariodesanpedro.com.ar\/sitio\/wp-content\/uploads\/2026\/03\/650904281_1348478003964267_3921072111350972532_n.jpg 946w, https:\/\/eldiariodesanpedro.com.ar\/sitio\/wp-content\/uploads\/2026\/03\/650904281_1348478003964267_3921072111350972532_n-300x200.jpg 300w, https:\/\/eldiariodesanpedro.com.ar\/sitio\/wp-content\/uploads\/2026\/03\/650904281_1348478003964267_3921072111350972532_n-768x511.jpg 768w\" data-sizes=\"(max-width: 946px) 100vw, 946px\" src=\"data:image\/svg+xml;base64,PHN2ZyB3aWR0aD0iMSIgaGVpZ2h0PSIxIiB4bWxucz0iaHR0cDovL3d3dy53My5vcmcvMjAwMC9zdmciPjwvc3ZnPg==\" style=\"--smush-placeholder-width: 946px; --smush-placeholder-aspect-ratio: 946\/630;\" \/><\/figure><\/li><li class=\"wp-block-jetpack-slideshow_slide swiper-slide\"><figure><img decoding=\"async\" width=\"946\" height=\"630\" alt=\"\" class=\"wp-block-jetpack-slideshow_image wp-image-148683 lazyload\" data-id=\"148683\" data-aspect-ratio=\"946 \/ 630\" data-src=\"https:\/\/eldiariodesanpedro.com.ar\/sitio\/wp-content\/uploads\/2026\/03\/650853219_1348477957297605_9149093326145332767_n.jpg\" data-srcset=\"https:\/\/eldiariodesanpedro.com.ar\/sitio\/wp-content\/uploads\/2026\/03\/650853219_1348477957297605_9149093326145332767_n.jpg 946w, https:\/\/eldiariodesanpedro.com.ar\/sitio\/wp-content\/uploads\/2026\/03\/650853219_1348477957297605_9149093326145332767_n-300x200.jpg 300w, https:\/\/eldiariodesanpedro.com.ar\/sitio\/wp-content\/uploads\/2026\/03\/650853219_1348477957297605_9149093326145332767_n-768x511.jpg 768w\" data-sizes=\"(max-width: 946px) 100vw, 946px\" src=\"data:image\/svg+xml;base64,PHN2ZyB3aWR0aD0iMSIgaGVpZ2h0PSIxIiB4bWxucz0iaHR0cDovL3d3dy53My5vcmcvMjAwMC9zdmciPjwvc3ZnPg==\" style=\"--smush-placeholder-width: 946px; --smush-placeholder-aspect-ratio: 946\/630;\" \/><\/figure><\/li><li class=\"wp-block-jetpack-slideshow_slide swiper-slide\"><figure><img decoding=\"async\" width=\"946\" height=\"630\" alt=\"\" class=\"wp-block-jetpack-slideshow_image wp-image-148682 lazyload\" data-id=\"148682\" data-aspect-ratio=\"946 \/ 630\" data-src=\"https:\/\/eldiariodesanpedro.com.ar\/sitio\/wp-content\/uploads\/2026\/03\/649730758_1348477913964276_2211043932983966767_n.jpg\" data-srcset=\"https:\/\/eldiariodesanpedro.com.ar\/sitio\/wp-content\/uploads\/2026\/03\/649730758_1348477913964276_2211043932983966767_n.jpg 946w, https:\/\/eldiariodesanpedro.com.ar\/sitio\/wp-content\/uploads\/2026\/03\/649730758_1348477913964276_2211043932983966767_n-300x200.jpg 300w, https:\/\/eldiariodesanpedro.com.ar\/sitio\/wp-content\/uploads\/2026\/03\/649730758_1348477913964276_2211043932983966767_n-768x511.jpg 768w\" data-sizes=\"(max-width: 946px) 100vw, 946px\" src=\"data:image\/svg+xml;base64,PHN2ZyB3aWR0aD0iMSIgaGVpZ2h0PSIxIiB4bWxucz0iaHR0cDovL3d3dy53My5vcmcvMjAwMC9zdmciPjwvc3ZnPg==\" style=\"--smush-placeholder-width: 946px; --smush-placeholder-aspect-ratio: 946\/630;\" \/><\/figure><\/li><\/ul><a class=\"wp-block-jetpack-slideshow_button-prev swiper-button-prev swiper-button-white\" role=\"button\"><\/a><a class=\"wp-block-jetpack-slideshow_button-next swiper-button-next swiper-button-white\" role=\"button\"><\/a><a aria-label=\"Pause Slideshow\" class=\"wp-block-jetpack-slideshow_button-pause\" role=\"button\"><\/a><div class=\"wp-block-jetpack-slideshow_pagination swiper-pagination swiper-pagination-white\"><\/div><\/div><\/div>\n","protected":false},"excerpt":{"rendered":"<p>El jefe comunal recorri\u00f3 el establecimiento junto al empresario V\u00edctor Fera y directivos para ultimar detalles de la inminente apertura del complejo tur\u00edstico. El intendente de la ciudad, Cecilio Salazar, realiz\u00f3 una visita t\u00e9cnica a las instalaciones del Hotel Azahar con el objetivo de supervisar el tramo final de las obras. Durante la jornada, el [&hellip;]<\/p>\n","protected":false},"author":4,"featured_media":148681,"comment_status":"closed","ping_status":"closed","sticky":false,"template":"","format":"standard","meta":{"om_disable_all_campaigns":false,"_jetpack_memberships_contains_paid_content":false,"footnotes":""},"categories":[50,101,2],"tags":[1059,9156,9154,9158,9155,9159,9157],"class_list":["post-148680","post","type-post","status-publish","format-standard","has-post-thumbnail","hentry","category-destacadas","category-interes-general-locales","category-locales","tag-cecilio-salazar","tag-empleo","tag-hotel-azahar","tag-infraestructura-hotelera","tag-inversion-turistica","tag-turismo-local-2","tag-victor-fera"],"aioseo_notices":[],"gutentor_comment":0,"jetpack_featured_media_url":"https:\/\/eldiariodesanpedro.com.ar\/sitio\/wp-content\/uploads\/2026\/03\/649680383_1348478043964263_6693210779183040677_n.jpg","jetpack_shortlink":"https:\/\/wp.me\/p6RhLt-CG4","jetpack_sharing_enabled":true,"_links":{"self":[{"href":"https:\/\/eldiariodesanpedro.com.ar\/sitio\/wp-json\/wp\/v2\/posts\/148680","targetHints":{"allow":["GET"]}}],"collection":[{"href":"https:\/\/eldiariodesanpedro.com.ar\/sitio\/wp-json\/wp\/v2\/posts"}],"about":[{"href":"https:\/\/eldiariodesanpedro.com.ar\/sitio\/wp-json\/wp\/v2\/types\/post"}],"author":[{"embeddable":true,"href":"https:\/\/eldiariodesanpedro.com.ar\/sitio\/wp-json\/wp\/v2\/users\/4"}],"replies":[{"embeddable":true,"href":"https:\/\/eldiariodesanpedro.com.ar\/sitio\/wp-json\/wp\/v2\/comments?post=148680"}],"version-history":[{"count":1,"href":"https:\/\/eldiariodesanpedro.com.ar\/sitio\/wp-json\/wp\/v2\/posts\/148680\/revisions"}],"predecessor-version":[{"id":148688,"href":"https:\/\/eldiariodesanpedro.com.ar\/sitio\/wp-json\/wp\/v2\/posts\/148680\/revisions\/148688"}],"wp:featuredmedia":[{"embeddable":true,"href":"https:\/\/eldiariodesanpedro.com.ar\/sitio\/wp-json\/wp\/v2\/media\/148681"}],"wp:attachment":[{"href":"https:\/\/eldiariodesanpedro.com.ar\/sitio\/wp-json\/wp\/v2\/media?parent=148680"}],"wp:term":[{"taxonomy":"category","embeddable":true,"href":"https:\/\/eldiariodesanpedro.com.ar\/sitio\/wp-json\/wp\/v2\/categories?post=148680"},{"taxonomy":"post_tag","embeddable":true,"href":"https:\/\/eldiariodesanpedro.com.ar\/sitio\/wp-json\/wp\/v2\/tags?post=148680"}],"curies":[{"name":"wp","href":"https:\/\/api.w.org\/{rel}","templated":true}]}}