{"id":148677,"date":"2026-03-11T15:31:38","date_gmt":"2026-03-11T18:31:38","guid":{"rendered":"https:\/\/eldiariodesanpedro.com.ar\/sitio\/?p=148677"},"modified":"2026-03-11T15:31:42","modified_gmt":"2026-03-11T18:31:42","slug":"operativo-de-seguridad-secuestran-10-motocicletas-y-retiran-un-vehiculo-abandonado","status":"publish","type":"post","link":"https:\/\/eldiariodesanpedro.com.ar\/sitio\/operativo-de-seguridad-secuestran-10-motocicletas-y-retiran-un-vehiculo-abandonado\/","title":{"rendered":"Operativo de seguridad: secuestran 10 motocicletas y retiran un veh\u00edculo abandonado"},"content":{"rendered":"<!-- VideographyWP Plugin Message: Automatic video embedding prevented by plugin options. -->\n\n<p><strong>Efectivos de la Direcci\u00f3n de Tr\u00e1nsito y el Grupo de Apoyo Departamental (GAD) realizaron un control nocturno que result\u00f3 en la retenci\u00f3n de diez unidades.<\/strong><\/p>\n\n\n\n<p>Durante la noche de este martes, la <strong>Direcci\u00f3n de Tr\u00e1nsito<\/strong> de la <strong>Secretar\u00eda de Seguridad<\/strong>, en un trabajo conjunto con el <strong>Grupo de Apoyo Departamental (GAD)<\/strong>, llev\u00f3 a cabo un <strong>operativo de control vehicular<\/strong>. El despliegue tuvo como objetivo principal la verificaci\u00f3n de documentaci\u00f3n y el cumplimiento de las normas de seguridad vial vigentes en la v\u00eda p\u00fablica.<\/p>\n\n\n\n<p>Como resultado de las inspecciones, las autoridades procedieron a la <strong>retenci\u00f3n de 10 motocicletas<\/strong>. Seg\u00fan informaron fuentes oficiales, el secuestro de las unidades se debi\u00f3 a la <strong>falta de documentaci\u00f3n obligatoria<\/strong> para circular. Los rodados fueron trasladados al dep\u00f3sito correspondiente a disposici\u00f3n del Juzgado de Faltas.<\/p>\n\n\n\n<p>En el marco del mismo procedimiento, el personal de Tr\u00e1nsito detect\u00f3 y <strong>retir\u00f3 de la calle un veh\u00edculo<\/strong> que se encontraba en <strong>estado de abandono<\/strong>. Esta medida se encuadra en las tareas de ordenamiento urbano y prevenci\u00f3n de riesgos asociados a la permanencia prolongada de rodados inutilizados en el espacio p\u00fablico.<\/p>\n\n\n\n<p>Transito #SeguridadVial #Operativo #ControlVehicular #SeguridadPublica #Motos<\/p>\n","protected":false},"excerpt":{"rendered":"<p>Efectivos de la Direcci\u00f3n de Tr\u00e1nsito y el Grupo de Apoyo Departamental (GAD) realizaron un control nocturno que result\u00f3 en la retenci\u00f3n de diez unidades. Durante la noche de este martes, la Direcci\u00f3n de Tr\u00e1nsito de la Secretar\u00eda de Seguridad, en un trabajo conjunto con el Grupo de Apoyo Departamental (GAD), llev\u00f3 a cabo un [&hellip;]<\/p>\n","protected":false},"author":4,"featured_media":148678,"comment_status":"closed","ping_status":"closed","sticky":false,"template":"","format":"standard","meta":{"om_disable_all_campaigns":false,"_jetpack_memberships_contains_paid_content":false,"footnotes":""},"categories":[50,2,103],"tags":[4024,6197,9151,6196,9153,2761,9152],"class_list":["post-148677","post","type-post","status-publish","format-standard","has-post-thumbnail","hentry","category-destacadas","category-locales","category-policiales-locales","tag-control-vehicular","tag-gad","tag-motocicletas-retenidas","tag-operativo-de-transito","tag-secretaria-de-seguridad-2","tag-seguridad-vial","tag-vehiculos-abandonados"],"aioseo_notices":[],"gutentor_comment":0,"jetpack_featured_media_url":"https:\/\/eldiariodesanpedro.com.ar\/sitio\/wp-content\/uploads\/2026\/03\/medida-18.jpg","jetpack_shortlink":"https:\/\/wp.me\/p6RhLt-CG1","jetpack_sharing_enabled":true,"_links":{"self":[{"href":"https:\/\/eldiariodesanpedro.com.ar\/sitio\/wp-json\/wp\/v2\/posts\/148677","targetHints":{"allow":["GET"]}}],"collection":[{"href":"https:\/\/eldiariodesanpedro.com.ar\/sitio\/wp-json\/wp\/v2\/posts"}],"about":[{"href":"https:\/\/eldiariodesanpedro.com.ar\/sitio\/wp-json\/wp\/v2\/types\/post"}],"author":[{"embeddable":true,"href":"https:\/\/eldiariodesanpedro.com.ar\/sitio\/wp-json\/wp\/v2\/users\/4"}],"replies":[{"embeddable":true,"href":"https:\/\/eldiariodesanpedro.com.ar\/sitio\/wp-json\/wp\/v2\/comments?post=148677"}],"version-history":[{"count":1,"href":"https:\/\/eldiariodesanpedro.com.ar\/sitio\/wp-json\/wp\/v2\/posts\/148677\/revisions"}],"predecessor-version":[{"id":148679,"href":"https:\/\/eldiariodesanpedro.com.ar\/sitio\/wp-json\/wp\/v2\/posts\/148677\/revisions\/148679"}],"wp:featuredmedia":[{"embeddable":true,"href":"https:\/\/eldiariodesanpedro.com.ar\/sitio\/wp-json\/wp\/v2\/media\/148678"}],"wp:attachment":[{"href":"https:\/\/eldiariodesanpedro.com.ar\/sitio\/wp-json\/wp\/v2\/media?parent=148677"}],"wp:term":[{"taxonomy":"category","embeddable":true,"href":"https:\/\/eldiariodesanpedro.com.ar\/sitio\/wp-json\/wp\/v2\/categories?post=148677"},{"taxonomy":"post_tag","embeddable":true,"href":"https:\/\/eldiariodesanpedro.com.ar\/sitio\/wp-json\/wp\/v2\/tags?post=148677"}],"curies":[{"name":"wp","href":"https:\/\/api.w.org\/{rel}","templated":true}]}}