{"id":14867,"date":"2017-02-17T10:24:55","date_gmt":"2017-02-17T13:24:55","guid":{"rendered":"https:\/\/eldiariodesanpedro.com.ar\/sitio\/?p=14867"},"modified":"2017-02-17T10:24:55","modified_gmt":"2017-02-17T13:24:55","slug":"enfrentamiento-entre-vecinos-en-barrio-las-malvinas","status":"publish","type":"post","link":"https:\/\/eldiariodesanpedro.com.ar\/sitio\/enfrentamiento-entre-vecinos-en-barrio-las-malvinas\/","title":{"rendered":"Enfrentamiento entre vecinos en Barrio Las Malvinas"},"content":{"rendered":"<p><!-- VideographyWP Plugin Message: Automatic video embedding prevented by plugin options. --><br \/>\nAyer, en horas de la tarde, en comisar\u00eda, reciben un llamado al 101 donde advert\u00ecan sobre detonaciones de arma de fuego en Barrio Las Malvinas. Personal policial se dirige hasta el lugar Gral Pueyrred\u00f2n al 1400 aprox donde vecinos enfrentados se arrojaban piedras y alguno de ellos, dirigen tambi\u00e9n la agresi\u00f3n al personal uniformado al notar su presencia. Estos vecinos se dan a la fuga por distintas direcciones y en uno de los domicilios que se enfrentaban estos vecinos se logra aprender a 2 masculinos de 21 y 23 a\u00f1os, secuestrando al joven de 21 una carabina calibre 22 con numeraci\u00f2n adulterada y dos vainas servidas mismo calibre. En mismo momento se logr\u00f3 la aprehensi\u00f3n en calle Gral. Pueyrred\u00f3n y Soldado Almonacid de otro masculino de 19 a\u00f1os.<\/p>\n<p>Fueron trasladados a comisar\u00eda. Interviene UFI N\u00ba 7.<\/p>\n","protected":false},"excerpt":{"rendered":"<p>Ayer, en horas de la tarde, en comisar\u00eda, reciben un llamado al 101 donde advert\u00ecan sobre detonaciones de arma de fuego en Barrio Las Malvinas. Personal policial se dirige hasta el lugar Gral Pueyrred\u00f2n al 1400 aprox donde vecinos enfrentados se arrojaban piedras y alguno de ellos, dirigen tambi\u00e9n la agresi\u00f3n al personal uniformado al [&hellip;]<\/p>\n","protected":false},"author":4,"featured_media":13372,"comment_status":"open","ping_status":"closed","sticky":false,"template":"","format":"standard","meta":{"om_disable_all_campaigns":false,"_jetpack_memberships_contains_paid_content":false,"footnotes":""},"categories":[2,103],"tags":[],"class_list":["post-14867","post","type-post","status-publish","format-standard","has-post-thumbnail","hentry","category-locales","category-policiales-locales"],"aioseo_notices":[],"gutentor_comment":0,"jetpack_featured_media_url":"https:\/\/eldiariodesanpedro.com.ar\/sitio\/wp-content\/uploads\/2017\/01\/Patrulla-4-e1485286120389.jpg","jetpack_shortlink":"https:\/\/wp.me\/p6RhLt-3RN","jetpack_sharing_enabled":true,"_links":{"self":[{"href":"https:\/\/eldiariodesanpedro.com.ar\/sitio\/wp-json\/wp\/v2\/posts\/14867","targetHints":{"allow":["GET"]}}],"collection":[{"href":"https:\/\/eldiariodesanpedro.com.ar\/sitio\/wp-json\/wp\/v2\/posts"}],"about":[{"href":"https:\/\/eldiariodesanpedro.com.ar\/sitio\/wp-json\/wp\/v2\/types\/post"}],"author":[{"embeddable":true,"href":"https:\/\/eldiariodesanpedro.com.ar\/sitio\/wp-json\/wp\/v2\/users\/4"}],"replies":[{"embeddable":true,"href":"https:\/\/eldiariodesanpedro.com.ar\/sitio\/wp-json\/wp\/v2\/comments?post=14867"}],"version-history":[{"count":1,"href":"https:\/\/eldiariodesanpedro.com.ar\/sitio\/wp-json\/wp\/v2\/posts\/14867\/revisions"}],"predecessor-version":[{"id":14868,"href":"https:\/\/eldiariodesanpedro.com.ar\/sitio\/wp-json\/wp\/v2\/posts\/14867\/revisions\/14868"}],"wp:featuredmedia":[{"embeddable":true,"href":"https:\/\/eldiariodesanpedro.com.ar\/sitio\/wp-json\/wp\/v2\/media\/13372"}],"wp:attachment":[{"href":"https:\/\/eldiariodesanpedro.com.ar\/sitio\/wp-json\/wp\/v2\/media?parent=14867"}],"wp:term":[{"taxonomy":"category","embeddable":true,"href":"https:\/\/eldiariodesanpedro.com.ar\/sitio\/wp-json\/wp\/v2\/categories?post=14867"},{"taxonomy":"post_tag","embeddable":true,"href":"https:\/\/eldiariodesanpedro.com.ar\/sitio\/wp-json\/wp\/v2\/tags?post=14867"}],"curies":[{"name":"wp","href":"https:\/\/api.w.org\/{rel}","templated":true}]}}