{"id":148667,"date":"2026-03-11T14:37:21","date_gmt":"2026-03-11T17:37:21","guid":{"rendered":"https:\/\/eldiariodesanpedro.com.ar\/sitio\/?p=148667"},"modified":"2026-03-11T14:37:25","modified_gmt":"2026-03-11T17:37:25","slug":"fallecimiento-de-lourdes-julieta-hernandez-a-los-37-anos","status":"publish","type":"post","link":"https:\/\/eldiariodesanpedro.com.ar\/sitio\/fallecimiento-de-lourdes-julieta-hernandez-a-los-37-anos\/","title":{"rendered":"Fallecimiento de Lourdes Julieta Hern\u00e1ndez a los 37 a\u00f1os"},"content":{"rendered":"<!-- VideographyWP Plugin Message: Automatic video embedding prevented by plugin options. -->\n\n<p><strong>Informan el deceso de Lourdes Julieta Hern\u00e1ndez a los 37 a\u00f1os de edad. El servicio f\u00fanebre se desarrolla en las instalaciones de Coopser hasta la ma\u00f1ana del jueves.<\/strong><\/p>\n\n\n\n<p>La entidad de servicios sociales <strong>Coopser<\/strong> comunic\u00f3 el fallecimiento de la vecina <strong>Lourdes Julieta Hern\u00e1ndez<\/strong>, quien contaba con <strong>37 a\u00f1os<\/strong> al momento de su partida.<\/p>\n\n\n\n<p>Sus restos est\u00e1n siendo velados en la <strong>Sala N\u00b0 2<\/strong>, ubicada en el edificio de <strong>3 de Febrero 1475<\/strong>. De acuerdo con la informaci\u00f3n brindada por la prestataria, el servicio se mantendr\u00e1 hasta las <strong>10:00 horas del jueves 12 de marzo de 2026<\/strong>.<\/p>\n\n\n\n<p>Necrologicas #Coopser #ServiciosSociales #Informacion<\/p>\n","protected":false},"excerpt":{"rendered":"<p>Informan el deceso de Lourdes Julieta Hern\u00e1ndez a los 37 a\u00f1os de edad. El servicio f\u00fanebre se desarrolla en las instalaciones de Coopser hasta la ma\u00f1ana del jueves. La entidad de servicios sociales Coopser comunic\u00f3 el fallecimiento de la vecina Lourdes Julieta Hern\u00e1ndez, quien contaba con 37 a\u00f1os al momento de su partida. Sus restos [&hellip;]<\/p>\n","protected":false},"author":4,"featured_media":113757,"comment_status":"closed","ping_status":"closed","sticky":false,"template":"","format":"standard","meta":{"om_disable_all_campaigns":false,"_jetpack_memberships_contains_paid_content":false,"footnotes":""},"categories":[8424],"tags":[9146,5113,1707,9145,8428,9147],"class_list":["post-148667","post","type-post","status-publish","format-standard","has-post-thumbnail","hentry","category-necrologicas","tag-37-anos","tag-coopser-servicios-sociales","tag-fallecimientos","tag-lourdes-julieta-hernandez","tag-necrologicas","tag-sala-velatoria-5"],"aioseo_notices":[],"gutentor_comment":0,"jetpack_featured_media_url":"https:\/\/eldiariodesanpedro.com.ar\/sitio\/wp-content\/uploads\/2023\/01\/necrologicas.jpg","jetpack_shortlink":"https:\/\/wp.me\/p6RhLt-CFR","jetpack_sharing_enabled":true,"_links":{"self":[{"href":"https:\/\/eldiariodesanpedro.com.ar\/sitio\/wp-json\/wp\/v2\/posts\/148667","targetHints":{"allow":["GET"]}}],"collection":[{"href":"https:\/\/eldiariodesanpedro.com.ar\/sitio\/wp-json\/wp\/v2\/posts"}],"about":[{"href":"https:\/\/eldiariodesanpedro.com.ar\/sitio\/wp-json\/wp\/v2\/types\/post"}],"author":[{"embeddable":true,"href":"https:\/\/eldiariodesanpedro.com.ar\/sitio\/wp-json\/wp\/v2\/users\/4"}],"replies":[{"embeddable":true,"href":"https:\/\/eldiariodesanpedro.com.ar\/sitio\/wp-json\/wp\/v2\/comments?post=148667"}],"version-history":[{"count":1,"href":"https:\/\/eldiariodesanpedro.com.ar\/sitio\/wp-json\/wp\/v2\/posts\/148667\/revisions"}],"predecessor-version":[{"id":148668,"href":"https:\/\/eldiariodesanpedro.com.ar\/sitio\/wp-json\/wp\/v2\/posts\/148667\/revisions\/148668"}],"wp:featuredmedia":[{"embeddable":true,"href":"https:\/\/eldiariodesanpedro.com.ar\/sitio\/wp-json\/wp\/v2\/media\/113757"}],"wp:attachment":[{"href":"https:\/\/eldiariodesanpedro.com.ar\/sitio\/wp-json\/wp\/v2\/media?parent=148667"}],"wp:term":[{"taxonomy":"category","embeddable":true,"href":"https:\/\/eldiariodesanpedro.com.ar\/sitio\/wp-json\/wp\/v2\/categories?post=148667"},{"taxonomy":"post_tag","embeddable":true,"href":"https:\/\/eldiariodesanpedro.com.ar\/sitio\/wp-json\/wp\/v2\/tags?post=148667"}],"curies":[{"name":"wp","href":"https:\/\/api.w.org\/{rel}","templated":true}]}}