{"id":148656,"date":"2026-03-09T19:57:34","date_gmt":"2026-03-09T22:57:34","guid":{"rendered":"https:\/\/eldiariodesanpedro.com.ar\/sitio\/?p=148656"},"modified":"2026-03-09T19:57:38","modified_gmt":"2026-03-09T22:57:38","slug":"edicto-de-sucesion-de-garcia-hilda-susana","status":"publish","type":"post","link":"https:\/\/eldiariodesanpedro.com.ar\/sitio\/edicto-de-sucesion-de-garcia-hilda-susana\/","title":{"rendered":"Edicto de Sucesi\u00f3n de Garcia Hilda Susana"},"content":{"rendered":"<!-- VideographyWP Plugin Message: Automatic video embedding prevented by plugin options. -->\n\n<p>El Juzgado de Paz Letrado de Baradero, cita y emplaza por treinta (30) d\u00edas a herederos y acreedores de <strong>Garcia Hilda Susana<\/strong>.-&nbsp; Baradero, 09 de marzo 2026.-<\/p>\n\n\n\n<p>ESTEBAN OMAR PERUSINA<br>ABOGADO SECRETARIO<\/p>\n\n\n\n<p>(Publicaci\u00f3n v\u00e1lida para los d\u00edas 09, 10 y 11 de marzo de 2026)<br><a href=\"https:\/\/notificaciones.scba.gov.ar\/interfazbootstrap\/textonotificacion.aspx?CodNotif=8HP000P1\">https:\/\/notificaciones.scba.gov.ar\/interfazbootstrap\/textonotificacion.aspx?CodNotif=8HP000P1<\/a><\/p>\n\n\n\n<p>Todos los edictos los podes publicados los puedes ver en: <a href=\"https:\/\/eldiariodesanpedro.com.ar\/sitio\/category\/edictos\/\">https:\/\/eldiariodesanpedro.com.ar\/sitio\/category\/edictos<\/a>\/<\/p>\n","protected":false},"excerpt":{"rendered":"<p>El Juzgado de Paz Letrado de Baradero, cita y emplaza por treinta (30) d\u00edas a herederos y acreedores de Garcia Hilda Susana.-&nbsp; Baradero, 09 de marzo 2026.- ESTEBAN OMAR PERUSINAABOGADO SECRETARIO (Publicaci\u00f3n v\u00e1lida para los d\u00edas 09, 10 y 11 de marzo de 2026)https:\/\/notificaciones.scba.gov.ar\/interfazbootstrap\/textonotificacion.aspx?CodNotif=8HP000P1 Todos los edictos los podes publicados los puedes ver en: https:\/\/eldiariodesanpedro.com.ar\/sitio\/category\/edictos\/<\/p>\n","protected":false},"author":4,"featured_media":102746,"comment_status":"closed","ping_status":"closed","sticky":false,"template":"","format":"standard","meta":{"om_disable_all_campaigns":false,"_jetpack_memberships_contains_paid_content":false,"footnotes":""},"categories":[676,677],"tags":[9142],"class_list":["post-148656","post","type-post","status-publish","format-standard","has-post-thumbnail","hentry","category-edictos","category-edictos-sucesorios","tag-garcia-hilda-susana"],"aioseo_notices":[],"gutentor_comment":0,"jetpack_featured_media_url":"https:\/\/eldiariodesanpedro.com.ar\/sitio\/wp-content\/uploads\/2022\/01\/EDICTO.jpg","jetpack_shortlink":"https:\/\/wp.me\/p6RhLt-CFG","jetpack_sharing_enabled":true,"_links":{"self":[{"href":"https:\/\/eldiariodesanpedro.com.ar\/sitio\/wp-json\/wp\/v2\/posts\/148656","targetHints":{"allow":["GET"]}}],"collection":[{"href":"https:\/\/eldiariodesanpedro.com.ar\/sitio\/wp-json\/wp\/v2\/posts"}],"about":[{"href":"https:\/\/eldiariodesanpedro.com.ar\/sitio\/wp-json\/wp\/v2\/types\/post"}],"author":[{"embeddable":true,"href":"https:\/\/eldiariodesanpedro.com.ar\/sitio\/wp-json\/wp\/v2\/users\/4"}],"replies":[{"embeddable":true,"href":"https:\/\/eldiariodesanpedro.com.ar\/sitio\/wp-json\/wp\/v2\/comments?post=148656"}],"version-history":[{"count":1,"href":"https:\/\/eldiariodesanpedro.com.ar\/sitio\/wp-json\/wp\/v2\/posts\/148656\/revisions"}],"predecessor-version":[{"id":148657,"href":"https:\/\/eldiariodesanpedro.com.ar\/sitio\/wp-json\/wp\/v2\/posts\/148656\/revisions\/148657"}],"wp:featuredmedia":[{"embeddable":true,"href":"https:\/\/eldiariodesanpedro.com.ar\/sitio\/wp-json\/wp\/v2\/media\/102746"}],"wp:attachment":[{"href":"https:\/\/eldiariodesanpedro.com.ar\/sitio\/wp-json\/wp\/v2\/media?parent=148656"}],"wp:term":[{"taxonomy":"category","embeddable":true,"href":"https:\/\/eldiariodesanpedro.com.ar\/sitio\/wp-json\/wp\/v2\/categories?post=148656"},{"taxonomy":"post_tag","embeddable":true,"href":"https:\/\/eldiariodesanpedro.com.ar\/sitio\/wp-json\/wp\/v2\/tags?post=148656"}],"curies":[{"name":"wp","href":"https:\/\/api.w.org\/{rel}","templated":true}]}}