{"id":148652,"date":"2026-03-09T19:17:22","date_gmt":"2026-03-09T22:17:22","guid":{"rendered":"https:\/\/eldiariodesanpedro.com.ar\/sitio\/?p=148652"},"modified":"2026-03-09T19:17:26","modified_gmt":"2026-03-09T22:17:26","slug":"asamblea-anual-ordinaria-de-la-asociasion-espanola-de-socorros-mutuos","status":"publish","type":"post","link":"https:\/\/eldiariodesanpedro.com.ar\/sitio\/asamblea-anual-ordinaria-de-la-asociasion-espanola-de-socorros-mutuos\/","title":{"rendered":"Asamblea Anual Ordinaria de la Asociasion Espa\u00f1ola de Socorros Mutuos"},"content":{"rendered":"<!-- VideographyWP Plugin Message: Automatic video embedding prevented by plugin options. -->\n\n<p class=\"has-text-align-center\">ASOCIACI\u00d3N ESPA\u00d1OLA DE SOCORROS MUTUOS<\/p>\n\n\n\n<p class=\"has-text-align-center\">CONVOCATORIA A ASAMBLEA ANUAL ORDINARIA<\/p>\n\n\n\n<p class=\"has-text-align-right\">San Pedro, 09 de marzo de 2026.<\/p>\n\n\n\n<p>En cumplimiento de lo establecido en el Art.29 de los Estatutos Sociales aprobados por INAES, por resoluci\u00f3n 038 del 21\/1\/75, citase a los se\u00f1ores socios activos de la Asociaci\u00f3n Espa\u00f1ola de Socorros Mutuos de San Pedro (B), a la ASAMBLEA ANUAL ORDINARIA de su 142\u00b0 Ejercicio, a realizarse el d\u00eda 10 de abril de 2026, en su sede social de calle Bme. Mitre 876, de esta ciudad a las 20:00 hs. a fin de considerar el siguiente:<\/p>\n\n\n\n<p>ORDEN DEL DIA<\/p>\n\n\n\n<ol class=\"wp-block-list\">\n<li>Lectura y aprobaci\u00f3n del Acta de la Asamblea anterior.<\/li>\n\n\n\n<li>Designaci\u00f3n de dos socios para firmar el acta, juntamente con el Sr. Presidente y el Sr. Secretario.<\/li>\n\n\n\n<li>Consideraci\u00f3n de la Memoria, Balance General, Estado de Resultados y Situaci\u00f3n Patrimonial, Informe de la Junta Fiscalizadora del ejercicio N\u00ba 142\u00b0 al 31 de diciembre de 2025.<\/li>\n<\/ol>\n\n\n\n<p>MARCELA ORTIZ &#8211; SECRETARIO<br>CESAR DI MAYO &#8211; TESORERO<br>RODOLFO CALVERAS &#8211; PRESIDENTE<\/p>\n","protected":false},"excerpt":{"rendered":"<p>ASOCIACI\u00d3N ESPA\u00d1OLA DE SOCORROS MUTUOS CONVOCATORIA A ASAMBLEA ANUAL ORDINARIA San Pedro, 09 de marzo de 2026. En cumplimiento de lo establecido en el Art.29 de los Estatutos Sociales aprobados por INAES, por resoluci\u00f3n 038 del 21\/1\/75, citase a los se\u00f1ores socios activos de la Asociaci\u00f3n Espa\u00f1ola de Socorros Mutuos de San Pedro (B), a [&hellip;]<\/p>\n","protected":false},"author":4,"featured_media":137836,"comment_status":"closed","ping_status":"closed","sticky":false,"template":"","format":"standard","meta":{"om_disable_all_campaigns":false,"_jetpack_memberships_contains_paid_content":false,"footnotes":""},"categories":[2],"tags":[],"class_list":["post-148652","post","type-post","status-publish","format-standard","has-post-thumbnail","hentry","category-locales"],"aioseo_notices":[],"gutentor_comment":0,"jetpack_featured_media_url":"https:\/\/eldiariodesanpedro.com.ar\/sitio\/wp-content\/uploads\/2025\/03\/Sociedad-Espanola-Convocatoria-2023-Marzo.jpg","jetpack_shortlink":"https:\/\/wp.me\/p6RhLt-CFC","jetpack_sharing_enabled":true,"_links":{"self":[{"href":"https:\/\/eldiariodesanpedro.com.ar\/sitio\/wp-json\/wp\/v2\/posts\/148652","targetHints":{"allow":["GET"]}}],"collection":[{"href":"https:\/\/eldiariodesanpedro.com.ar\/sitio\/wp-json\/wp\/v2\/posts"}],"about":[{"href":"https:\/\/eldiariodesanpedro.com.ar\/sitio\/wp-json\/wp\/v2\/types\/post"}],"author":[{"embeddable":true,"href":"https:\/\/eldiariodesanpedro.com.ar\/sitio\/wp-json\/wp\/v2\/users\/4"}],"replies":[{"embeddable":true,"href":"https:\/\/eldiariodesanpedro.com.ar\/sitio\/wp-json\/wp\/v2\/comments?post=148652"}],"version-history":[{"count":1,"href":"https:\/\/eldiariodesanpedro.com.ar\/sitio\/wp-json\/wp\/v2\/posts\/148652\/revisions"}],"predecessor-version":[{"id":148653,"href":"https:\/\/eldiariodesanpedro.com.ar\/sitio\/wp-json\/wp\/v2\/posts\/148652\/revisions\/148653"}],"wp:featuredmedia":[{"embeddable":true,"href":"https:\/\/eldiariodesanpedro.com.ar\/sitio\/wp-json\/wp\/v2\/media\/137836"}],"wp:attachment":[{"href":"https:\/\/eldiariodesanpedro.com.ar\/sitio\/wp-json\/wp\/v2\/media?parent=148652"}],"wp:term":[{"taxonomy":"category","embeddable":true,"href":"https:\/\/eldiariodesanpedro.com.ar\/sitio\/wp-json\/wp\/v2\/categories?post=148652"},{"taxonomy":"post_tag","embeddable":true,"href":"https:\/\/eldiariodesanpedro.com.ar\/sitio\/wp-json\/wp\/v2\/tags?post=148652"}],"curies":[{"name":"wp","href":"https:\/\/api.w.org\/{rel}","templated":true}]}}