{"id":148592,"date":"2026-03-06T10:08:13","date_gmt":"2026-03-06T13:08:13","guid":{"rendered":"https:\/\/eldiariodesanpedro.com.ar\/sitio\/?p=148592"},"modified":"2026-03-06T10:08:17","modified_gmt":"2026-03-06T13:08:17","slug":"funcionarios-locales-avanzan-con-provincia-para-fortalecer-el-servicio-alimentario-escolar","status":"publish","type":"post","link":"https:\/\/eldiariodesanpedro.com.ar\/sitio\/funcionarios-locales-avanzan-con-provincia-para-fortalecer-el-servicio-alimentario-escolar\/","title":{"rendered":"Funcionarios locales avanzan con Provincia para fortalecer el servicio alimentario escolar"},"content":{"rendered":"<!-- VideographyWP Plugin Message: Automatic video embedding prevented by plugin options. -->\n\n<p><em>Autoridades municipales y del Consejo Escolar mantuvieron un encuentro con responsables provinciales para mejorar la calidad de los men\u00fas y optimizar la distribuci\u00f3n del SAE en las escuelas.<\/em><\/p>\n\n\n\n<p>El <strong>director municipal de Educaci\u00f3n, Alan Ocampo<\/strong>, y el <strong>presidente del Consejo Escolar, Nazareno Zitta<\/strong>, participaron de una <strong>reuni\u00f3n de trabajo con el director provincial del Sistema Alimentario Escolar (SAE), Juan Sorrentino<\/strong>, con el objetivo de <strong>optimizar la asistencia nutricional destinada a estudiantes de los establecimientos educativos<\/strong>.<\/p>\n\n\n\n<p>El encuentro se desarroll\u00f3 en la <strong>capital de la provincia de Buenos Aires<\/strong> y cont\u00f3 tambi\u00e9n con la presencia de <strong>Juli\u00e1n Mart\u00ednez, coordinador regional del programa bonaerense<\/strong>, quien forma parte del equipo encargado de supervisar la implementaci\u00f3n del SAE en la regi\u00f3n.<\/p>\n\n\n\n<p>Durante la jornada, los funcionarios <strong>analizaron el estado actual de la prestaci\u00f3n alimentaria en las escuelas y avanzaron en la planificaci\u00f3n de medidas para fortalecer las partidas destinadas a los alumnos y alumnas<\/strong>. En ese marco, se evaluaron distintos aspectos vinculados con la <strong>calidad de los men\u00fas, la log\u00edstica de distribuci\u00f3n y el seguimiento del programa en cada instituci\u00f3n educativa<\/strong>.<\/p>\n\n\n\n<p>Seg\u00fan destacaron las autoridades locales tras la reuni\u00f3n, el objetivo de este trabajo conjunto es <strong>garantizar que cada estudiante reciba una alimentaci\u00f3n adecuada que acompa\u00f1e su proceso educativo<\/strong>, fortaleciendo al mismo tiempo la coordinaci\u00f3n entre el municipio, el Consejo Escolar y el Gobierno provincial.<\/p>\n\n\n\n<p>Por su parte, desde el <strong>Ministerio de Desarrollo de la Comunidad de la Provincia de Buenos Aires<\/strong> ratificaron la decisi\u00f3n de <strong>continuar con el trabajo territorial junto a los consejos escolares<\/strong>, con el prop\u00f3sito de asegurar <strong>transparencia, eficiencia y un funcionamiento adecuado del Sistema Alimentario Escolar<\/strong>.<\/p>\n\n\n\n<p>En este contexto, se prev\u00e9 que la agenda conjunta contin\u00fae con <strong>nuevos relevamientos t\u00e9cnicos en los comedores escolares<\/strong>, con el fin de <strong>supervisar el impacto de las mejoras acordadas y detectar posibles necesidades en cada establecimiento<\/strong>.<\/p>\n\n\n\n<p>#SistemaAlimentarioEscolar #Educacion #ConsejoEscolar #Escuelas #AlimentacionEscolar #ProvinciaDeBuenosAires #SAE<\/p>\n","protected":false},"excerpt":{"rendered":"<p>Autoridades municipales y del Consejo Escolar mantuvieron un encuentro con responsables provinciales para mejorar la calidad de los men\u00fas y optimizar la distribuci\u00f3n del SAE en las escuelas. El director municipal de Educaci\u00f3n, Alan Ocampo, y el presidente del Consejo Escolar, Nazareno Zitta, participaron de una reuni\u00f3n de trabajo con el director provincial del Sistema [&hellip;]<\/p>\n","protected":false},"author":4,"featured_media":148593,"comment_status":"closed","ping_status":"closed","sticky":false,"template":"","format":"standard","meta":{"om_disable_all_campaigns":false,"_jetpack_memberships_contains_paid_content":false,"footnotes":""},"categories":[50,101,2],"tags":[],"class_list":["post-148592","post","type-post","status-publish","format-standard","has-post-thumbnail","hentry","category-destacadas","category-interes-general-locales","category-locales"],"aioseo_notices":[],"gutentor_comment":0,"jetpack_featured_media_url":"https:\/\/eldiariodesanpedro.com.ar\/sitio\/wp-content\/uploads\/2026\/03\/SAE-reunion-funcionarios-.jpg","jetpack_shortlink":"https:\/\/wp.me\/p6RhLt-CEE","jetpack_sharing_enabled":true,"_links":{"self":[{"href":"https:\/\/eldiariodesanpedro.com.ar\/sitio\/wp-json\/wp\/v2\/posts\/148592","targetHints":{"allow":["GET"]}}],"collection":[{"href":"https:\/\/eldiariodesanpedro.com.ar\/sitio\/wp-json\/wp\/v2\/posts"}],"about":[{"href":"https:\/\/eldiariodesanpedro.com.ar\/sitio\/wp-json\/wp\/v2\/types\/post"}],"author":[{"embeddable":true,"href":"https:\/\/eldiariodesanpedro.com.ar\/sitio\/wp-json\/wp\/v2\/users\/4"}],"replies":[{"embeddable":true,"href":"https:\/\/eldiariodesanpedro.com.ar\/sitio\/wp-json\/wp\/v2\/comments?post=148592"}],"version-history":[{"count":1,"href":"https:\/\/eldiariodesanpedro.com.ar\/sitio\/wp-json\/wp\/v2\/posts\/148592\/revisions"}],"predecessor-version":[{"id":148594,"href":"https:\/\/eldiariodesanpedro.com.ar\/sitio\/wp-json\/wp\/v2\/posts\/148592\/revisions\/148594"}],"wp:featuredmedia":[{"embeddable":true,"href":"https:\/\/eldiariodesanpedro.com.ar\/sitio\/wp-json\/wp\/v2\/media\/148593"}],"wp:attachment":[{"href":"https:\/\/eldiariodesanpedro.com.ar\/sitio\/wp-json\/wp\/v2\/media?parent=148592"}],"wp:term":[{"taxonomy":"category","embeddable":true,"href":"https:\/\/eldiariodesanpedro.com.ar\/sitio\/wp-json\/wp\/v2\/categories?post=148592"},{"taxonomy":"post_tag","embeddable":true,"href":"https:\/\/eldiariodesanpedro.com.ar\/sitio\/wp-json\/wp\/v2\/tags?post=148592"}],"curies":[{"name":"wp","href":"https:\/\/api.w.org\/{rel}","templated":true}]}}