{"id":148585,"date":"2026-03-06T09:57:23","date_gmt":"2026-03-06T12:57:23","guid":{"rendered":"https:\/\/eldiariodesanpedro.com.ar\/sitio\/?p=148585"},"modified":"2026-03-06T09:57:28","modified_gmt":"2026-03-06T12:57:28","slug":"dos-hermanos-involucrados-en-un-allanamiento-por-hurto-uno-fue-detenido-y-otro-imputado-por-resistencia-a-la-autoridad","status":"publish","type":"post","link":"https:\/\/eldiariodesanpedro.com.ar\/sitio\/dos-hermanos-involucrados-en-un-allanamiento-por-hurto-uno-fue-detenido-y-otro-imputado-por-resistencia-a-la-autoridad\/","title":{"rendered":"Dos hermanos involucrados en un allanamiento por hurto: uno fue detenido y otro imputado por resistencia a la autoridad"},"content":{"rendered":"<!-- VideographyWP Plugin Message: Automatic video embedding prevented by plugin options. -->\n\n<p>Un allanamiento realizado tras una investigaci\u00f3n por hurto termin\u00f3 con un joven detenido y su hermano imputado por resistencia a la autoridad.<\/p>\n\n\n\n<p>En el marco de una <strong>investigaci\u00f3n por un hecho de hurto denunciado por un vecino de 52 a\u00f1os<\/strong>, personal del <strong>Gabinete Criminol\u00f3gico de la Estaci\u00f3n de Polic\u00eda Comunal<\/strong> llev\u00f3 adelante una diligencia de allanamiento que culmin\u00f3 con la <strong>aprehensi\u00f3n de un joven de 23 a\u00f1os<\/strong> y el secuestro de elementos vinculados a la causa.<\/p>\n\n\n\n<p>La investigaci\u00f3n se inici\u00f3 d\u00edas atr\u00e1s luego de la denuncia presentada en sede policial. A partir de <strong>tareas investigativas realizadas por los efectivos<\/strong>, se logr\u00f3 establecer la identidad del presunto autor del il\u00edcito. Con las pruebas reunidas, se solicit\u00f3 una <strong>orden de allanamiento al Juzgado de Garant\u00edas de San Nicol\u00e1s<\/strong>, la cual fue otorgada.<\/p>\n\n\n\n<p>El procedimiento se llev\u00f3 a cabo en una vivienda ubicada en <strong>Provincias al 2000<\/strong>, donde los uniformados <strong>secuestraron prendas de vestir que eran buscadas en la causa<\/strong> y procedieron a la <strong>aprehensi\u00f3n del morador del domicilio, un hombre de 23 a\u00f1os<\/strong>.<\/p>\n\n\n\n<p>Durante el desarrollo del operativo se registr\u00f3 adem\u00e1s un incidente cuando <strong>el hermano del detenido, un hombre de 27 a\u00f1os, se torn\u00f3 hostil e intent\u00f3 confrontar al personal policial con la intenci\u00f3n de liberar a su familiar<\/strong>, oponiendo resistencia al accionar de los efectivos.<\/p>\n\n\n\n<p>La <strong>Fiscal\u00eda interviniente dispuso que el joven de 23 a\u00f1os permanezca alojado en el sector de calabozos<\/strong>, mientras se le notific\u00f3 la formaci\u00f3n de la causa correspondiente.<\/p>\n\n\n\n<p>En cuanto al <strong>hombre de 27 a\u00f1os<\/strong>, fue <strong>notificado por el delito de resistencia a la autoridad<\/strong>, recuperando posteriormente su libertad conforme lo dispuesto por la misma fiscal\u00eda.<\/p>\n\n\n\n<p>#Policiales #Allanamiento #Hurto #ResistenciaALaAutoridad #Seguridad #Policia #Investigacion #Justicia<\/p>\n\n\n\n<div class=\"wp-block-jetpack-slideshow aligncenter\" data-effect=\"slide\" style=\"--aspect-ratio:calc(945 \/ 630)\"><div class=\"wp-block-jetpack-slideshow_container swiper\"><ul class=\"wp-block-jetpack-slideshow_swiper-wrapper swiper-wrapper\"><li class=\"wp-block-jetpack-slideshow_slide swiper-slide\"><figure><img decoding=\"async\" width=\"945\" height=\"630\" alt=\"\" class=\"wp-block-jetpack-slideshow_image wp-image-148587 lazyload\" data-id=\"148587\" data-aspect-ratio=\"945 \/ 630\" data-src=\"https:\/\/eldiariodesanpedro.com.ar\/sitio\/wp-content\/uploads\/2026\/03\/ChatGPT-Image-6-mar-2026-09_46_13.jpg\" data-srcset=\"https:\/\/eldiariodesanpedro.com.ar\/sitio\/wp-content\/uploads\/2026\/03\/ChatGPT-Image-6-mar-2026-09_46_13.jpg 945w, https:\/\/eldiariodesanpedro.com.ar\/sitio\/wp-content\/uploads\/2026\/03\/ChatGPT-Image-6-mar-2026-09_46_13-300x200.jpg 300w, https:\/\/eldiariodesanpedro.com.ar\/sitio\/wp-content\/uploads\/2026\/03\/ChatGPT-Image-6-mar-2026-09_46_13-768x512.jpg 768w\" data-sizes=\"(max-width: 945px) 100vw, 945px\" src=\"data:image\/svg+xml;base64,PHN2ZyB3aWR0aD0iMSIgaGVpZ2h0PSIxIiB4bWxucz0iaHR0cDovL3d3dy53My5vcmcvMjAwMC9zdmciPjwvc3ZnPg==\" style=\"--smush-placeholder-width: 945px; --smush-placeholder-aspect-ratio: 945\/630;\" \/><\/figure><\/li><li class=\"wp-block-jetpack-slideshow_slide swiper-slide\"><figure><img decoding=\"async\" width=\"383\" height=\"509\" alt=\"\" class=\"wp-block-jetpack-slideshow_image wp-image-148590 lazyload\" data-id=\"148590\" data-aspect-ratio=\"383 \/ 509\" data-src=\"https:\/\/eldiariodesanpedro.com.ar\/sitio\/wp-content\/uploads\/2026\/03\/1-1.jpg\" data-srcset=\"https:\/\/eldiariodesanpedro.com.ar\/sitio\/wp-content\/uploads\/2026\/03\/1-1.jpg 383w, https:\/\/eldiariodesanpedro.com.ar\/sitio\/wp-content\/uploads\/2026\/03\/1-1-226x300.jpg 226w\" data-sizes=\"(max-width: 383px) 100vw, 383px\" src=\"data:image\/svg+xml;base64,PHN2ZyB3aWR0aD0iMSIgaGVpZ2h0PSIxIiB4bWxucz0iaHR0cDovL3d3dy53My5vcmcvMjAwMC9zdmciPjwvc3ZnPg==\" style=\"--smush-placeholder-width: 383px; --smush-placeholder-aspect-ratio: 383\/509;\" \/><\/figure><\/li><li class=\"wp-block-jetpack-slideshow_slide swiper-slide\"><figure><img decoding=\"async\" width=\"372\" height=\"491\" alt=\"\" class=\"wp-block-jetpack-slideshow_image wp-image-148588 lazyload\" data-id=\"148588\" data-aspect-ratio=\"372 \/ 491\" data-src=\"https:\/\/eldiariodesanpedro.com.ar\/sitio\/wp-content\/uploads\/2026\/03\/2.jpg\" data-srcset=\"https:\/\/eldiariodesanpedro.com.ar\/sitio\/wp-content\/uploads\/2026\/03\/2.jpg 372w, https:\/\/eldiariodesanpedro.com.ar\/sitio\/wp-content\/uploads\/2026\/03\/2-227x300.jpg 227w\" data-sizes=\"(max-width: 372px) 100vw, 372px\" src=\"data:image\/svg+xml;base64,PHN2ZyB3aWR0aD0iMSIgaGVpZ2h0PSIxIiB4bWxucz0iaHR0cDovL3d3dy53My5vcmcvMjAwMC9zdmciPjwvc3ZnPg==\" style=\"--smush-placeholder-width: 372px; --smush-placeholder-aspect-ratio: 372\/491;\" \/><\/figure><\/li><li class=\"wp-block-jetpack-slideshow_slide swiper-slide\"><figure><img decoding=\"async\" width=\"482\" height=\"353\" alt=\"\" class=\"wp-block-jetpack-slideshow_image wp-image-148589 lazyload\" data-id=\"148589\" data-aspect-ratio=\"482 \/ 353\" data-src=\"https:\/\/eldiariodesanpedro.com.ar\/sitio\/wp-content\/uploads\/2026\/03\/3-1.jpg\" data-srcset=\"https:\/\/eldiariodesanpedro.com.ar\/sitio\/wp-content\/uploads\/2026\/03\/3-1.jpg 482w, https:\/\/eldiariodesanpedro.com.ar\/sitio\/wp-content\/uploads\/2026\/03\/3-1-300x220.jpg 300w\" data-sizes=\"(max-width: 482px) 100vw, 482px\" src=\"data:image\/svg+xml;base64,PHN2ZyB3aWR0aD0iMSIgaGVpZ2h0PSIxIiB4bWxucz0iaHR0cDovL3d3dy53My5vcmcvMjAwMC9zdmciPjwvc3ZnPg==\" style=\"--smush-placeholder-width: 482px; --smush-placeholder-aspect-ratio: 482\/353;\" \/><\/figure><\/li><\/ul><a class=\"wp-block-jetpack-slideshow_button-prev swiper-button-prev swiper-button-white\" role=\"button\"><\/a><a class=\"wp-block-jetpack-slideshow_button-next swiper-button-next swiper-button-white\" role=\"button\"><\/a><a aria-label=\"Pause Slideshow\" class=\"wp-block-jetpack-slideshow_button-pause\" role=\"button\"><\/a><div class=\"wp-block-jetpack-slideshow_pagination swiper-pagination swiper-pagination-white\"><\/div><\/div><\/div>\n","protected":false},"excerpt":{"rendered":"<p>Un allanamiento realizado tras una investigaci\u00f3n por hurto termin\u00f3 con un joven detenido y su hermano imputado por resistencia a la autoridad. En el marco de una investigaci\u00f3n por un hecho de hurto denunciado por un vecino de 52 a\u00f1os, personal del Gabinete Criminol\u00f3gico de la Estaci\u00f3n de Polic\u00eda Comunal llev\u00f3 adelante una diligencia de [&hellip;]<\/p>\n","protected":false},"author":4,"featured_media":148587,"comment_status":"closed","ping_status":"closed","sticky":false,"template":"","format":"standard","meta":{"om_disable_all_campaigns":false,"_jetpack_memberships_contains_paid_content":false,"footnotes":""},"categories":[50,2,103],"tags":[5842,9101,5214,4055,6328,5116,628],"class_list":["post-148585","post","type-post","status-publish","format-standard","has-post-thumbnail","hentry","category-destacadas","category-locales","category-policiales-locales","tag-allanamiento-por-hurto","tag-detenido-por-hurto","tag-investigacion-policial","tag-operativo-policial","tag-procedimiento-policial","tag-resistencia-a-la-autoridad","tag-seguridad"],"aioseo_notices":[],"gutentor_comment":0,"jetpack_featured_media_url":"https:\/\/eldiariodesanpedro.com.ar\/sitio\/wp-content\/uploads\/2026\/03\/ChatGPT-Image-6-mar-2026-09_46_13.jpg","jetpack_shortlink":"https:\/\/wp.me\/p6RhLt-CEx","jetpack_sharing_enabled":true,"_links":{"self":[{"href":"https:\/\/eldiariodesanpedro.com.ar\/sitio\/wp-json\/wp\/v2\/posts\/148585","targetHints":{"allow":["GET"]}}],"collection":[{"href":"https:\/\/eldiariodesanpedro.com.ar\/sitio\/wp-json\/wp\/v2\/posts"}],"about":[{"href":"https:\/\/eldiariodesanpedro.com.ar\/sitio\/wp-json\/wp\/v2\/types\/post"}],"author":[{"embeddable":true,"href":"https:\/\/eldiariodesanpedro.com.ar\/sitio\/wp-json\/wp\/v2\/users\/4"}],"replies":[{"embeddable":true,"href":"https:\/\/eldiariodesanpedro.com.ar\/sitio\/wp-json\/wp\/v2\/comments?post=148585"}],"version-history":[{"count":1,"href":"https:\/\/eldiariodesanpedro.com.ar\/sitio\/wp-json\/wp\/v2\/posts\/148585\/revisions"}],"predecessor-version":[{"id":148591,"href":"https:\/\/eldiariodesanpedro.com.ar\/sitio\/wp-json\/wp\/v2\/posts\/148585\/revisions\/148591"}],"wp:featuredmedia":[{"embeddable":true,"href":"https:\/\/eldiariodesanpedro.com.ar\/sitio\/wp-json\/wp\/v2\/media\/148587"}],"wp:attachment":[{"href":"https:\/\/eldiariodesanpedro.com.ar\/sitio\/wp-json\/wp\/v2\/media?parent=148585"}],"wp:term":[{"taxonomy":"category","embeddable":true,"href":"https:\/\/eldiariodesanpedro.com.ar\/sitio\/wp-json\/wp\/v2\/categories?post=148585"},{"taxonomy":"post_tag","embeddable":true,"href":"https:\/\/eldiariodesanpedro.com.ar\/sitio\/wp-json\/wp\/v2\/tags?post=148585"}],"curies":[{"name":"wp","href":"https:\/\/api.w.org\/{rel}","templated":true}]}}