{"id":148580,"date":"2026-03-05T16:51:11","date_gmt":"2026-03-05T19:51:11","guid":{"rendered":"https:\/\/eldiariodesanpedro.com.ar\/sitio\/?p=148580"},"modified":"2026-03-05T16:51:16","modified_gmt":"2026-03-05T19:51:16","slug":"fallecio-lidia-susana-altamirano-a-los-65-anos","status":"publish","type":"post","link":"https:\/\/eldiariodesanpedro.com.ar\/sitio\/fallecio-lidia-susana-altamirano-a-los-65-anos\/","title":{"rendered":"Falleci\u00f3 Lidia Susana Altamirano a los 65 a\u00f1os"},"content":{"rendered":"<!-- VideographyWP Plugin Message: Automatic video embedding prevented by plugin options. -->\n\n<p><strong>La comunidad despide a Lidia Susana Altamirano, quien falleci\u00f3 a los 65 a\u00f1os. Sus restos son velados en la sala N\u00b04 y el servicio se extender\u00e1 hasta las 20:00 de este jueves.<\/strong><\/p>\n\n\n\n<p>Con profundo pesar se conoci\u00f3 el fallecimiento de <strong>Lidia Susana Altamirano, a los 65 a\u00f1os de edad<\/strong>, noticia que genera acompa\u00f1amiento y condolencias hacia sus familiares y seres queridos.<\/p>\n\n\n\n<p>Seg\u00fan se inform\u00f3, <strong>sus restos son velados en la sala velatoria N\u00b04<\/strong>, ubicada en <strong>3 de Febrero 1475<\/strong>, donde familiares, amigos y allegados se acercan para brindarle el \u00faltimo adi\u00f3s.<\/p>\n\n\n\n<p>El servicio de velatorio <strong>se desarrollar\u00e1 hasta las 20:00 horas de este jueves 5 de marzo<\/strong>, con la organizaci\u00f3n de <strong>Coopser Servicios Sociales<\/strong>, encargada de las prestaciones funerarias.<\/p>\n\n\n\n<p>En este dif\u00edcil momento, <strong>familiares y allegados reciben las condolencias de quienes acompa\u00f1an el dolor por la p\u00e9rdida<\/strong>.<\/p>\n\n\n\n<p>#Necrol\u00f3gica #Fallecimiento #LidiaSusanaAltamirano #Coopser #ServiciosSociales #Noticias #Obituario<\/p>\n","protected":false},"excerpt":{"rendered":"<p>La comunidad despide a Lidia Susana Altamirano, quien falleci\u00f3 a los 65 a\u00f1os. Sus restos son velados en la sala N\u00b04 y el servicio se extender\u00e1 hasta las 20:00 de este jueves. Con profundo pesar se conoci\u00f3 el fallecimiento de Lidia Susana Altamirano, a los 65 a\u00f1os de edad, noticia que genera acompa\u00f1amiento y condolencias [&hellip;]<\/p>\n","protected":false},"author":4,"featured_media":113757,"comment_status":"closed","ping_status":"closed","sticky":false,"template":"","format":"standard","meta":{"om_disable_all_campaigns":false,"_jetpack_memberships_contains_paid_content":false,"footnotes":""},"categories":[8424],"tags":[9100],"class_list":["post-148580","post","type-post","status-publish","format-standard","has-post-thumbnail","hentry","category-necrologicas","tag-lidia-susana-altamirano"],"aioseo_notices":[],"gutentor_comment":0,"jetpack_featured_media_url":"https:\/\/eldiariodesanpedro.com.ar\/sitio\/wp-content\/uploads\/2023\/01\/necrologicas.jpg","jetpack_shortlink":"https:\/\/wp.me\/p6RhLt-CEs","jetpack_sharing_enabled":true,"_links":{"self":[{"href":"https:\/\/eldiariodesanpedro.com.ar\/sitio\/wp-json\/wp\/v2\/posts\/148580","targetHints":{"allow":["GET"]}}],"collection":[{"href":"https:\/\/eldiariodesanpedro.com.ar\/sitio\/wp-json\/wp\/v2\/posts"}],"about":[{"href":"https:\/\/eldiariodesanpedro.com.ar\/sitio\/wp-json\/wp\/v2\/types\/post"}],"author":[{"embeddable":true,"href":"https:\/\/eldiariodesanpedro.com.ar\/sitio\/wp-json\/wp\/v2\/users\/4"}],"replies":[{"embeddable":true,"href":"https:\/\/eldiariodesanpedro.com.ar\/sitio\/wp-json\/wp\/v2\/comments?post=148580"}],"version-history":[{"count":1,"href":"https:\/\/eldiariodesanpedro.com.ar\/sitio\/wp-json\/wp\/v2\/posts\/148580\/revisions"}],"predecessor-version":[{"id":148581,"href":"https:\/\/eldiariodesanpedro.com.ar\/sitio\/wp-json\/wp\/v2\/posts\/148580\/revisions\/148581"}],"wp:featuredmedia":[{"embeddable":true,"href":"https:\/\/eldiariodesanpedro.com.ar\/sitio\/wp-json\/wp\/v2\/media\/113757"}],"wp:attachment":[{"href":"https:\/\/eldiariodesanpedro.com.ar\/sitio\/wp-json\/wp\/v2\/media?parent=148580"}],"wp:term":[{"taxonomy":"category","embeddable":true,"href":"https:\/\/eldiariodesanpedro.com.ar\/sitio\/wp-json\/wp\/v2\/categories?post=148580"},{"taxonomy":"post_tag","embeddable":true,"href":"https:\/\/eldiariodesanpedro.com.ar\/sitio\/wp-json\/wp\/v2\/tags?post=148580"}],"curies":[{"name":"wp","href":"https:\/\/api.w.org\/{rel}","templated":true}]}}