{"id":148573,"date":"2026-03-05T11:55:09","date_gmt":"2026-03-05T14:55:09","guid":{"rendered":"https:\/\/eldiariodesanpedro.com.ar\/sitio\/?p=148573"},"modified":"2026-03-05T11:55:13","modified_gmt":"2026-03-05T14:55:13","slug":"detuvieron-a-un-hombre-de-27-anos-acusado-de-robar-herramientas-de-una-vivienda","status":"publish","type":"post","link":"https:\/\/eldiariodesanpedro.com.ar\/sitio\/detuvieron-a-un-hombre-de-27-anos-acusado-de-robar-herramientas-de-una-vivienda\/","title":{"rendered":"Detuvieron a un hombre de 27 a\u00f1os acusado de robar herramientas de una vivienda"},"content":{"rendered":"<!-- VideographyWP Plugin Message: Automatic video embedding prevented by plugin options. -->\n\n<p>Un hombre de 27 a\u00f1os fue aprehendido durante la madrugada tras ser sorprendido con herramientas que hab\u00edan sido robadas horas antes de una vivienda.<\/p>\n\n\n\n<p>Durante la <strong>madrugada de este jueves<\/strong>, personal policial que realizaba recorridas preventivas en la zona de <strong>Manuel Iglesias al 1800<\/strong> procedi\u00f3 a la <strong>aprehensi\u00f3n de un masculino de 27 a\u00f1os<\/strong>, quien fue interceptado mientras circulaba por el lugar.<\/p>\n\n\n\n<p>Al momento de ser identificado, los efectivos constataron que el sujeto <strong>ten\u00eda en su poder una amoladora y una m\u00e1scara de soldar<\/strong>, elementos que <strong>hab\u00edan sido sustra\u00eddos horas antes de una vivienda ubicada en calle Mart\u00edn Fierro al 500<\/strong>, propiedad de un hombre de <strong>48 a\u00f1os<\/strong>.<\/p>\n\n\n\n<p>Tras verificar el origen de los objetos, el individuo fue <strong>trasladado a la dependencia policial<\/strong>, donde qued\u00f3 <strong>alojado en el sector de calabozos<\/strong> a la espera de las <strong>disposiciones del magistrado interviniente<\/strong>.<\/p>\n\n\n\n<p>Las herramientas secuestradas fueron <strong>recuperadas por el personal policial<\/strong>, mientras contin\u00faa el proceso judicial correspondiente.<\/p>\n\n\n\n<p>#Policiales #Aprehendido #Robo #Inseguridad #ProcedimientoPolicial #HerramientasRobadas #Policia #SanPedro<\/p>\n","protected":false},"excerpt":{"rendered":"<p>Un hombre de 27 a\u00f1os fue aprehendido durante la madrugada tras ser sorprendido con herramientas que hab\u00edan sido robadas horas antes de una vivienda. Durante la madrugada de este jueves, personal policial que realizaba recorridas preventivas en la zona de Manuel Iglesias al 1800 procedi\u00f3 a la aprehensi\u00f3n de un masculino de 27 a\u00f1os, quien [&hellip;]<\/p>\n","protected":false},"author":4,"featured_media":148574,"comment_status":"closed","ping_status":"closed","sticky":false,"template":"","format":"standard","meta":{"om_disable_all_campaigns":false,"_jetpack_memberships_contains_paid_content":false,"footnotes":""},"categories":[2,103],"tags":[9097,5566,5049,3821,9098,9099,6328,7458],"class_list":["post-148573","post","type-post","status-publish","format-standard","has-post-thumbnail","hentry","category-locales","category-policiales-locales","tag-amoladora-robada","tag-aprehension-policial","tag-herramientas-robadas","tag-inseguridad","tag-mascara-de-soldar-robada","tag-policia-detuvo-sospechoso","tag-procedimiento-policial","tag-robo-en-vivienda"],"aioseo_notices":[],"gutentor_comment":0,"jetpack_featured_media_url":"https:\/\/eldiariodesanpedro.com.ar\/sitio\/wp-content\/uploads\/2026\/03\/medida-13.jpg","jetpack_shortlink":"https:\/\/wp.me\/p6RhLt-CEl","jetpack_sharing_enabled":true,"_links":{"self":[{"href":"https:\/\/eldiariodesanpedro.com.ar\/sitio\/wp-json\/wp\/v2\/posts\/148573","targetHints":{"allow":["GET"]}}],"collection":[{"href":"https:\/\/eldiariodesanpedro.com.ar\/sitio\/wp-json\/wp\/v2\/posts"}],"about":[{"href":"https:\/\/eldiariodesanpedro.com.ar\/sitio\/wp-json\/wp\/v2\/types\/post"}],"author":[{"embeddable":true,"href":"https:\/\/eldiariodesanpedro.com.ar\/sitio\/wp-json\/wp\/v2\/users\/4"}],"replies":[{"embeddable":true,"href":"https:\/\/eldiariodesanpedro.com.ar\/sitio\/wp-json\/wp\/v2\/comments?post=148573"}],"version-history":[{"count":1,"href":"https:\/\/eldiariodesanpedro.com.ar\/sitio\/wp-json\/wp\/v2\/posts\/148573\/revisions"}],"predecessor-version":[{"id":148575,"href":"https:\/\/eldiariodesanpedro.com.ar\/sitio\/wp-json\/wp\/v2\/posts\/148573\/revisions\/148575"}],"wp:featuredmedia":[{"embeddable":true,"href":"https:\/\/eldiariodesanpedro.com.ar\/sitio\/wp-json\/wp\/v2\/media\/148574"}],"wp:attachment":[{"href":"https:\/\/eldiariodesanpedro.com.ar\/sitio\/wp-json\/wp\/v2\/media?parent=148573"}],"wp:term":[{"taxonomy":"category","embeddable":true,"href":"https:\/\/eldiariodesanpedro.com.ar\/sitio\/wp-json\/wp\/v2\/categories?post=148573"},{"taxonomy":"post_tag","embeddable":true,"href":"https:\/\/eldiariodesanpedro.com.ar\/sitio\/wp-json\/wp\/v2\/tags?post=148573"}],"curies":[{"name":"wp","href":"https:\/\/api.w.org\/{rel}","templated":true}]}}