{"id":148568,"date":"2026-03-05T11:07:36","date_gmt":"2026-03-05T14:07:36","guid":{"rendered":"https:\/\/eldiariodesanpedro.com.ar\/sitio\/?p=148568"},"modified":"2026-03-05T11:07:40","modified_gmt":"2026-03-05T14:07:40","slug":"entro-a-robar-al-parque-industrial-y-fue-detenido-con-tres-varillas-de-hierro","status":"publish","type":"post","link":"https:\/\/eldiariodesanpedro.com.ar\/sitio\/entro-a-robar-al-parque-industrial-y-fue-detenido-con-tres-varillas-de-hierro\/","title":{"rendered":"Entr\u00f3 a robar al Parque Industrial y fue detenido con tres varillas de hierro"},"content":{"rendered":"<!-- VideographyWP Plugin Message: Automatic video embedding prevented by plugin options. -->\n\n<p><strong>Un joven de 19 a\u00f1os fue aprehendido por la polic\u00eda tras ser sorprendido cuando escapaba con tres varillas de hierro que hab\u00eda sustra\u00eddo del predio del Parque Industrial.<\/strong><\/p>\n\n\n\n<p>El hecho ocurri\u00f3 <strong>en la tarde de ayer en el Parque Industrial ubicado sobre calle Emilio Frers al 3000<\/strong>, donde personal policial fue alertado por un <strong>hecho delictivo dentro del predio<\/strong>.<\/p>\n\n\n\n<p>A partir del aviso, efectivos de la dependencia local desplegaron <strong>un r\u00e1pido operativo cerrojo en la zona<\/strong>, que permiti\u00f3 localizar al sospechoso <strong>cuando intentaba darse a la fuga a la altura de Emilio Frers al 4000<\/strong>.<\/p>\n\n\n\n<p>Durante el procedimiento, los uniformados <strong>aprehendieron a un masculino de 19 a\u00f1os<\/strong>, a quien se le secuestraron <strong>tres varillas de hierro que hab\u00eda sustra\u00eddo sin ejercer violencia del predio industrial<\/strong>.<\/p>\n\n\n\n<p>El movimiento del joven hab\u00eda sido advertido previamente por <strong>personal de seguridad del lugar<\/strong>, lo que permiti\u00f3 activar la alerta y facilitar el accionar policial.<\/p>\n\n\n\n<p>El aprehendido qued\u00f3 a disposici\u00f3n de la justicia mientras se instruyen las actuaciones correspondientes, con <strong>intervenci\u00f3n de la Fiscal\u00eda N\u00b0 11<\/strong>.<\/p>\n\n\n\n<p>#SanPedro #ParqueIndustrial #Policiales #Inseguridad #Detenido #Robo #Policia #ProvinciaDeBuenosAires<\/p>\n\n\n<div class=\"wp-block-image\">\n<figure class=\"aligncenter size-full\"><img decoding=\"async\" width=\"770\" height=\"433\" data-attachment-id=\"148570\" data-permalink=\"https:\/\/eldiariodesanpedro.com.ar\/sitio\/entro-a-robar-al-parque-industrial-y-fue-detenido-con-tres-varillas-de-hierro\/4-126\/\" data-orig-file=\"https:\/\/eldiariodesanpedro.com.ar\/sitio\/wp-content\/uploads\/2026\/03\/4.jpg\" data-orig-size=\"770,433\" data-comments-opened=\"0\" data-image-meta=\"{&quot;aperture&quot;:&quot;0&quot;,&quot;credit&quot;:&quot;&quot;,&quot;camera&quot;:&quot;&quot;,&quot;caption&quot;:&quot;&quot;,&quot;created_timestamp&quot;:&quot;0&quot;,&quot;copyright&quot;:&quot;&quot;,&quot;focal_length&quot;:&quot;0&quot;,&quot;iso&quot;:&quot;0&quot;,&quot;shutter_speed&quot;:&quot;0&quot;,&quot;title&quot;:&quot;&quot;,&quot;orientation&quot;:&quot;0&quot;}\" data-image-title=\"4\" data-image-description=\"\" data-image-caption=\"\" data-large-file=\"https:\/\/eldiariodesanpedro.com.ar\/sitio\/wp-content\/uploads\/2026\/03\/4.jpg\" data-src=\"https:\/\/eldiariodesanpedro.com.ar\/sitio\/wp-content\/uploads\/2026\/03\/4.jpg\" alt=\"\" class=\"wp-image-148570 lazyload\" data-srcset=\"https:\/\/eldiariodesanpedro.com.ar\/sitio\/wp-content\/uploads\/2026\/03\/4.jpg 770w, https:\/\/eldiariodesanpedro.com.ar\/sitio\/wp-content\/uploads\/2026\/03\/4-300x169.jpg 300w, https:\/\/eldiariodesanpedro.com.ar\/sitio\/wp-content\/uploads\/2026\/03\/4-768x432.jpg 768w\" data-sizes=\"(max-width: 770px) 100vw, 770px\" src=\"data:image\/svg+xml;base64,PHN2ZyB3aWR0aD0iMSIgaGVpZ2h0PSIxIiB4bWxucz0iaHR0cDovL3d3dy53My5vcmcvMjAwMC9zdmciPjwvc3ZnPg==\" style=\"--smush-placeholder-width: 770px; --smush-placeholder-aspect-ratio: 770\/433;\" \/><\/figure>\n<\/div>\n\n<div class=\"wp-block-image\">\n<figure class=\"aligncenter size-full\"><img decoding=\"async\" width=\"333\" height=\"433\" data-attachment-id=\"148571\" data-permalink=\"https:\/\/eldiariodesanpedro.com.ar\/sitio\/entro-a-robar-al-parque-industrial-y-fue-detenido-con-tres-varillas-de-hierro\/3-170\/\" data-orig-file=\"https:\/\/eldiariodesanpedro.com.ar\/sitio\/wp-content\/uploads\/2026\/03\/3.jpg\" data-orig-size=\"333,433\" data-comments-opened=\"0\" data-image-meta=\"{&quot;aperture&quot;:&quot;0&quot;,&quot;credit&quot;:&quot;&quot;,&quot;camera&quot;:&quot;&quot;,&quot;caption&quot;:&quot;&quot;,&quot;created_timestamp&quot;:&quot;0&quot;,&quot;copyright&quot;:&quot;&quot;,&quot;focal_length&quot;:&quot;0&quot;,&quot;iso&quot;:&quot;0&quot;,&quot;shutter_speed&quot;:&quot;0&quot;,&quot;title&quot;:&quot;&quot;,&quot;orientation&quot;:&quot;0&quot;}\" data-image-title=\"3\" data-image-description=\"\" data-image-caption=\"\" data-large-file=\"https:\/\/eldiariodesanpedro.com.ar\/sitio\/wp-content\/uploads\/2026\/03\/3.jpg\" data-src=\"https:\/\/eldiariodesanpedro.com.ar\/sitio\/wp-content\/uploads\/2026\/03\/3.jpg\" alt=\"\" class=\"wp-image-148571 lazyload\" data-srcset=\"https:\/\/eldiariodesanpedro.com.ar\/sitio\/wp-content\/uploads\/2026\/03\/3.jpg 333w, https:\/\/eldiariodesanpedro.com.ar\/sitio\/wp-content\/uploads\/2026\/03\/3-231x300.jpg 231w\" data-sizes=\"(max-width: 333px) 100vw, 333px\" src=\"data:image\/svg+xml;base64,PHN2ZyB3aWR0aD0iMSIgaGVpZ2h0PSIxIiB4bWxucz0iaHR0cDovL3d3dy53My5vcmcvMjAwMC9zdmciPjwvc3ZnPg==\" style=\"--smush-placeholder-width: 333px; --smush-placeholder-aspect-ratio: 333\/433;\" \/><\/figure>\n<\/div>","protected":false},"excerpt":{"rendered":"<p>Un joven de 19 a\u00f1os fue aprehendido por la polic\u00eda tras ser sorprendido cuando escapaba con tres varillas de hierro que hab\u00eda sustra\u00eddo del predio del Parque Industrial. El hecho ocurri\u00f3 en la tarde de ayer en el Parque Industrial ubicado sobre calle Emilio Frers al 3000, donde personal policial fue alertado por un hecho [&hellip;]<\/p>\n","protected":false},"author":4,"featured_media":148569,"comment_status":"closed","ping_status":"closed","sticky":false,"template":"","format":"standard","meta":{"om_disable_all_campaigns":false,"_jetpack_memberships_contains_paid_content":false,"footnotes":""},"categories":[2,103],"tags":[5562,9096,9095,9093,7412,9094,9092],"class_list":["post-148568","post","type-post","status-publish","format-standard","has-post-thumbnail","hentry","category-locales","category-policiales-locales","tag-detenido-en-san-pedro","tag-fiscalia-11-san-pedro","tag-inseguridad-en-parque-industrial","tag-operativo-cerrojo-policia","tag-policiales-san-pedro","tag-robo-de-varillas-de-hierro","tag-robo-en-parque-industrial"],"aioseo_notices":[],"gutentor_comment":0,"jetpack_featured_media_url":"https:\/\/eldiariodesanpedro.com.ar\/sitio\/wp-content\/uploads\/2026\/03\/medida-12.jpg","jetpack_shortlink":"https:\/\/wp.me\/p6RhLt-CEg","jetpack_sharing_enabled":true,"_links":{"self":[{"href":"https:\/\/eldiariodesanpedro.com.ar\/sitio\/wp-json\/wp\/v2\/posts\/148568","targetHints":{"allow":["GET"]}}],"collection":[{"href":"https:\/\/eldiariodesanpedro.com.ar\/sitio\/wp-json\/wp\/v2\/posts"}],"about":[{"href":"https:\/\/eldiariodesanpedro.com.ar\/sitio\/wp-json\/wp\/v2\/types\/post"}],"author":[{"embeddable":true,"href":"https:\/\/eldiariodesanpedro.com.ar\/sitio\/wp-json\/wp\/v2\/users\/4"}],"replies":[{"embeddable":true,"href":"https:\/\/eldiariodesanpedro.com.ar\/sitio\/wp-json\/wp\/v2\/comments?post=148568"}],"version-history":[{"count":1,"href":"https:\/\/eldiariodesanpedro.com.ar\/sitio\/wp-json\/wp\/v2\/posts\/148568\/revisions"}],"predecessor-version":[{"id":148572,"href":"https:\/\/eldiariodesanpedro.com.ar\/sitio\/wp-json\/wp\/v2\/posts\/148568\/revisions\/148572"}],"wp:featuredmedia":[{"embeddable":true,"href":"https:\/\/eldiariodesanpedro.com.ar\/sitio\/wp-json\/wp\/v2\/media\/148569"}],"wp:attachment":[{"href":"https:\/\/eldiariodesanpedro.com.ar\/sitio\/wp-json\/wp\/v2\/media?parent=148568"}],"wp:term":[{"taxonomy":"category","embeddable":true,"href":"https:\/\/eldiariodesanpedro.com.ar\/sitio\/wp-json\/wp\/v2\/categories?post=148568"},{"taxonomy":"post_tag","embeddable":true,"href":"https:\/\/eldiariodesanpedro.com.ar\/sitio\/wp-json\/wp\/v2\/tags?post=148568"}],"curies":[{"name":"wp","href":"https:\/\/api.w.org\/{rel}","templated":true}]}}