{"id":14856,"date":"2017-02-16T21:32:31","date_gmt":"2017-02-17T00:32:31","guid":{"rendered":"https:\/\/eldiariodesanpedro.com.ar\/sitio\/?p=14856"},"modified":"2026-01-24T00:31:03","modified_gmt":"2026-01-24T03:31:03","slug":"boxeo-kevin-espindola-pelea-esta-noche-en-cuba","status":"publish","type":"post","link":"https:\/\/eldiariodesanpedro.com.ar\/sitio\/boxeo-kevin-espindola-pelea-esta-noche-en-cuba\/","title":{"rendered":"BOXEO: Kevin Esp\u00edndola pelea esta noche en Cuba"},"content":{"rendered":"<p><!-- VideographyWP Plugin Message: Automatic video embedding prevented by plugin options. --><br \/>\nMa\u00f1ana en La Habana, por la segunda fecha de la Liga Mundial de Boxeo (WSB) de AIBA, el \u00faltimo campe\u00f3n recibir\u00e1 al equipo argentino. Televisa TyC Play (streaming). As\u00ed lo informo la Federaci\u00f3n Argentina de Box.<\/p>\n<p>La franquicia Argentina C\u00f3ndors comenz\u00f3 su participaci\u00f3n en la Temporada VII de la WSB cayendo 4 a 1 en condici\u00f3n de local con Heroicos de Colombia. Por su parte, los Domadores de Cuba superaron claramente a Caciques de Venezuela, con un resultado de 5-0.<\/p>\n<p>Los Representantes Argentinos:<\/p>\n<p>52kg- Ram\u00f3n Quiroga (Salta). Reciente campe\u00f3n argentino de mayores, debuta en WSB.<br \/>\n60kg- Joel Mafauad (Mendoza). Subcampe\u00f3n nacional de la categor\u00eda. Debuta en WSB.<br \/>\n69kg> Federico Schinina (CABA). Varias veces campe\u00f3n de la Liga Metropolitana de Boxeo. Debuta en WSB.<br \/>\n81kg- Juan Gabriel Risso Patr\u00f3n (Chaco). Tercera temporada en los C\u00f3ndors. Record WSB 0-3.<br \/>\n+91kg- Kevin Esp\u00edndola (San Pedro, Buenos Aires). Representante nacional en varios torneos juveniles, particip\u00f3 del \u00faltimo Torneo Preol\u00edmpico Buenos Aires 2016. Record WSB 1-1<\/p>\n","protected":false},"excerpt":{"rendered":"<p>Ma\u00f1ana en La Habana, por la segunda fecha de la Liga Mundial de Boxeo (WSB) de AIBA, el \u00faltimo campe\u00f3n recibir\u00e1 al equipo argentino. Televisa TyC Play (streaming). As\u00ed lo informo la Federaci\u00f3n Argentina de Box. La franquicia Argentina C\u00f3ndors comenz\u00f3 su participaci\u00f3n en la Temporada VII de la WSB cayendo 4 a 1 en [&hellip;]<\/p>\n","protected":false},"author":4,"featured_media":14857,"comment_status":"open","ping_status":"closed","sticky":false,"template":"","format":"standard","meta":{"om_disable_all_campaigns":false,"_jetpack_memberships_contains_paid_content":false,"footnotes":""},"categories":[5],"tags":[],"class_list":["post-14856","post","type-post","status-publish","format-standard","has-post-thumbnail","hentry","category-deportes"],"aioseo_notices":[],"gutentor_comment":0,"jetpack_featured_media_url":"https:\/\/eldiariodesanpedro.com.ar\/sitio\/wp-content\/uploads\/2017\/02\/Kevin-va-en-busca-de-hacer-un-buen-papel-en-la-liga-mundial.jpg","jetpack_shortlink":"https:\/\/wp.me\/p6RhLt-3RC","jetpack_sharing_enabled":true,"_links":{"self":[{"href":"https:\/\/eldiariodesanpedro.com.ar\/sitio\/wp-json\/wp\/v2\/posts\/14856","targetHints":{"allow":["GET"]}}],"collection":[{"href":"https:\/\/eldiariodesanpedro.com.ar\/sitio\/wp-json\/wp\/v2\/posts"}],"about":[{"href":"https:\/\/eldiariodesanpedro.com.ar\/sitio\/wp-json\/wp\/v2\/types\/post"}],"author":[{"embeddable":true,"href":"https:\/\/eldiariodesanpedro.com.ar\/sitio\/wp-json\/wp\/v2\/users\/4"}],"replies":[{"embeddable":true,"href":"https:\/\/eldiariodesanpedro.com.ar\/sitio\/wp-json\/wp\/v2\/comments?post=14856"}],"version-history":[{"count":1,"href":"https:\/\/eldiariodesanpedro.com.ar\/sitio\/wp-json\/wp\/v2\/posts\/14856\/revisions"}],"predecessor-version":[{"id":14858,"href":"https:\/\/eldiariodesanpedro.com.ar\/sitio\/wp-json\/wp\/v2\/posts\/14856\/revisions\/14858"}],"wp:featuredmedia":[{"embeddable":true,"href":"https:\/\/eldiariodesanpedro.com.ar\/sitio\/wp-json\/wp\/v2\/media\/14857"}],"wp:attachment":[{"href":"https:\/\/eldiariodesanpedro.com.ar\/sitio\/wp-json\/wp\/v2\/media?parent=14856"}],"wp:term":[{"taxonomy":"category","embeddable":true,"href":"https:\/\/eldiariodesanpedro.com.ar\/sitio\/wp-json\/wp\/v2\/categories?post=14856"},{"taxonomy":"post_tag","embeddable":true,"href":"https:\/\/eldiariodesanpedro.com.ar\/sitio\/wp-json\/wp\/v2\/tags?post=14856"}],"curies":[{"name":"wp","href":"https:\/\/api.w.org\/{rel}","templated":true}]}}