{"id":14853,"date":"2017-02-16T21:30:47","date_gmt":"2017-02-17T00:30:47","guid":{"rendered":"https:\/\/eldiariodesanpedro.com.ar\/sitio\/?p=14853"},"modified":"2017-02-16T21:30:47","modified_gmt":"2017-02-17T00:30:47","slug":"obras-ramallo-avanza-con-el-plan-de-infraestructura-2017","status":"publish","type":"post","link":"https:\/\/eldiariodesanpedro.com.ar\/sitio\/obras-ramallo-avanza-con-el-plan-de-infraestructura-2017\/","title":{"rendered":"OBRAS: Ramallo avanza con el Plan de Infraestructura 2017"},"content":{"rendered":"<p><!-- VideographyWP Plugin Message: Automatic video embedding prevented by plugin options. --><br \/>\nEl gobierno local, a trav\u00e9s de un comunicado de prensa, inform\u00f3 el proyecto conjunto al gobierno provincial de realizaci\u00f3n de obras de cloacas en El Para\u00edso, gas en Villa General Savio y 50 cuadras de pavimento en el partido de Ramallo.<\/p>\n<p>A trav\u00e9s de un comunicado de prensa se inform\u00f3: \u00abEl Intendente Mauro David Poletti  junto al Secretario de Hacienda, Hern\u00e1n V\u00e1zquez; y el Subsecretario de Obras P\u00fablicas, Maximiliano Cariboni se reunieron con los equipos t\u00e9cnicos de la Provincia de Buenos Aires a fin de avanzar con los proyectos para el Plan de Infraestructura de este a\u00f1o.<\/p>\n<p>  En esta direcci\u00f3n el Municipio de Ramallo junto al Gobierno de la Provincia de Buenos Aires plantearon continuar con un Proyecto de Pavimentaci\u00f3n de 50 cuadras en todo el Partido de Ramallo sumado a la Planta Cloacal Modular para la localidad de El Para\u00edso.<\/p>\n<p>  Gracias a esta acci\u00f3n la comunidad de dicha localidad definitivamente podr\u00e1 contar con este servicio que hoy no tiene siendo que hace d\u00e9cadas que reclaman por esta prestaci\u00f3n esencial fundamental para la salud e higiene de la poblaci\u00f3n.<\/p>\n<p>  Cabe resaltar que el Municipio de Ramallo, tal cual lo manifestaron los representantes del gobierno provincial, ha sido un ejemplo a seguir no s\u00f3lo por la realizaci\u00f3n de las obras sino por la rendici\u00f3n de todos los fondos que le fueron asignados para cada obra p\u00fablica. En este sentido la Municipalidad de Ramallo es una de las pocas administraciones que se encuentra al d\u00eda con todos los requerimientos planteados por la Provincia.<\/p>\n<p>  Las obras p\u00fablicas para todo el Partido de Ramallo se est\u00e1n llevando a cabo con fondos  Provinciales y tambi\u00e9n  fondos propios  del Municipio, generando as\u00ed un trabajo mancomunado entre las dos administraciones.<\/p>\n<p>  Con respecto a la obra de gas natural en Villa General Savio, el municipio estuvo trabajando todo el a\u00f1o y tiene previsto terminar con la etapa que posibilitar\u00e1 la conexi\u00f3n de los primeros vecinos a la red en un lapso de no m\u00e1s de dos meses\u00bb. (http:\/\/www.metafm.com.ar)<\/p>\n","protected":false},"excerpt":{"rendered":"<p>El gobierno local, a trav\u00e9s de un comunicado de prensa, inform\u00f3 el proyecto conjunto al gobierno provincial de realizaci\u00f3n de obras de cloacas en El Para\u00edso, gas en Villa General Savio y 50 cuadras de pavimento en el partido de Ramallo. A trav\u00e9s de un comunicado de prensa se inform\u00f3: \u00abEl Intendente Mauro David Poletti [&hellip;]<\/p>\n","protected":false},"author":4,"featured_media":14854,"comment_status":"open","ping_status":"closed","sticky":false,"template":"","format":"standard","meta":{"om_disable_all_campaigns":false,"_jetpack_memberships_contains_paid_content":false,"footnotes":""},"categories":[621],"tags":[],"class_list":["post-14853","post","type-post","status-publish","format-standard","has-post-thumbnail","hentry","category-regionales"],"aioseo_notices":[],"gutentor_comment":0,"jetpack_featured_media_url":"https:\/\/eldiariodesanpedro.com.ar\/sitio\/wp-content\/uploads\/2017\/02\/Plan-de-Infraestructura-2017.jpg","jetpack_shortlink":"https:\/\/wp.me\/p6RhLt-3Rz","jetpack_sharing_enabled":true,"_links":{"self":[{"href":"https:\/\/eldiariodesanpedro.com.ar\/sitio\/wp-json\/wp\/v2\/posts\/14853","targetHints":{"allow":["GET"]}}],"collection":[{"href":"https:\/\/eldiariodesanpedro.com.ar\/sitio\/wp-json\/wp\/v2\/posts"}],"about":[{"href":"https:\/\/eldiariodesanpedro.com.ar\/sitio\/wp-json\/wp\/v2\/types\/post"}],"author":[{"embeddable":true,"href":"https:\/\/eldiariodesanpedro.com.ar\/sitio\/wp-json\/wp\/v2\/users\/4"}],"replies":[{"embeddable":true,"href":"https:\/\/eldiariodesanpedro.com.ar\/sitio\/wp-json\/wp\/v2\/comments?post=14853"}],"version-history":[{"count":1,"href":"https:\/\/eldiariodesanpedro.com.ar\/sitio\/wp-json\/wp\/v2\/posts\/14853\/revisions"}],"predecessor-version":[{"id":14855,"href":"https:\/\/eldiariodesanpedro.com.ar\/sitio\/wp-json\/wp\/v2\/posts\/14853\/revisions\/14855"}],"wp:featuredmedia":[{"embeddable":true,"href":"https:\/\/eldiariodesanpedro.com.ar\/sitio\/wp-json\/wp\/v2\/media\/14854"}],"wp:attachment":[{"href":"https:\/\/eldiariodesanpedro.com.ar\/sitio\/wp-json\/wp\/v2\/media?parent=14853"}],"wp:term":[{"taxonomy":"category","embeddable":true,"href":"https:\/\/eldiariodesanpedro.com.ar\/sitio\/wp-json\/wp\/v2\/categories?post=14853"},{"taxonomy":"post_tag","embeddable":true,"href":"https:\/\/eldiariodesanpedro.com.ar\/sitio\/wp-json\/wp\/v2\/tags?post=14853"}],"curies":[{"name":"wp","href":"https:\/\/api.w.org\/{rel}","templated":true}]}}