{"id":148529,"date":"2026-03-04T16:39:04","date_gmt":"2026-03-04T19:39:04","guid":{"rendered":"https:\/\/eldiariodesanpedro.com.ar\/sitio\/?p=148529"},"modified":"2026-03-04T16:39:08","modified_gmt":"2026-03-04T19:39:08","slug":"san-pedro-planifica-trabajo-conjunto-con-el-ministerio-de-desarrollo-de-la-comunidad-bonaerense","status":"publish","type":"post","link":"https:\/\/eldiariodesanpedro.com.ar\/sitio\/san-pedro-planifica-trabajo-conjunto-con-el-ministerio-de-desarrollo-de-la-comunidad-bonaerense\/","title":{"rendered":"San Pedro planifica trabajo conjunto con el Ministerio de Desarrollo de la Comunidad bonaerense"},"content":{"rendered":"<!-- VideographyWP Plugin Message: Automatic video embedding prevented by plugin options. -->\n\n<p>Autoridades municipales y provinciales avanzan en proyectos sociales y programas habitacionales para fortalecer la asistencia y ampliar pol\u00edticas territoriales.<\/p>\n\n\n\n<p>La <strong>Secretar\u00eda de Desarrollo de la Comunidad de la Municipalidad de San Pedro<\/strong> particip\u00f3 de una reuni\u00f3n de trabajo en la <strong>Subsecretar\u00eda de Pol\u00edticas Sociales del Ministerio de Desarrollo de la Comunidad de la Provincia de Buenos Aires<\/strong>, con el objetivo de avanzar en <strong>nuevas l\u00edneas de cooperaci\u00f3n y financiamiento para programas sociales en el distrito<\/strong>.<\/p>\n\n\n\n<p>Durante el encuentro, el equipo municipal encabezado por <strong>el secretario de Desarrollo de la Comunidad, Walter S\u00e1nchez<\/strong>, present\u00f3 distintos proyectos orientados a <strong>fortalecer el trabajo territorial y ampliar la capacidad de asistencia de la secretar\u00eda<\/strong> en distintos barrios del partido.<\/p>\n\n\n\n<p>Entre los principales temas analizados se destac\u00f3 la <strong>planificaci\u00f3n para completar la obra del Hogar Sarmiento<\/strong>, una iniciativa considerada clave para fortalecer los dispositivos de acompa\u00f1amiento social en la ciudad. Adem\u00e1s, se evalu\u00f3 la <strong>adhesi\u00f3n al Programa de Mejoras Habitacionales<\/strong>, una herramienta que permitir\u00e1 <strong>reforzar y ampliar el programa municipal que actualmente se encuentra en marcha<\/strong>.<\/p>\n\n\n\n<p>El objetivo central de estas gestiones es <strong>profundizar la descentralizaci\u00f3n de las pol\u00edticas sociales y ampliar su alcance territorial<\/strong>, articulando recursos y estrategias con el gobierno provincial para responder a distintas necesidades de la comunidad.<\/p>\n\n\n\n<p>De la reuni\u00f3n participaron la <strong>subsecretaria de Pol\u00edticas Sociales, Bernarda Meglia Vivar\u00e9s<\/strong>, la <strong>coordinadora regional de Pol\u00edticas Sociales, Cecilia Silva<\/strong>, el <strong>secretario de Desarrollo de la Comunidad, Walter S\u00e1nchez<\/strong>, el <strong>director de Asistencia Directa, Jos\u00e9 Franchini<\/strong>, la <strong>referente de Programas Sociocomunitarios, Alejandra Fagnano<\/strong>, y <strong>Carolina Porta<\/strong>, responsable del <strong>Programa Municipal de Mejoras Habitacionales<\/strong>.<\/p>\n\n\n\n<p>#SanPedro #DesarrolloDeLaComunidad #PoliticasSociales #ProvinciaDeBuenosAires #WalterSanchez #MejorasHabitacionales #HogarSarmiento #GestionMunicipal<\/p>\n\n\n\n<figure class=\"wp-block-image size-full\"><img decoding=\"async\" width=\"974\" height=\"630\" data-attachment-id=\"148531\" data-permalink=\"https:\/\/eldiariodesanpedro.com.ar\/sitio\/san-pedro-planifica-trabajo-conjunto-con-el-ministerio-de-desarrollo-de-la-comunidad-bonaerense\/whatsapp-image-2026-03-04-at-12-37-55\/\" data-orig-file=\"https:\/\/eldiariodesanpedro.com.ar\/sitio\/wp-content\/uploads\/2026\/03\/WhatsApp-Image-2026-03-04-at-12.37.55.jpeg\" data-orig-size=\"974,630\" data-comments-opened=\"0\" data-image-meta=\"{&quot;aperture&quot;:&quot;0&quot;,&quot;credit&quot;:&quot;&quot;,&quot;camera&quot;:&quot;&quot;,&quot;caption&quot;:&quot;&quot;,&quot;created_timestamp&quot;:&quot;0&quot;,&quot;copyright&quot;:&quot;&quot;,&quot;focal_length&quot;:&quot;0&quot;,&quot;iso&quot;:&quot;0&quot;,&quot;shutter_speed&quot;:&quot;0&quot;,&quot;title&quot;:&quot;&quot;,&quot;orientation&quot;:&quot;0&quot;}\" data-image-title=\"WhatsApp Image 2026-03-04 at 12.37.55\" data-image-description=\"\" data-image-caption=\"\" data-large-file=\"https:\/\/eldiariodesanpedro.com.ar\/sitio\/wp-content\/uploads\/2026\/03\/WhatsApp-Image-2026-03-04-at-12.37.55.jpeg\" data-src=\"https:\/\/eldiariodesanpedro.com.ar\/sitio\/wp-content\/uploads\/2026\/03\/WhatsApp-Image-2026-03-04-at-12.37.55.jpeg\" alt=\"\" class=\"wp-image-148531 lazyload\" data-srcset=\"https:\/\/eldiariodesanpedro.com.ar\/sitio\/wp-content\/uploads\/2026\/03\/WhatsApp-Image-2026-03-04-at-12.37.55.jpeg 974w, https:\/\/eldiariodesanpedro.com.ar\/sitio\/wp-content\/uploads\/2026\/03\/WhatsApp-Image-2026-03-04-at-12.37.55-300x194.jpeg 300w, https:\/\/eldiariodesanpedro.com.ar\/sitio\/wp-content\/uploads\/2026\/03\/WhatsApp-Image-2026-03-04-at-12.37.55-768x497.jpeg 768w\" data-sizes=\"(max-width: 974px) 100vw, 974px\" src=\"data:image\/svg+xml;base64,PHN2ZyB3aWR0aD0iMSIgaGVpZ2h0PSIxIiB4bWxucz0iaHR0cDovL3d3dy53My5vcmcvMjAwMC9zdmciPjwvc3ZnPg==\" style=\"--smush-placeholder-width: 974px; --smush-placeholder-aspect-ratio: 974\/630;\" \/><\/figure>\n","protected":false},"excerpt":{"rendered":"<p>Autoridades municipales y provinciales avanzan en proyectos sociales y programas habitacionales para fortalecer la asistencia y ampliar pol\u00edticas territoriales. La Secretar\u00eda de Desarrollo de la Comunidad de la Municipalidad de San Pedro particip\u00f3 de una reuni\u00f3n de trabajo en la Subsecretar\u00eda de Pol\u00edticas Sociales del Ministerio de Desarrollo de la Comunidad de la Provincia de [&hellip;]<\/p>\n","protected":false},"author":4,"featured_media":148530,"comment_status":"closed","ping_status":"closed","sticky":false,"template":"","format":"standard","meta":{"om_disable_all_campaigns":false,"_jetpack_memberships_contains_paid_content":false,"footnotes":""},"categories":[101,2],"tags":[9076,9073,9078,9077,9079,9074,9075],"class_list":["post-148529","post","type-post","status-publish","format-standard","has-post-thumbnail","hentry","category-interes-general-locales","category-locales","tag-hogar-sarmiento-san-pedro-obra","tag-ministerio-de-desarrollo-de-la-comunidad-buenos-aires","tag-politicas-sociales-provincia-buenos-aires","tag-programa-mejoras-habitacionales-san-pedro","tag-reunion-desarrollo-social-san-pedro","tag-san-pedro-desarrollo-de-la-comunidad","tag-walter-sanchez-san-pedro"],"aioseo_notices":[],"gutentor_comment":0,"jetpack_featured_media_url":"https:\/\/eldiariodesanpedro.com.ar\/sitio\/wp-content\/uploads\/2026\/03\/medida-7.jpg","jetpack_shortlink":"https:\/\/wp.me\/p6RhLt-CDD","jetpack_sharing_enabled":true,"_links":{"self":[{"href":"https:\/\/eldiariodesanpedro.com.ar\/sitio\/wp-json\/wp\/v2\/posts\/148529","targetHints":{"allow":["GET"]}}],"collection":[{"href":"https:\/\/eldiariodesanpedro.com.ar\/sitio\/wp-json\/wp\/v2\/posts"}],"about":[{"href":"https:\/\/eldiariodesanpedro.com.ar\/sitio\/wp-json\/wp\/v2\/types\/post"}],"author":[{"embeddable":true,"href":"https:\/\/eldiariodesanpedro.com.ar\/sitio\/wp-json\/wp\/v2\/users\/4"}],"replies":[{"embeddable":true,"href":"https:\/\/eldiariodesanpedro.com.ar\/sitio\/wp-json\/wp\/v2\/comments?post=148529"}],"version-history":[{"count":1,"href":"https:\/\/eldiariodesanpedro.com.ar\/sitio\/wp-json\/wp\/v2\/posts\/148529\/revisions"}],"predecessor-version":[{"id":148532,"href":"https:\/\/eldiariodesanpedro.com.ar\/sitio\/wp-json\/wp\/v2\/posts\/148529\/revisions\/148532"}],"wp:featuredmedia":[{"embeddable":true,"href":"https:\/\/eldiariodesanpedro.com.ar\/sitio\/wp-json\/wp\/v2\/media\/148530"}],"wp:attachment":[{"href":"https:\/\/eldiariodesanpedro.com.ar\/sitio\/wp-json\/wp\/v2\/media?parent=148529"}],"wp:term":[{"taxonomy":"category","embeddable":true,"href":"https:\/\/eldiariodesanpedro.com.ar\/sitio\/wp-json\/wp\/v2\/categories?post=148529"},{"taxonomy":"post_tag","embeddable":true,"href":"https:\/\/eldiariodesanpedro.com.ar\/sitio\/wp-json\/wp\/v2\/tags?post=148529"}],"curies":[{"name":"wp","href":"https:\/\/api.w.org\/{rel}","templated":true}]}}