{"id":148526,"date":"2026-03-04T12:00:48","date_gmt":"2026-03-04T15:00:48","guid":{"rendered":"https:\/\/eldiariodesanpedro.com.ar\/sitio\/?p=148526"},"modified":"2026-03-04T12:00:52","modified_gmt":"2026-03-04T15:00:52","slug":"operativo-de-control-vehicular-termino-con-el-secuestro-de-nueve-motocicletas","status":"publish","type":"post","link":"https:\/\/eldiariodesanpedro.com.ar\/sitio\/operativo-de-control-vehicular-termino-con-el-secuestro-de-nueve-motocicletas\/","title":{"rendered":"Operativo de control vehicular termin\u00f3 con el secuestro de nueve motocicletas"},"content":{"rendered":"<!-- VideographyWP Plugin Message: Automatic video embedding prevented by plugin options. -->\n\n<p>Un operativo conjunto de tr\u00e1nsito y fuerzas de seguridad deriv\u00f3 en el <strong>secuestro de nueve motocicletas<\/strong> por falta de documentaci\u00f3n y otras infracciones detectadas en distintos puntos de la ciudad.<\/p>\n\n\n\n<p>Un <strong>operativo de control vehicular realizado en distintos sectores de la ciudad<\/strong> concluy\u00f3 con el <strong>secuestro de nueve motocicletas<\/strong> que presentaban diversas irregularidades para circular. El procedimiento fue llevado adelante por <strong>inspectores de la Direcci\u00f3n de Tr\u00e1nsito de la Municipalidad junto a efectivos del Grupo de Apoyo Departamental (GAD)<\/strong>.<\/p>\n\n\n\n<p>Durante las tareas preventivas, los agentes realizaron <strong>controles sobre el cumplimiento de las normas de seguridad vial<\/strong>, verificando documentaci\u00f3n obligatoria, condiciones de los veh\u00edculos y el uso de los elementos de protecci\u00f3n correspondientes.<\/p>\n\n\n\n<p>Como resultado de las inspecciones, <strong>nueve motocicletas fueron retenidas<\/strong> debido a <strong>faltas totales o parciales en la documentaci\u00f3n requerida para circular<\/strong>, situaci\u00f3n que motiv\u00f3 la confecci\u00f3n de actas de infracci\u00f3n.<\/p>\n\n\n\n<p>Desde fuentes oficiales indicaron que <strong>otra de las infracciones detectadas con mayor frecuencia fue la falta de casco protector por parte de los conductores<\/strong>, un elemento considerado <strong>obligatorio y clave para la seguridad vial<\/strong>.<\/p>\n\n\n\n<p>Las <strong>motocicletas secuestradas fueron trasladadas al dep\u00f3sito municipal<\/strong>, donde permanecer\u00e1n <strong>a disposici\u00f3n del Juzgado de Faltas<\/strong> hasta que los propietarios regularicen la documentaci\u00f3n correspondiente y abonen las multas establecidas por la normativa vigente.<\/p>\n\n\n\n<p>Las autoridades adelantaron que <strong>este tipo de operativos de control y saturaci\u00f3n continuar\u00e1n realiz\u00e1ndose de forma sorpresiva en diferentes barrios<\/strong>, con el objetivo de <strong>reforzar la seguridad vial y promover el cumplimiento de las normas de tr\u00e1nsito<\/strong>.<\/p>\n\n\n\n<p>#SanPedro #Transito #ControlVehicular #SeguridadVial #Operativo #Motocicletas #Prevencion #Policia #GAD #Infracciones<\/p>\n","protected":false},"excerpt":{"rendered":"<p>Un operativo conjunto de tr\u00e1nsito y fuerzas de seguridad deriv\u00f3 en el secuestro de nueve motocicletas por falta de documentaci\u00f3n y otras infracciones detectadas en distintos puntos de la ciudad. Un operativo de control vehicular realizado en distintos sectores de la ciudad concluy\u00f3 con el secuestro de nueve motocicletas que presentaban diversas irregularidades para circular. [&hellip;]<\/p>\n","protected":false},"author":4,"featured_media":148527,"comment_status":"closed","ping_status":"closed","sticky":false,"template":"","format":"standard","meta":{"om_disable_all_campaigns":false,"_jetpack_memberships_contains_paid_content":false,"footnotes":""},"categories":[2,103],"tags":[9067,9071,9070,9072,6532,6196,9068,9069],"class_list":["post-148526","post","type-post","status-publish","format-standard","has-post-thumbnail","hentry","category-locales","category-policiales-locales","tag-control-vehicular-san-pedro","tag-controles-municipales","tag-falta-de-casco","tag-gad-san-pedro","tag-infracciones-de-transito","tag-operativo-de-transito","tag-secuestro-de-motocicletas","tag-seguridad-vial-san-pedro"],"aioseo_notices":[],"gutentor_comment":0,"jetpack_featured_media_url":"https:\/\/eldiariodesanpedro.com.ar\/sitio\/wp-content\/uploads\/2026\/03\/Motos-secuestradas-.jpg","jetpack_shortlink":"https:\/\/wp.me\/p6RhLt-CDA","jetpack_sharing_enabled":true,"_links":{"self":[{"href":"https:\/\/eldiariodesanpedro.com.ar\/sitio\/wp-json\/wp\/v2\/posts\/148526","targetHints":{"allow":["GET"]}}],"collection":[{"href":"https:\/\/eldiariodesanpedro.com.ar\/sitio\/wp-json\/wp\/v2\/posts"}],"about":[{"href":"https:\/\/eldiariodesanpedro.com.ar\/sitio\/wp-json\/wp\/v2\/types\/post"}],"author":[{"embeddable":true,"href":"https:\/\/eldiariodesanpedro.com.ar\/sitio\/wp-json\/wp\/v2\/users\/4"}],"replies":[{"embeddable":true,"href":"https:\/\/eldiariodesanpedro.com.ar\/sitio\/wp-json\/wp\/v2\/comments?post=148526"}],"version-history":[{"count":1,"href":"https:\/\/eldiariodesanpedro.com.ar\/sitio\/wp-json\/wp\/v2\/posts\/148526\/revisions"}],"predecessor-version":[{"id":148528,"href":"https:\/\/eldiariodesanpedro.com.ar\/sitio\/wp-json\/wp\/v2\/posts\/148526\/revisions\/148528"}],"wp:featuredmedia":[{"embeddable":true,"href":"https:\/\/eldiariodesanpedro.com.ar\/sitio\/wp-json\/wp\/v2\/media\/148527"}],"wp:attachment":[{"href":"https:\/\/eldiariodesanpedro.com.ar\/sitio\/wp-json\/wp\/v2\/media?parent=148526"}],"wp:term":[{"taxonomy":"category","embeddable":true,"href":"https:\/\/eldiariodesanpedro.com.ar\/sitio\/wp-json\/wp\/v2\/categories?post=148526"},{"taxonomy":"post_tag","embeddable":true,"href":"https:\/\/eldiariodesanpedro.com.ar\/sitio\/wp-json\/wp\/v2\/tags?post=148526"}],"curies":[{"name":"wp","href":"https:\/\/api.w.org\/{rel}","templated":true}]}}