{"id":148523,"date":"2026-03-04T11:53:22","date_gmt":"2026-03-04T14:53:22","guid":{"rendered":"https:\/\/eldiariodesanpedro.com.ar\/sitio\/?p=148523"},"modified":"2026-03-04T11:53:25","modified_gmt":"2026-03-04T14:53:25","slug":"san-pedro-refuerza-controles-sobre-vehiculos-estacionados-por-largos-periodos-en-la-via-publica","status":"publish","type":"post","link":"https:\/\/eldiariodesanpedro.com.ar\/sitio\/san-pedro-refuerza-controles-sobre-vehiculos-estacionados-por-largos-periodos-en-la-via-publica\/","title":{"rendered":"San Pedro refuerza controles sobre veh\u00edculos estacionados por largos per\u00edodos en la v\u00eda p\u00fablica"},"content":{"rendered":"<!-- VideographyWP Plugin Message: Automatic video embedding prevented by plugin options. -->\n\n<p><em>El Municipio inici\u00f3 una campa\u00f1a de concientizaci\u00f3n y control para evitar que veh\u00edculos permanezcan estacionados m\u00e1s de cinco d\u00edas en el mismo lugar.<\/em><\/p>\n\n\n\n<p>El <strong>Municipio de San Pedro<\/strong> puso en marcha una <strong>campa\u00f1a de concientizaci\u00f3n y control destinada a optimizar el uso del espacio p\u00fablico y mejorar la circulaci\u00f3n vehicular en los distintos barrios de la ciudad<\/strong>. La iniciativa es coordinada por la <strong>Direcci\u00f3n de Tr\u00e1nsito<\/strong>, dependiente de la <strong>Secretar\u00eda de Seguridad<\/strong>, y apunta principalmente a los veh\u00edculos que permanecen inmovilizados durante largos per\u00edodos en la v\u00eda p\u00fablica.<\/p>\n\n\n\n<p>Desde la comuna explicaron que <strong>un autom\u00f3vil estacionado durante muchos d\u00edas en el mismo lugar reduce la disponibilidad de estacionamiento para otros vecinos<\/strong> y adem\u00e1s <strong>dificulta las tareas de limpieza y mantenimiento urbano<\/strong>. A esto se suma que estos rodados pueden <strong>convertirse en focos de suciedad o generar situaciones de riesgo para la seguridad vial y ciudadana<\/strong>.<\/p>\n\n\n\n<p>En este contexto, las autoridades informaron que <strong>se prestar\u00e1 especial atenci\u00f3n a los veh\u00edculos que permanezcan estacionados de manera continua por m\u00e1s de cinco d\u00edas en un mismo punto<\/strong>. La medida se sustenta en la <strong>Ley Nacional de Tr\u00e1nsito N\u00ba 24.449<\/strong>, que en su <strong>art\u00edculo 49 proh\u00edbe el estacionamiento en zonas urbanas por un lapso superior a cinco d\u00edas o el tiempo que determine la autoridad local<\/strong>.<\/p>\n\n\n\n<p>Ante esta situaci\u00f3n, el Municipio recomend\u00f3 a los propietarios <strong>reubicar los veh\u00edculos, guardarlos en espacios privados o regularizar su situaci\u00f3n lo antes posible<\/strong>, con el objetivo de favorecer <strong>un uso m\u00e1s ordenado y eficiente del espacio p\u00fablico<\/strong>.<\/p>\n\n\n\n<p>Finalmente, se inform\u00f3 que <strong>en caso de verificarse el incumplimiento de la normativa vigente podr\u00e1n aplicarse sanciones<\/strong>, entre ellas <strong>la remoci\u00f3n del veh\u00edculo mediante el servicio de gr\u00faa municipal<\/strong>, medida que busca garantizar el ordenamiento de la v\u00eda p\u00fablica y el normal funcionamiento del tr\u00e1nsito.<\/p>\n\n\n\n<p>#SanPedro #Transito #EspacioPublico #ControlVehicular #OrdenUrbano #SeguridadVial #Municipio<br><\/p>\n","protected":false},"excerpt":{"rendered":"<p>El Municipio inici\u00f3 una campa\u00f1a de concientizaci\u00f3n y control para evitar que veh\u00edculos permanezcan estacionados m\u00e1s de cinco d\u00edas en el mismo lugar. El Municipio de San Pedro puso en marcha una campa\u00f1a de concientizaci\u00f3n y control destinada a optimizar el uso del espacio p\u00fablico y mejorar la circulaci\u00f3n vehicular en los distintos barrios de [&hellip;]<\/p>\n","protected":false},"author":4,"featured_media":148524,"comment_status":"closed","ping_status":"closed","sticky":false,"template":"","format":"standard","meta":{"om_disable_all_campaigns":false,"_jetpack_memberships_contains_paid_content":false,"footnotes":""},"categories":[50,101,2],"tags":[7190,9065,9064,9066,7839,9063],"class_list":["post-148523","post","type-post","status-publish","format-standard","has-post-thumbnail","hentry","category-destacadas","category-interes-general-locales","category-locales","tag-controles-de-transito-san-pedro","tag-estacionamiento-prolongado","tag-ley-nacional-de-transito-24449","tag-ordenamiento-urbano-san-pedro","tag-san-pedro-transito","tag-vehiculos-estacionados-via-publica"],"aioseo_notices":[],"gutentor_comment":0,"jetpack_featured_media_url":"https:\/\/eldiariodesanpedro.com.ar\/sitio\/wp-content\/uploads\/2026\/03\/GRUA.jpg","jetpack_shortlink":"https:\/\/wp.me\/p6RhLt-CDx","jetpack_sharing_enabled":true,"_links":{"self":[{"href":"https:\/\/eldiariodesanpedro.com.ar\/sitio\/wp-json\/wp\/v2\/posts\/148523","targetHints":{"allow":["GET"]}}],"collection":[{"href":"https:\/\/eldiariodesanpedro.com.ar\/sitio\/wp-json\/wp\/v2\/posts"}],"about":[{"href":"https:\/\/eldiariodesanpedro.com.ar\/sitio\/wp-json\/wp\/v2\/types\/post"}],"author":[{"embeddable":true,"href":"https:\/\/eldiariodesanpedro.com.ar\/sitio\/wp-json\/wp\/v2\/users\/4"}],"replies":[{"embeddable":true,"href":"https:\/\/eldiariodesanpedro.com.ar\/sitio\/wp-json\/wp\/v2\/comments?post=148523"}],"version-history":[{"count":1,"href":"https:\/\/eldiariodesanpedro.com.ar\/sitio\/wp-json\/wp\/v2\/posts\/148523\/revisions"}],"predecessor-version":[{"id":148525,"href":"https:\/\/eldiariodesanpedro.com.ar\/sitio\/wp-json\/wp\/v2\/posts\/148523\/revisions\/148525"}],"wp:featuredmedia":[{"embeddable":true,"href":"https:\/\/eldiariodesanpedro.com.ar\/sitio\/wp-json\/wp\/v2\/media\/148524"}],"wp:attachment":[{"href":"https:\/\/eldiariodesanpedro.com.ar\/sitio\/wp-json\/wp\/v2\/media?parent=148523"}],"wp:term":[{"taxonomy":"category","embeddable":true,"href":"https:\/\/eldiariodesanpedro.com.ar\/sitio\/wp-json\/wp\/v2\/categories?post=148523"},{"taxonomy":"post_tag","embeddable":true,"href":"https:\/\/eldiariodesanpedro.com.ar\/sitio\/wp-json\/wp\/v2\/tags?post=148523"}],"curies":[{"name":"wp","href":"https:\/\/api.w.org\/{rel}","templated":true}]}}