{"id":148519,"date":"2026-03-04T11:43:05","date_gmt":"2026-03-04T14:43:05","guid":{"rendered":"https:\/\/eldiariodesanpedro.com.ar\/sitio\/?p=148519"},"modified":"2026-03-04T11:46:34","modified_gmt":"2026-03-04T14:46:34","slug":"aprehenden-a-un-hombre-de-46-anos-por-portar-un-arma-blanca-en-la-via-publica","status":"publish","type":"post","link":"https:\/\/eldiariodesanpedro.com.ar\/sitio\/aprehenden-a-un-hombre-de-46-anos-por-portar-un-arma-blanca-en-la-via-publica\/","title":{"rendered":"Aprehenden a un hombre de 46 a\u00f1os por portar un arma blanca en la v\u00eda p\u00fablica"},"content":{"rendered":"<!-- VideographyWP Plugin Message: Automatic video embedding prevented by plugin options. -->\n\n<p><strong>Un hombre de 46 a\u00f1os fue aprehendido durante la madrugada tras ser encontrado con un arma blanca en la v\u00eda p\u00fablica. El procedimiento fue realizado por personal policial y tom\u00f3 intervenci\u00f3n el Juzgado de Paz local.<\/strong><\/p>\n\n\n\n<p>Durante la madrugada de este mi\u00e9rcoles, <strong>personal policial procedi\u00f3 a la aprehensi\u00f3n de un hombre de 46 a\u00f1os<\/strong> en un procedimiento realizado en la intersecci\u00f3n de <strong>las calles Lucio Mansilla e Ituzaing\u00f3<\/strong>.<\/p>\n\n\n\n<p>Seg\u00fan informaron fuentes policiales, <strong>el individuo se encontraba en la v\u00eda p\u00fablica portando un arma blanca<\/strong>, situaci\u00f3n que motiv\u00f3 la inmediata intervenci\u00f3n de los efectivos que realizaban recorridas preventivas en la zona.<\/p>\n\n\n\n<p>Tras ser identificado, <strong>el hombre fue aprehendido en el lugar y trasladado a la dependencia policial<\/strong>, donde se iniciaron las actuaciones correspondientes.<\/p>\n\n\n\n<p>En el hecho <strong>interviene el Juzgado de Paz local<\/strong>, que dispuso las actuaciones de rigor en el marco de la infracci\u00f3n detectada.<\/p>\n","protected":false},"excerpt":{"rendered":"<p>Un hombre de 46 a\u00f1os fue aprehendido durante la madrugada tras ser encontrado con un arma blanca en la v\u00eda p\u00fablica. El procedimiento fue realizado por personal policial y tom\u00f3 intervenci\u00f3n el Juzgado de Paz local. Durante la madrugada de este mi\u00e9rcoles, personal policial procedi\u00f3 a la aprehensi\u00f3n de un hombre de 46 a\u00f1os en [&hellip;]<\/p>\n","protected":false},"author":4,"featured_media":148520,"comment_status":"closed","ping_status":"closed","sticky":false,"template":"","format":"standard","meta":{"om_disable_all_campaigns":false,"_jetpack_memberships_contains_paid_content":false,"footnotes":""},"categories":[2,103],"tags":[9061,8012,260,9062,6328,628],"class_list":["post-148519","post","type-post","status-publish","format-standard","has-post-thumbnail","hentry","category-locales","category-policiales-locales","tag-aprehension-hombre-arma-blanca","tag-hecho-policial","tag-policia","tag-portacion-arma-blanca-via-publica","tag-procedimiento-policial","tag-seguridad"],"aioseo_notices":[],"gutentor_comment":0,"jetpack_featured_media_url":"https:\/\/eldiariodesanpedro.com.ar\/sitio\/wp-content\/uploads\/2026\/03\/medida-6.jpg","jetpack_shortlink":"https:\/\/wp.me\/p6RhLt-CDt","jetpack_sharing_enabled":true,"_links":{"self":[{"href":"https:\/\/eldiariodesanpedro.com.ar\/sitio\/wp-json\/wp\/v2\/posts\/148519","targetHints":{"allow":["GET"]}}],"collection":[{"href":"https:\/\/eldiariodesanpedro.com.ar\/sitio\/wp-json\/wp\/v2\/posts"}],"about":[{"href":"https:\/\/eldiariodesanpedro.com.ar\/sitio\/wp-json\/wp\/v2\/types\/post"}],"author":[{"embeddable":true,"href":"https:\/\/eldiariodesanpedro.com.ar\/sitio\/wp-json\/wp\/v2\/users\/4"}],"replies":[{"embeddable":true,"href":"https:\/\/eldiariodesanpedro.com.ar\/sitio\/wp-json\/wp\/v2\/comments?post=148519"}],"version-history":[{"count":1,"href":"https:\/\/eldiariodesanpedro.com.ar\/sitio\/wp-json\/wp\/v2\/posts\/148519\/revisions"}],"predecessor-version":[{"id":148521,"href":"https:\/\/eldiariodesanpedro.com.ar\/sitio\/wp-json\/wp\/v2\/posts\/148519\/revisions\/148521"}],"wp:featuredmedia":[{"embeddable":true,"href":"https:\/\/eldiariodesanpedro.com.ar\/sitio\/wp-json\/wp\/v2\/media\/148520"}],"wp:attachment":[{"href":"https:\/\/eldiariodesanpedro.com.ar\/sitio\/wp-json\/wp\/v2\/media?parent=148519"}],"wp:term":[{"taxonomy":"category","embeddable":true,"href":"https:\/\/eldiariodesanpedro.com.ar\/sitio\/wp-json\/wp\/v2\/categories?post=148519"},{"taxonomy":"post_tag","embeddable":true,"href":"https:\/\/eldiariodesanpedro.com.ar\/sitio\/wp-json\/wp\/v2\/tags?post=148519"}],"curies":[{"name":"wp","href":"https:\/\/api.w.org\/{rel}","templated":true}]}}