{"id":14850,"date":"2017-02-16T21:28:08","date_gmt":"2017-02-17T00:28:08","guid":{"rendered":"https:\/\/eldiariodesanpedro.com.ar\/sitio\/?p=14850"},"modified":"2017-02-16T21:28:08","modified_gmt":"2017-02-17T00:28:08","slug":"san-nicolas-passaglia-puso-en-funciones-a-los-nuevos-secretarios","status":"publish","type":"post","link":"https:\/\/eldiariodesanpedro.com.ar\/sitio\/san-nicolas-passaglia-puso-en-funciones-a-los-nuevos-secretarios\/","title":{"rendered":"SAN NICOL\u00c1S: Passaglia puso en funciones a los nuevos secretarios"},"content":{"rendered":"<p><!-- VideographyWP Plugin Message: Automatic video embedding prevented by plugin options. --><br \/>\nEl intendente complet\u00f3 el organigrama del Departamento Ejecutivo al poner en funciones a su hijo Manuel al frente de la Secretar\u00eda de Gesti\u00f3n, y a Agustina Gruffat en la Secretar\u00eda de Gobierno.<\/p>\n<p>En rueda de prensa, Passaglia confirmaba esta ma\u00f1ana lo que este medio hab\u00eda adelantado pocas horas antes. La dra Gruffat es abogada, especializada en derecho Administrativo. Y tiene la experiencia de haber sido Presidenta del Honorable Concejo Deliberante, lo cual le permite desempe\u00f1arse con idoneidad en el cargo para el cuan ha sido designada\u201d, explic\u00f3 Passaglia. Gruffat asume la Secretar\u00eda que durante los \u00fatimos tres a\u00f1os tuviera como titular a Ignacio Mateucci, quien present\u00f3 la renuncia al cargo para asumir como Delegado Administrador del Puerto de San Nicol\u00e1s.<\/p>\n<p>\u201cEl contador Manuel Passaglia hab\u00eda estado al frente de esta Secretar\u00eda durante los cuatros primeros a\u00f1os de gesti\u00f3n. Renunci\u00f3 al cargo para asumir como concejal, pero ahora se incorpora nuevamente al Ejecutivo porque consideramos que es un \u00e1rea de gobierno fundamental, que estar\u00e1 bajo la \u00f3rbita de un funcionario que conoce acabadamente lo que tiene que ver con la planificaci\u00f3n de la obra p\u00fablica, el deporte y la cultura\u201d, expres\u00f3 Passaglia. (http:\/\/www.diarioelnorte.com.ar)<\/p>\n","protected":false},"excerpt":{"rendered":"<p>El intendente complet\u00f3 el organigrama del Departamento Ejecutivo al poner en funciones a su hijo Manuel al frente de la Secretar\u00eda de Gesti\u00f3n, y a Agustina Gruffat en la Secretar\u00eda de Gobierno. En rueda de prensa, Passaglia confirmaba esta ma\u00f1ana lo que este medio hab\u00eda adelantado pocas horas antes. La dra Gruffat es abogada, especializada [&hellip;]<\/p>\n","protected":false},"author":4,"featured_media":14851,"comment_status":"open","ping_status":"closed","sticky":false,"template":"","format":"standard","meta":{"om_disable_all_campaigns":false,"_jetpack_memberships_contains_paid_content":false,"footnotes":""},"categories":[621],"tags":[],"class_list":["post-14850","post","type-post","status-publish","format-standard","has-post-thumbnail","hentry","category-regionales"],"aioseo_notices":[],"gutentor_comment":0,"jetpack_featured_media_url":"https:\/\/eldiariodesanpedro.com.ar\/sitio\/wp-content\/uploads\/2017\/02\/Passaglia-puso-en-funciones-a-los-nuevos-secretarios.jpg","jetpack_shortlink":"https:\/\/wp.me\/p6RhLt-3Rw","jetpack_sharing_enabled":true,"_links":{"self":[{"href":"https:\/\/eldiariodesanpedro.com.ar\/sitio\/wp-json\/wp\/v2\/posts\/14850","targetHints":{"allow":["GET"]}}],"collection":[{"href":"https:\/\/eldiariodesanpedro.com.ar\/sitio\/wp-json\/wp\/v2\/posts"}],"about":[{"href":"https:\/\/eldiariodesanpedro.com.ar\/sitio\/wp-json\/wp\/v2\/types\/post"}],"author":[{"embeddable":true,"href":"https:\/\/eldiariodesanpedro.com.ar\/sitio\/wp-json\/wp\/v2\/users\/4"}],"replies":[{"embeddable":true,"href":"https:\/\/eldiariodesanpedro.com.ar\/sitio\/wp-json\/wp\/v2\/comments?post=14850"}],"version-history":[{"count":1,"href":"https:\/\/eldiariodesanpedro.com.ar\/sitio\/wp-json\/wp\/v2\/posts\/14850\/revisions"}],"predecessor-version":[{"id":14852,"href":"https:\/\/eldiariodesanpedro.com.ar\/sitio\/wp-json\/wp\/v2\/posts\/14850\/revisions\/14852"}],"wp:featuredmedia":[{"embeddable":true,"href":"https:\/\/eldiariodesanpedro.com.ar\/sitio\/wp-json\/wp\/v2\/media\/14851"}],"wp:attachment":[{"href":"https:\/\/eldiariodesanpedro.com.ar\/sitio\/wp-json\/wp\/v2\/media?parent=14850"}],"wp:term":[{"taxonomy":"category","embeddable":true,"href":"https:\/\/eldiariodesanpedro.com.ar\/sitio\/wp-json\/wp\/v2\/categories?post=14850"},{"taxonomy":"post_tag","embeddable":true,"href":"https:\/\/eldiariodesanpedro.com.ar\/sitio\/wp-json\/wp\/v2\/tags?post=14850"}],"curies":[{"name":"wp","href":"https:\/\/api.w.org\/{rel}","templated":true}]}}