{"id":148493,"date":"2026-03-03T19:25:09","date_gmt":"2026-03-03T22:25:09","guid":{"rendered":"https:\/\/eldiariodesanpedro.com.ar\/sitio\/?p=148493"},"modified":"2026-03-03T19:25:12","modified_gmt":"2026-03-03T22:25:12","slug":"fallecio-una-mujer-de-63-anos-tras-un-accidente-en-motocicleta","status":"publish","type":"post","link":"https:\/\/eldiariodesanpedro.com.ar\/sitio\/fallecio-una-mujer-de-63-anos-tras-un-accidente-en-motocicleta\/","title":{"rendered":"Falleci\u00f3 una mujer de 63 a\u00f1os tras un accidente en motocicleta"},"content":{"rendered":"<!-- VideographyWP Plugin Message: Automatic video embedding prevented by plugin options. -->\n\n<p><strong>Elsa Beatriz Garc\u00eda, vecina de R\u00edo Tala, muri\u00f3 luego de permanecer varios d\u00edas internada tras un accidente ocurrido en San Pedro.<\/strong><\/p>\n\n\n\n<p>Una <strong>mujer de 63 a\u00f1os falleci\u00f3 como consecuencia de las graves lesiones sufridas en un accidente de tr\u00e1nsito ocurrido el pasado 25 de febrero<\/strong> en la ciudad de San Pedro. La v\u00edctima fue identificada como <strong>Elsa Beatriz Garc\u00eda, oriunda de la localidad de R\u00edo Tala<\/strong>.<\/p>\n\n\n\n<p>El siniestro se produjo <strong>alrededor de las 10 de la ma\u00f1ana en la intersecci\u00f3n de Sin\u00f3nimo y Miguel Porta<\/strong>, cuando la mujer <strong>circulaba en una motocicleta 110 cc de color gris acompa\u00f1ada por su nieto de 18 a\u00f1os<\/strong>, quien conduc\u00eda el rodado.<\/p>\n\n\n\n<p>Por causas que se intentan establecer, <strong>el conductor perdi\u00f3 el control de la motocicleta y ambos ocupantes cayeron sobre la cinta asf\u00e1ltica<\/strong>. Como consecuencia del impacto, <strong>Garc\u00eda sufri\u00f3 heridas de gravedad y debi\u00f3 ser trasladada para recibir atenci\u00f3n m\u00e9dica especializada<\/strong>.<\/p>\n\n\n\n<p>Debido a la complejidad de su estado, <strong>la mujer fue derivada a un centro de salud en la ciudad de Pergamino<\/strong>, donde permaneci\u00f3 internada durante varios d\u00edas. <strong>Este domingo se confirm\u00f3 su fallecimiento<\/strong>, producto de las lesiones sufridas en el accidente.<\/p>\n\n\n\n<p>El hecho gener\u00f3 <strong>profundo pesar entre familiares, amigos y vecinos de R\u00edo Tala<\/strong>, localidad de donde era oriunda la v\u00edctima.<\/p>\n\n\n\n<p>#SanPedro #RioTala #Accidente #Tr\u00e1nsito #TristeNoticia #AccidenteMoto #Policiales #Noticias<\/p>\n\n\n\n<div class=\"wp-block-jetpack-slideshow aligncenter\" data-effect=\"slide\" style=\"--aspect-ratio:calc(640 \/ 360)\"><div class=\"wp-block-jetpack-slideshow_container swiper\"><ul class=\"wp-block-jetpack-slideshow_swiper-wrapper swiper-wrapper\"><li class=\"wp-block-jetpack-slideshow_slide swiper-slide\"><figure><img decoding=\"async\" width=\"1024\" height=\"576\" alt=\"\" class=\"wp-block-jetpack-slideshow_image wp-image-148496 lazyload\" data-id=\"148496\" data-aspect-ratio=\"640 \/ 360\" data-src=\"https:\/\/eldiariodesanpedro.com.ar\/sitio\/wp-content\/uploads\/2026\/03\/WhatsApp-Image-2026-03-03-at-18.59.37-1024x576.jpeg\" data-srcset=\"https:\/\/eldiariodesanpedro.com.ar\/sitio\/wp-content\/uploads\/2026\/03\/WhatsApp-Image-2026-03-03-at-18.59.37-1024x576.jpeg 1024w, https:\/\/eldiariodesanpedro.com.ar\/sitio\/wp-content\/uploads\/2026\/03\/WhatsApp-Image-2026-03-03-at-18.59.37-300x169.jpeg 300w, https:\/\/eldiariodesanpedro.com.ar\/sitio\/wp-content\/uploads\/2026\/03\/WhatsApp-Image-2026-03-03-at-18.59.37-768x432.jpeg 768w, https:\/\/eldiariodesanpedro.com.ar\/sitio\/wp-content\/uploads\/2026\/03\/WhatsApp-Image-2026-03-03-at-18.59.37.jpeg 1120w\" data-sizes=\"(max-width: 1024px) 100vw, 1024px\" src=\"data:image\/svg+xml;base64,PHN2ZyB3aWR0aD0iMSIgaGVpZ2h0PSIxIiB4bWxucz0iaHR0cDovL3d3dy53My5vcmcvMjAwMC9zdmciPjwvc3ZnPg==\" style=\"--smush-placeholder-width: 1024px; --smush-placeholder-aspect-ratio: 1024\/576;\" \/><\/figure><\/li><li class=\"wp-block-jetpack-slideshow_slide swiper-slide\"><figure><img decoding=\"async\" width=\"1024\" height=\"576\" alt=\"\" class=\"wp-block-jetpack-slideshow_image wp-image-148495 lazyload\" data-id=\"148495\" data-aspect-ratio=\"640 \/ 360\" data-src=\"https:\/\/eldiariodesanpedro.com.ar\/sitio\/wp-content\/uploads\/2026\/03\/WhatsApp-Image-2026-03-03-at-18.59.36-1024x576.jpeg\" data-srcset=\"https:\/\/eldiariodesanpedro.com.ar\/sitio\/wp-content\/uploads\/2026\/03\/WhatsApp-Image-2026-03-03-at-18.59.36-1024x576.jpeg 1024w, https:\/\/eldiariodesanpedro.com.ar\/sitio\/wp-content\/uploads\/2026\/03\/WhatsApp-Image-2026-03-03-at-18.59.36-300x169.jpeg 300w, https:\/\/eldiariodesanpedro.com.ar\/sitio\/wp-content\/uploads\/2026\/03\/WhatsApp-Image-2026-03-03-at-18.59.36-768x432.jpeg 768w, https:\/\/eldiariodesanpedro.com.ar\/sitio\/wp-content\/uploads\/2026\/03\/WhatsApp-Image-2026-03-03-at-18.59.36.jpeg 1120w\" data-sizes=\"(max-width: 1024px) 100vw, 1024px\" src=\"data:image\/svg+xml;base64,PHN2ZyB3aWR0aD0iMSIgaGVpZ2h0PSIxIiB4bWxucz0iaHR0cDovL3d3dy53My5vcmcvMjAwMC9zdmciPjwvc3ZnPg==\" style=\"--smush-placeholder-width: 1024px; --smush-placeholder-aspect-ratio: 1024\/576;\" \/><\/figure><\/li><li class=\"wp-block-jetpack-slideshow_slide swiper-slide\"><figure><img decoding=\"async\" width=\"1024\" height=\"576\" alt=\"\" class=\"wp-block-jetpack-slideshow_image wp-image-148494 lazyload\" data-id=\"148494\" data-aspect-ratio=\"640 \/ 360\" data-src=\"https:\/\/eldiariodesanpedro.com.ar\/sitio\/wp-content\/uploads\/2026\/03\/WhatsApp-Image-2026-03-03-at-18.59.36-1-1024x576.jpeg\" data-srcset=\"https:\/\/eldiariodesanpedro.com.ar\/sitio\/wp-content\/uploads\/2026\/03\/WhatsApp-Image-2026-03-03-at-18.59.36-1-1024x576.jpeg 1024w, https:\/\/eldiariodesanpedro.com.ar\/sitio\/wp-content\/uploads\/2026\/03\/WhatsApp-Image-2026-03-03-at-18.59.36-1-300x169.jpeg 300w, https:\/\/eldiariodesanpedro.com.ar\/sitio\/wp-content\/uploads\/2026\/03\/WhatsApp-Image-2026-03-03-at-18.59.36-1-768x432.jpeg 768w, https:\/\/eldiariodesanpedro.com.ar\/sitio\/wp-content\/uploads\/2026\/03\/WhatsApp-Image-2026-03-03-at-18.59.36-1.jpeg 1120w\" data-sizes=\"(max-width: 1024px) 100vw, 1024px\" src=\"data:image\/svg+xml;base64,PHN2ZyB3aWR0aD0iMSIgaGVpZ2h0PSIxIiB4bWxucz0iaHR0cDovL3d3dy53My5vcmcvMjAwMC9zdmciPjwvc3ZnPg==\" style=\"--smush-placeholder-width: 1024px; --smush-placeholder-aspect-ratio: 1024\/576;\" \/><\/figure><\/li><li class=\"wp-block-jetpack-slideshow_slide swiper-slide\"><figure><img decoding=\"async\" width=\"1024\" height=\"576\" alt=\"\" class=\"wp-block-jetpack-slideshow_image wp-image-148497 lazyload\" data-id=\"148497\" data-aspect-ratio=\"640 \/ 360\" data-src=\"https:\/\/eldiariodesanpedro.com.ar\/sitio\/wp-content\/uploads\/2026\/03\/WhatsApp-Image-2026-03-03-at-18.59.371-1024x576.jpeg\" data-srcset=\"https:\/\/eldiariodesanpedro.com.ar\/sitio\/wp-content\/uploads\/2026\/03\/WhatsApp-Image-2026-03-03-at-18.59.371-1024x576.jpeg 1024w, https:\/\/eldiariodesanpedro.com.ar\/sitio\/wp-content\/uploads\/2026\/03\/WhatsApp-Image-2026-03-03-at-18.59.371-300x169.jpeg 300w, https:\/\/eldiariodesanpedro.com.ar\/sitio\/wp-content\/uploads\/2026\/03\/WhatsApp-Image-2026-03-03-at-18.59.371-768x432.jpeg 768w, https:\/\/eldiariodesanpedro.com.ar\/sitio\/wp-content\/uploads\/2026\/03\/WhatsApp-Image-2026-03-03-at-18.59.371.jpeg 1120w\" data-sizes=\"(max-width: 1024px) 100vw, 1024px\" src=\"data:image\/svg+xml;base64,PHN2ZyB3aWR0aD0iMSIgaGVpZ2h0PSIxIiB4bWxucz0iaHR0cDovL3d3dy53My5vcmcvMjAwMC9zdmciPjwvc3ZnPg==\" style=\"--smush-placeholder-width: 1024px; --smush-placeholder-aspect-ratio: 1024\/576;\" \/><\/figure><\/li><\/ul><a class=\"wp-block-jetpack-slideshow_button-prev swiper-button-prev swiper-button-white\" role=\"button\"><\/a><a class=\"wp-block-jetpack-slideshow_button-next swiper-button-next swiper-button-white\" role=\"button\"><\/a><a aria-label=\"Pause Slideshow\" class=\"wp-block-jetpack-slideshow_button-pause\" role=\"button\"><\/a><div class=\"wp-block-jetpack-slideshow_pagination swiper-pagination swiper-pagination-white\"><\/div><\/div><\/div>\n\n\n\n<p><br><\/p>\n","protected":false},"excerpt":{"rendered":"<p>Elsa Beatriz Garc\u00eda, vecina de R\u00edo Tala, muri\u00f3 luego de permanecer varios d\u00edas internada tras un accidente ocurrido en San Pedro. Una mujer de 63 a\u00f1os falleci\u00f3 como consecuencia de las graves lesiones sufridas en un accidente de tr\u00e1nsito ocurrido el pasado 25 de febrero en la ciudad de San Pedro. La v\u00edctima fue identificada [&hellip;]<\/p>\n","protected":false},"author":4,"featured_media":148496,"comment_status":"closed","ping_status":"closed","sticky":false,"template":"","format":"standard","meta":{"om_disable_all_campaigns":false,"_jetpack_memberships_contains_paid_content":false,"footnotes":""},"categories":[50,2,103],"tags":[5094,9045,9043,5172,9044,5220],"class_list":["post-148493","post","type-post","status-publish","format-standard","has-post-thumbnail","hentry","category-destacadas","category-locales","category-policiales-locales","tag-accidente-moto-san-pedro","tag-elsa-beatriz-garcia-rio-tala","tag-mujer-fallecida-san-pedro","tag-noticias-policiales-san-pedro-2","tag-san-pedro-accidente","tag-siniestro-vial-san-pedro"],"aioseo_notices":[],"gutentor_comment":0,"jetpack_featured_media_url":"https:\/\/eldiariodesanpedro.com.ar\/sitio\/wp-content\/uploads\/2026\/03\/WhatsApp-Image-2026-03-03-at-18.59.37.jpeg","jetpack_shortlink":"https:\/\/wp.me\/p6RhLt-CD3","jetpack_sharing_enabled":true,"_links":{"self":[{"href":"https:\/\/eldiariodesanpedro.com.ar\/sitio\/wp-json\/wp\/v2\/posts\/148493","targetHints":{"allow":["GET"]}}],"collection":[{"href":"https:\/\/eldiariodesanpedro.com.ar\/sitio\/wp-json\/wp\/v2\/posts"}],"about":[{"href":"https:\/\/eldiariodesanpedro.com.ar\/sitio\/wp-json\/wp\/v2\/types\/post"}],"author":[{"embeddable":true,"href":"https:\/\/eldiariodesanpedro.com.ar\/sitio\/wp-json\/wp\/v2\/users\/4"}],"replies":[{"embeddable":true,"href":"https:\/\/eldiariodesanpedro.com.ar\/sitio\/wp-json\/wp\/v2\/comments?post=148493"}],"version-history":[{"count":1,"href":"https:\/\/eldiariodesanpedro.com.ar\/sitio\/wp-json\/wp\/v2\/posts\/148493\/revisions"}],"predecessor-version":[{"id":148498,"href":"https:\/\/eldiariodesanpedro.com.ar\/sitio\/wp-json\/wp\/v2\/posts\/148493\/revisions\/148498"}],"wp:featuredmedia":[{"embeddable":true,"href":"https:\/\/eldiariodesanpedro.com.ar\/sitio\/wp-json\/wp\/v2\/media\/148496"}],"wp:attachment":[{"href":"https:\/\/eldiariodesanpedro.com.ar\/sitio\/wp-json\/wp\/v2\/media?parent=148493"}],"wp:term":[{"taxonomy":"category","embeddable":true,"href":"https:\/\/eldiariodesanpedro.com.ar\/sitio\/wp-json\/wp\/v2\/categories?post=148493"},{"taxonomy":"post_tag","embeddable":true,"href":"https:\/\/eldiariodesanpedro.com.ar\/sitio\/wp-json\/wp\/v2\/tags?post=148493"}],"curies":[{"name":"wp","href":"https:\/\/api.w.org\/{rel}","templated":true}]}}