{"id":148482,"date":"2026-03-03T17:53:24","date_gmt":"2026-03-03T20:53:24","guid":{"rendered":"https:\/\/eldiariodesanpedro.com.ar\/sitio\/?p=148482"},"modified":"2026-03-03T17:53:28","modified_gmt":"2026-03-03T20:53:28","slug":"comenzo-el-ciclo-lectivo-2026-con-un-acto-en-la-escuela-primaria-n-10-jose-manuel-estrada","status":"publish","type":"post","link":"https:\/\/eldiariodesanpedro.com.ar\/sitio\/comenzo-el-ciclo-lectivo-2026-con-un-acto-en-la-escuela-primaria-n-10-jose-manuel-estrada\/","title":{"rendered":"Comenz\u00f3 el ciclo lectivo 2026 con un acto en la Escuela Primaria N\u00b0 10 \u201cJos\u00e9 Manuel Estrada\u201d"},"content":{"rendered":"<!-- VideographyWP Plugin Message: Automatic video embedding prevented by plugin options. -->\n\n<p>Con un acto protocolar en la EP N\u00b010 \u201cJos\u00e9 Manuel Estrada\u201d, autoridades educativas dieron inicio al ciclo lectivo 2026 y destacaron la importancia de la educaci\u00f3n p\u00fablica.<\/p>\n\n\n\n<p>Este <strong>martes 3 de marzo qued\u00f3 oficialmente inaugurado el ciclo lectivo 2026<\/strong> con la realizaci\u00f3n de un <strong>acto protocolar en la Escuela Primaria N\u00b010 \u201cJos\u00e9 Manuel Estrada\u201d<\/strong>, donde participaron autoridades educativas, docentes, alumnos y familias.<\/p>\n\n\n\n<p>Durante la actividad, el <strong>director de Educaci\u00f3n, Alan Ocampo<\/strong>, brind\u00f3 unas palabras en las que remarc\u00f3 la importancia de <strong>fortalecer el sistema educativo p\u00fablico, gratuito y de calidad<\/strong>, destacando el rol de la escuela en la formaci\u00f3n de las nuevas generaciones.<\/p>\n\n\n\n<p>En su mensaje, Ocampo sostuvo que <strong>\u201ctrabajamos todos los d\u00edas por el fortalecimiento de la educaci\u00f3n p\u00fablica, de calidad y gratuita\u201d<\/strong>, y record\u00f3 su propia experiencia como estudiante, destacando c\u00f3mo el paso por la escuela p\u00fablica puede <strong>transformar la vida de ni\u00f1os y ni\u00f1as al brindar nuevas oportunidades y realidades<\/strong>.<\/p>\n\n\n\n<p>El funcionario tambi\u00e9n hizo hincapi\u00e9 en la importancia de la <strong>asistencia diaria a clases y el acompa\u00f1amiento de las familias<\/strong>, se\u00f1alando que el esfuerzo conjunto entre estudiantes, docentes y la comunidad educativa es clave para el futuro.<\/p>\n\n\n\n<p>Adem\u00e1s, resalt\u00f3 que <strong>el Estado provincial mantiene pol\u00edticas p\u00fablicas destinadas a garantizar la igualdad de oportunidades<\/strong>, mencionando iniciativas como el servicio alimentario escolar y los programas educativos que contin\u00faan durante el verano.<\/p>\n\n\n\n<p>El acto marc\u00f3 as\u00ed <strong>el inicio formal del nuevo a\u00f1o escolar<\/strong>, con expectativas de un ciclo lectivo que promueva el aprendizaje, la inclusi\u00f3n y el desarrollo de todos los estudiantes.<\/p>\n\n\n\n<p>#Educacion #CicloLectivo2026 #EducacionPublica #EscuelaPublica #ComunidadEducativa #EducacionArgentina<\/p>\n\n\n\n<div class=\"wp-block-jetpack-slideshow aligncenter\" data-effect=\"slide\" style=\"--aspect-ratio:calc(640 \/ 360)\"><div class=\"wp-block-jetpack-slideshow_container swiper\"><ul class=\"wp-block-jetpack-slideshow_swiper-wrapper swiper-wrapper\"><li class=\"wp-block-jetpack-slideshow_slide swiper-slide\"><figure><img decoding=\"async\" width=\"1024\" height=\"576\" alt=\"\" class=\"wp-block-jetpack-slideshow_image wp-image-148490 lazyload\" data-id=\"148490\" data-aspect-ratio=\"640 \/ 360\" data-src=\"https:\/\/eldiariodesanpedro.com.ar\/sitio\/wp-content\/uploads\/2026\/03\/WhatsApp-Image-2026-03-03-at-14.22.131-1024x576.jpeg\" data-srcset=\"https:\/\/eldiariodesanpedro.com.ar\/sitio\/wp-content\/uploads\/2026\/03\/WhatsApp-Image-2026-03-03-at-14.22.131-1024x576.jpeg 1024w, https:\/\/eldiariodesanpedro.com.ar\/sitio\/wp-content\/uploads\/2026\/03\/WhatsApp-Image-2026-03-03-at-14.22.131-300x169.jpeg 300w, https:\/\/eldiariodesanpedro.com.ar\/sitio\/wp-content\/uploads\/2026\/03\/WhatsApp-Image-2026-03-03-at-14.22.131-768x432.jpeg 768w, https:\/\/eldiariodesanpedro.com.ar\/sitio\/wp-content\/uploads\/2026\/03\/WhatsApp-Image-2026-03-03-at-14.22.131.jpeg 1120w\" data-sizes=\"(max-width: 1024px) 100vw, 1024px\" src=\"data:image\/svg+xml;base64,PHN2ZyB3aWR0aD0iMSIgaGVpZ2h0PSIxIiB4bWxucz0iaHR0cDovL3d3dy53My5vcmcvMjAwMC9zdmciPjwvc3ZnPg==\" style=\"--smush-placeholder-width: 1024px; --smush-placeholder-aspect-ratio: 1024\/576;\" \/><\/figure><\/li><li class=\"wp-block-jetpack-slideshow_slide swiper-slide\"><figure><img decoding=\"async\" width=\"1024\" height=\"576\" alt=\"\" class=\"wp-block-jetpack-slideshow_image wp-image-148489 lazyload\" data-id=\"148489\" data-aspect-ratio=\"640 \/ 360\" data-src=\"https:\/\/eldiariodesanpedro.com.ar\/sitio\/wp-content\/uploads\/2026\/03\/WhatsApp-Image-2026-03-03-at-14.22.090-1024x576.jpeg\" data-srcset=\"https:\/\/eldiariodesanpedro.com.ar\/sitio\/wp-content\/uploads\/2026\/03\/WhatsApp-Image-2026-03-03-at-14.22.090-1024x576.jpeg 1024w, https:\/\/eldiariodesanpedro.com.ar\/sitio\/wp-content\/uploads\/2026\/03\/WhatsApp-Image-2026-03-03-at-14.22.090-300x169.jpeg 300w, https:\/\/eldiariodesanpedro.com.ar\/sitio\/wp-content\/uploads\/2026\/03\/WhatsApp-Image-2026-03-03-at-14.22.090-768x432.jpeg 768w, https:\/\/eldiariodesanpedro.com.ar\/sitio\/wp-content\/uploads\/2026\/03\/WhatsApp-Image-2026-03-03-at-14.22.090.jpeg 1120w\" data-sizes=\"(max-width: 1024px) 100vw, 1024px\" src=\"data:image\/svg+xml;base64,PHN2ZyB3aWR0aD0iMSIgaGVpZ2h0PSIxIiB4bWxucz0iaHR0cDovL3d3dy53My5vcmcvMjAwMC9zdmciPjwvc3ZnPg==\" style=\"--smush-placeholder-width: 1024px; --smush-placeholder-aspect-ratio: 1024\/576;\" \/><\/figure><\/li><li class=\"wp-block-jetpack-slideshow_slide swiper-slide\"><figure><img decoding=\"async\" width=\"1024\" height=\"576\" alt=\"\" class=\"wp-block-jetpack-slideshow_image wp-image-148488 lazyload\" data-id=\"148488\" data-aspect-ratio=\"640 \/ 360\" data-src=\"https:\/\/eldiariodesanpedro.com.ar\/sitio\/wp-content\/uploads\/2026\/03\/WhatsApp-Image-2026-03-03-at-14.22.13-1024x576.jpeg\" data-srcset=\"https:\/\/eldiariodesanpedro.com.ar\/sitio\/wp-content\/uploads\/2026\/03\/WhatsApp-Image-2026-03-03-at-14.22.13-1024x576.jpeg 1024w, https:\/\/eldiariodesanpedro.com.ar\/sitio\/wp-content\/uploads\/2026\/03\/WhatsApp-Image-2026-03-03-at-14.22.13-300x169.jpeg 300w, https:\/\/eldiariodesanpedro.com.ar\/sitio\/wp-content\/uploads\/2026\/03\/WhatsApp-Image-2026-03-03-at-14.22.13-768x432.jpeg 768w, https:\/\/eldiariodesanpedro.com.ar\/sitio\/wp-content\/uploads\/2026\/03\/WhatsApp-Image-2026-03-03-at-14.22.13.jpeg 1120w\" data-sizes=\"(max-width: 1024px) 100vw, 1024px\" src=\"data:image\/svg+xml;base64,PHN2ZyB3aWR0aD0iMSIgaGVpZ2h0PSIxIiB4bWxucz0iaHR0cDovL3d3dy53My5vcmcvMjAwMC9zdmciPjwvc3ZnPg==\" style=\"--smush-placeholder-width: 1024px; --smush-placeholder-aspect-ratio: 1024\/576;\" \/><\/figure><\/li><li class=\"wp-block-jetpack-slideshow_slide swiper-slide\"><figure><img decoding=\"async\" width=\"1024\" height=\"576\" alt=\"\" class=\"wp-block-jetpack-slideshow_image wp-image-148487 lazyload\" data-id=\"148487\" data-aspect-ratio=\"640 \/ 360\" data-src=\"https:\/\/eldiariodesanpedro.com.ar\/sitio\/wp-content\/uploads\/2026\/03\/WhatsApp-Image-2026-03-03-at-14.22.12-1024x576.jpeg\" data-srcset=\"https:\/\/eldiariodesanpedro.com.ar\/sitio\/wp-content\/uploads\/2026\/03\/WhatsApp-Image-2026-03-03-at-14.22.12-1024x576.jpeg 1024w, https:\/\/eldiariodesanpedro.com.ar\/sitio\/wp-content\/uploads\/2026\/03\/WhatsApp-Image-2026-03-03-at-14.22.12-300x169.jpeg 300w, https:\/\/eldiariodesanpedro.com.ar\/sitio\/wp-content\/uploads\/2026\/03\/WhatsApp-Image-2026-03-03-at-14.22.12-768x432.jpeg 768w, https:\/\/eldiariodesanpedro.com.ar\/sitio\/wp-content\/uploads\/2026\/03\/WhatsApp-Image-2026-03-03-at-14.22.12.jpeg 1120w\" data-sizes=\"(max-width: 1024px) 100vw, 1024px\" src=\"data:image\/svg+xml;base64,PHN2ZyB3aWR0aD0iMSIgaGVpZ2h0PSIxIiB4bWxucz0iaHR0cDovL3d3dy53My5vcmcvMjAwMC9zdmciPjwvc3ZnPg==\" style=\"--smush-placeholder-width: 1024px; --smush-placeholder-aspect-ratio: 1024\/576;\" \/><\/figure><\/li><li class=\"wp-block-jetpack-slideshow_slide swiper-slide\"><figure><img decoding=\"async\" width=\"1024\" height=\"576\" alt=\"\" class=\"wp-block-jetpack-slideshow_image wp-image-148486 lazyload\" data-id=\"148486\" data-aspect-ratio=\"640 \/ 360\" data-src=\"https:\/\/eldiariodesanpedro.com.ar\/sitio\/wp-content\/uploads\/2026\/03\/WhatsApp-Image-2026-03-03-at-14.22.11-1024x576.jpeg\" data-srcset=\"https:\/\/eldiariodesanpedro.com.ar\/sitio\/wp-content\/uploads\/2026\/03\/WhatsApp-Image-2026-03-03-at-14.22.11-1024x576.jpeg 1024w, https:\/\/eldiariodesanpedro.com.ar\/sitio\/wp-content\/uploads\/2026\/03\/WhatsApp-Image-2026-03-03-at-14.22.11-300x169.jpeg 300w, https:\/\/eldiariodesanpedro.com.ar\/sitio\/wp-content\/uploads\/2026\/03\/WhatsApp-Image-2026-03-03-at-14.22.11-768x432.jpeg 768w, https:\/\/eldiariodesanpedro.com.ar\/sitio\/wp-content\/uploads\/2026\/03\/WhatsApp-Image-2026-03-03-at-14.22.11.jpeg 1120w\" data-sizes=\"(max-width: 1024px) 100vw, 1024px\" src=\"data:image\/svg+xml;base64,PHN2ZyB3aWR0aD0iMSIgaGVpZ2h0PSIxIiB4bWxucz0iaHR0cDovL3d3dy53My5vcmcvMjAwMC9zdmciPjwvc3ZnPg==\" style=\"--smush-placeholder-width: 1024px; --smush-placeholder-aspect-ratio: 1024\/576;\" \/><\/figure><\/li><li class=\"wp-block-jetpack-slideshow_slide swiper-slide\"><figure><img decoding=\"async\" width=\"1024\" height=\"576\" alt=\"\" class=\"wp-block-jetpack-slideshow_image wp-image-148484 lazyload\" data-id=\"148484\" data-aspect-ratio=\"640 \/ 360\" data-src=\"https:\/\/eldiariodesanpedro.com.ar\/sitio\/wp-content\/uploads\/2026\/03\/WhatsApp-Image-2026-03-03-at-14.22.09-1024x576.jpeg\" data-srcset=\"https:\/\/eldiariodesanpedro.com.ar\/sitio\/wp-content\/uploads\/2026\/03\/WhatsApp-Image-2026-03-03-at-14.22.09-1024x576.jpeg 1024w, https:\/\/eldiariodesanpedro.com.ar\/sitio\/wp-content\/uploads\/2026\/03\/WhatsApp-Image-2026-03-03-at-14.22.09-300x169.jpeg 300w, https:\/\/eldiariodesanpedro.com.ar\/sitio\/wp-content\/uploads\/2026\/03\/WhatsApp-Image-2026-03-03-at-14.22.09-768x432.jpeg 768w, https:\/\/eldiariodesanpedro.com.ar\/sitio\/wp-content\/uploads\/2026\/03\/WhatsApp-Image-2026-03-03-at-14.22.09.jpeg 1120w\" data-sizes=\"(max-width: 1024px) 100vw, 1024px\" src=\"data:image\/svg+xml;base64,PHN2ZyB3aWR0aD0iMSIgaGVpZ2h0PSIxIiB4bWxucz0iaHR0cDovL3d3dy53My5vcmcvMjAwMC9zdmciPjwvc3ZnPg==\" style=\"--smush-placeholder-width: 1024px; --smush-placeholder-aspect-ratio: 1024\/576;\" \/><\/figure><\/li><\/ul><a class=\"wp-block-jetpack-slideshow_button-prev swiper-button-prev swiper-button-white\" role=\"button\"><\/a><a class=\"wp-block-jetpack-slideshow_button-next swiper-button-next swiper-button-white\" role=\"button\"><\/a><a aria-label=\"Pause Slideshow\" class=\"wp-block-jetpack-slideshow_button-pause\" role=\"button\"><\/a><div class=\"wp-block-jetpack-slideshow_pagination swiper-pagination swiper-pagination-white\"><\/div><\/div><\/div>\n","protected":false},"excerpt":{"rendered":"<p>Con un acto protocolar en la EP N\u00b010 \u201cJos\u00e9 Manuel Estrada\u201d, autoridades educativas dieron inicio al ciclo lectivo 2026 y destacaron la importancia de la educaci\u00f3n p\u00fablica. Este martes 3 de marzo qued\u00f3 oficialmente inaugurado el ciclo lectivo 2026 con la realizaci\u00f3n de un acto protocolar en la Escuela Primaria N\u00b010 \u201cJos\u00e9 Manuel Estrada\u201d, donde [&hellip;]<\/p>\n","protected":false},"author":4,"featured_media":148485,"comment_status":"closed","ping_status":"closed","sticky":false,"template":"","format":"standard","meta":{"om_disable_all_campaigns":false,"_jetpack_memberships_contains_paid_content":false,"footnotes":""},"categories":[50,101,2],"tags":[9041,9040,8539,6731,9039,8081,9042],"class_list":["post-148482","post","type-post","status-publish","format-standard","has-post-thumbnail","hentry","category-destacadas","category-interes-general-locales","category-locales","tag-alan-ocampo-educacion","tag-ciclo-lectivo-2026","tag-educacion-provincial","tag-educacion-publica","tag-escuela-primaria-10-jose-manuel-estrada","tag-inicio-de-clases-2026","tag-inicio-de-clases-argentina"],"aioseo_notices":[],"gutentor_comment":0,"jetpack_featured_media_url":"https:\/\/eldiariodesanpedro.com.ar\/sitio\/wp-content\/uploads\/2026\/03\/WhatsApp-Image-2026-03-03-at-14.22.10.jpeg","jetpack_shortlink":"https:\/\/wp.me\/p6RhLt-CCS","jetpack_sharing_enabled":true,"_links":{"self":[{"href":"https:\/\/eldiariodesanpedro.com.ar\/sitio\/wp-json\/wp\/v2\/posts\/148482","targetHints":{"allow":["GET"]}}],"collection":[{"href":"https:\/\/eldiariodesanpedro.com.ar\/sitio\/wp-json\/wp\/v2\/posts"}],"about":[{"href":"https:\/\/eldiariodesanpedro.com.ar\/sitio\/wp-json\/wp\/v2\/types\/post"}],"author":[{"embeddable":true,"href":"https:\/\/eldiariodesanpedro.com.ar\/sitio\/wp-json\/wp\/v2\/users\/4"}],"replies":[{"embeddable":true,"href":"https:\/\/eldiariodesanpedro.com.ar\/sitio\/wp-json\/wp\/v2\/comments?post=148482"}],"version-history":[{"count":1,"href":"https:\/\/eldiariodesanpedro.com.ar\/sitio\/wp-json\/wp\/v2\/posts\/148482\/revisions"}],"predecessor-version":[{"id":148492,"href":"https:\/\/eldiariodesanpedro.com.ar\/sitio\/wp-json\/wp\/v2\/posts\/148482\/revisions\/148492"}],"wp:featuredmedia":[{"embeddable":true,"href":"https:\/\/eldiariodesanpedro.com.ar\/sitio\/wp-json\/wp\/v2\/media\/148485"}],"wp:attachment":[{"href":"https:\/\/eldiariodesanpedro.com.ar\/sitio\/wp-json\/wp\/v2\/media?parent=148482"}],"wp:term":[{"taxonomy":"category","embeddable":true,"href":"https:\/\/eldiariodesanpedro.com.ar\/sitio\/wp-json\/wp\/v2\/categories?post=148482"},{"taxonomy":"post_tag","embeddable":true,"href":"https:\/\/eldiariodesanpedro.com.ar\/sitio\/wp-json\/wp\/v2\/tags?post=148482"}],"curies":[{"name":"wp","href":"https:\/\/api.w.org\/{rel}","templated":true}]}}