{"id":148470,"date":"2026-03-03T15:30:41","date_gmt":"2026-03-03T18:30:41","guid":{"rendered":"https:\/\/eldiariodesanpedro.com.ar\/sitio\/?p=148470"},"modified":"2026-03-03T15:30:48","modified_gmt":"2026-03-03T18:30:48","slug":"kicillof-confirmo-la-puesta-en-marcha-de-la-estacion-transformadora-san-pedro-industrial","status":"publish","type":"post","link":"https:\/\/eldiariodesanpedro.com.ar\/sitio\/kicillof-confirmo-la-puesta-en-marcha-de-la-estacion-transformadora-san-pedro-industrial\/","title":{"rendered":"Kicillof confirm\u00f3 la puesta en marcha de la Estaci\u00f3n Transformadora San Pedro Industrial"},"content":{"rendered":"<!-- VideographyWP Plugin Message: Automatic video embedding prevented by plugin options. -->\n\n<p><strong>El gobernador Axel Kicillof anunci\u00f3 que en el corto plazo comenzar\u00e1n los trabajos de la Estaci\u00f3n Transformadora San Pedro Industrial, una obra que duplicar\u00e1 la capacidad energ\u00e9tica y potenciar\u00e1 la industria local.<\/strong><\/p>\n\n\n\n<p>El gobernador de la provincia de Buenos Aires, Axel Kicillof, <strong>ratific\u00f3 la puesta en marcha de la Estaci\u00f3n Transformadora San Pedro Industrial<\/strong>, una infraestructura considerada estrat\u00e9gica para el desarrollo productivo del distrito.<\/p>\n\n\n\n<p>El anuncio se realiz\u00f3 durante la apertura del 154\u00b0 per\u00edodo de sesiones ordinarias en la Legislatura de la Provincia de Buenos Aires, donde el mandatario confirm\u00f3 que <strong>en el corto plazo comenzar\u00e1n los trabajos definitivos<\/strong> de esta obra clave.<\/p>\n\n\n\n<p>Seg\u00fan se destac\u00f3, la nueva estaci\u00f3n permitir\u00e1 <strong>duplicar la capacidad energ\u00e9tica de la regi\u00f3n<\/strong>, generando condiciones favorables para la radicaci\u00f3n de nuevas empresas y el crecimiento del sector industrial local. La iniciativa responde a un compromiso asumido previamente por el gobernador durante sus visitas al distrito.<\/p>\n\n\n\n<p>La ceremonia comenz\u00f3 pasadas las 18.30 con el ingreso del mandatario junto a la vicegobernadora Ver\u00f3nica Magario. En el recinto estuvieron presentes el intendente Cecilio Salazar y la diputada provincial Anal\u00eda Corvino.<\/p>\n\n\n\n<p>Durante su discurso, Kicillof realiz\u00f3 un an\u00e1lisis cr\u00edtico del contexto nacional y marc\u00f3 diferencias con la gesti\u00f3n del presidente Javier Milei, al advertir sobre el impacto de las pol\u00edticas econ\u00f3micas en la industria y el consumo. En ese marco, sostuvo que las provincias deben funcionar como un \u201cescudo\u201d para proteger el entramado productivo y el empleo.<\/p>\n\n\n\n<p>El gobernador tambi\u00e9n defendi\u00f3 el rol del Estado como herramienta de desarrollo, remarcando que <strong>la inversi\u00f3n en energ\u00eda y obra p\u00fablica es fundamental para garantizar oportunidades de producci\u00f3n y trabajo genuino<\/strong>. En ese sentido, subray\u00f3 que proyectos como la Estaci\u00f3n Transformadora San Pedro Industrial constituyen un pilar para sostener el crecimiento econ\u00f3mico regional.<\/p>\n\n\n\n<p>El mensaje concluy\u00f3 con un llamado a fortalecer la producci\u00f3n y la integraci\u00f3n federal como ejes de un modelo alternativo para afrontar los desaf\u00edos econ\u00f3micos e institucionales de los pr\u00f3ximos a\u00f1os.<\/p>\n","protected":false},"excerpt":{"rendered":"<p>El gobernador Axel Kicillof anunci\u00f3 que en el corto plazo comenzar\u00e1n los trabajos de la Estaci\u00f3n Transformadora San Pedro Industrial, una obra que duplicar\u00e1 la capacidad energ\u00e9tica y potenciar\u00e1 la industria local. El gobernador de la provincia de Buenos Aires, Axel Kicillof, ratific\u00f3 la puesta en marcha de la Estaci\u00f3n Transformadora San Pedro Industrial, una [&hellip;]<\/p>\n","protected":false},"author":4,"featured_media":148471,"comment_status":"closed","ping_status":"closed","sticky":false,"template":"","format":"standard","meta":{"om_disable_all_campaigns":false,"_jetpack_memberships_contains_paid_content":false,"footnotes":""},"categories":[50,101,2],"tags":[],"class_list":["post-148470","post","type-post","status-publish","format-standard","has-post-thumbnail","hentry","category-destacadas","category-interes-general-locales","category-locales"],"aioseo_notices":[],"gutentor_comment":0,"jetpack_featured_media_url":"https:\/\/eldiariodesanpedro.com.ar\/sitio\/wp-content\/uploads\/2026\/03\/nue_3320223412.jpeg","jetpack_shortlink":"https:\/\/wp.me\/p6RhLt-CCG","jetpack_sharing_enabled":true,"_links":{"self":[{"href":"https:\/\/eldiariodesanpedro.com.ar\/sitio\/wp-json\/wp\/v2\/posts\/148470","targetHints":{"allow":["GET"]}}],"collection":[{"href":"https:\/\/eldiariodesanpedro.com.ar\/sitio\/wp-json\/wp\/v2\/posts"}],"about":[{"href":"https:\/\/eldiariodesanpedro.com.ar\/sitio\/wp-json\/wp\/v2\/types\/post"}],"author":[{"embeddable":true,"href":"https:\/\/eldiariodesanpedro.com.ar\/sitio\/wp-json\/wp\/v2\/users\/4"}],"replies":[{"embeddable":true,"href":"https:\/\/eldiariodesanpedro.com.ar\/sitio\/wp-json\/wp\/v2\/comments?post=148470"}],"version-history":[{"count":1,"href":"https:\/\/eldiariodesanpedro.com.ar\/sitio\/wp-json\/wp\/v2\/posts\/148470\/revisions"}],"predecessor-version":[{"id":148472,"href":"https:\/\/eldiariodesanpedro.com.ar\/sitio\/wp-json\/wp\/v2\/posts\/148470\/revisions\/148472"}],"wp:featuredmedia":[{"embeddable":true,"href":"https:\/\/eldiariodesanpedro.com.ar\/sitio\/wp-json\/wp\/v2\/media\/148471"}],"wp:attachment":[{"href":"https:\/\/eldiariodesanpedro.com.ar\/sitio\/wp-json\/wp\/v2\/media?parent=148470"}],"wp:term":[{"taxonomy":"category","embeddable":true,"href":"https:\/\/eldiariodesanpedro.com.ar\/sitio\/wp-json\/wp\/v2\/categories?post=148470"},{"taxonomy":"post_tag","embeddable":true,"href":"https:\/\/eldiariodesanpedro.com.ar\/sitio\/wp-json\/wp\/v2\/tags?post=148470"}],"curies":[{"name":"wp","href":"https:\/\/api.w.org\/{rel}","templated":true}]}}