{"id":14847,"date":"2017-02-16T21:23:24","date_gmt":"2017-02-17T00:23:24","guid":{"rendered":"https:\/\/eldiariodesanpedro.com.ar\/sitio\/?p=14847"},"modified":"2017-02-16T21:23:24","modified_gmt":"2017-02-17T00:23:24","slug":"zarate-al-menos-200-despidos-en-atucha-iii-denuncian-paralizacion-de-obras","status":"publish","type":"post","link":"https:\/\/eldiariodesanpedro.com.ar\/sitio\/zarate-al-menos-200-despidos-en-atucha-iii-denuncian-paralizacion-de-obras\/","title":{"rendered":"Z\u00c1RATE: Al menos 200 despidos en Atucha III, denuncian paralizaci\u00f3n de obras"},"content":{"rendered":"<p><!-- VideographyWP Plugin Message: Automatic video embedding prevented by plugin options. --><br \/>\nAl menos 200 trabajadores fueron despedidos del proyecto Atucha III, seg\u00fan inform\u00f3 a El Destape Ernesto Simionato, delegado de ATE. Adem\u00e1s, el referente gremial asegura que hay una paralizaci\u00f3n de las obras por el cambio de gobierno.<\/p>\n<p>Los despedidos eran empleados tercerizados de la compa\u00f1\u00eda Nucleoel\u00e9ctrica Argentina Sociedad An\u00f3nima (NASA) que ten\u00eda una concesi\u00f3n del Estado hasta marzo para desarrollar Carem, el primer reactor de potencia 100% argentino que se emplear\u00e1 en Atucha.<\/p>\n<p>\u00abLos despedidos no eran trabajadores de planta permanente y recib\u00edan un salario de entre 20.000 y 25.000 pesos\u00bb, explic\u00f3 Simionato quien adem\u00e1s cont\u00f3 que no saben el n\u00famero exacto de despedidos, porque a\u00fan llegan telegramas con las desvinculaciones.<\/p>\n<p>El delegado de ATE alerta que en marzo termina la concesi\u00f3n entre NASA y la Comisi\u00f3n de Energ\u00eda At\u00f3mica, que depende del Estado. En caso de no renovarla, 400 operarios pueden quedar en la calle.<\/p>\n<p>\u00abEl proyecto va a seguir, pero tenemos indicios de que el convenio se va a romper. Tememos por el futuro de los trabajadores, no sabemos si la nueva empresa los va a contratar\u00bb, cont\u00f3 el delegado.<\/p>\n<p>Las obras para comenzar a desarrollar Atucha III estaban previstas para el 2015, pero quedaron paralizadas con el cambio de Gobierno. Hasta el momento, s\u00f3lo se adquiri\u00f3 el terreno para el desarrollo de la obra, pero ahora est\u00e1 sembrado de soja y hay que esperar a la cosecha -en mayo- para poder empezar con el desarrollo de la central nuclear.<\/p>\n<p>\u00abLa demora en la obra ha hecho que queden sin empleo los trabajadores que se iban a dedicar a remover la tierra y a labrarla, para que despu\u00e9s se levante la central\u00bb, explic\u00f3 Simionato, que teme que en los pr\u00f3ximos d\u00edas haya nuevos despidos.<\/p>\n","protected":false},"excerpt":{"rendered":"<p>Al menos 200 trabajadores fueron despedidos del proyecto Atucha III, seg\u00fan inform\u00f3 a El Destape Ernesto Simionato, delegado de ATE. Adem\u00e1s, el referente gremial asegura que hay una paralizaci\u00f3n de las obras por el cambio de gobierno. Los despedidos eran empleados tercerizados de la compa\u00f1\u00eda Nucleoel\u00e9ctrica Argentina Sociedad An\u00f3nima (NASA) que ten\u00eda una concesi\u00f3n del [&hellip;]<\/p>\n","protected":false},"author":4,"featured_media":14848,"comment_status":"open","ping_status":"closed","sticky":false,"template":"","format":"standard","meta":{"om_disable_all_campaigns":false,"_jetpack_memberships_contains_paid_content":false,"footnotes":""},"categories":[621],"tags":[],"class_list":["post-14847","post","type-post","status-publish","format-standard","has-post-thumbnail","hentry","category-regionales"],"aioseo_notices":[],"gutentor_comment":0,"jetpack_featured_media_url":"https:\/\/eldiariodesanpedro.com.ar\/sitio\/wp-content\/uploads\/2017\/02\/200-trabajadores-fueron-despedidos-del-proyecto-Atucha-III.jpg","jetpack_shortlink":"https:\/\/wp.me\/p6RhLt-3Rt","jetpack_sharing_enabled":true,"_links":{"self":[{"href":"https:\/\/eldiariodesanpedro.com.ar\/sitio\/wp-json\/wp\/v2\/posts\/14847","targetHints":{"allow":["GET"]}}],"collection":[{"href":"https:\/\/eldiariodesanpedro.com.ar\/sitio\/wp-json\/wp\/v2\/posts"}],"about":[{"href":"https:\/\/eldiariodesanpedro.com.ar\/sitio\/wp-json\/wp\/v2\/types\/post"}],"author":[{"embeddable":true,"href":"https:\/\/eldiariodesanpedro.com.ar\/sitio\/wp-json\/wp\/v2\/users\/4"}],"replies":[{"embeddable":true,"href":"https:\/\/eldiariodesanpedro.com.ar\/sitio\/wp-json\/wp\/v2\/comments?post=14847"}],"version-history":[{"count":1,"href":"https:\/\/eldiariodesanpedro.com.ar\/sitio\/wp-json\/wp\/v2\/posts\/14847\/revisions"}],"predecessor-version":[{"id":14849,"href":"https:\/\/eldiariodesanpedro.com.ar\/sitio\/wp-json\/wp\/v2\/posts\/14847\/revisions\/14849"}],"wp:featuredmedia":[{"embeddable":true,"href":"https:\/\/eldiariodesanpedro.com.ar\/sitio\/wp-json\/wp\/v2\/media\/14848"}],"wp:attachment":[{"href":"https:\/\/eldiariodesanpedro.com.ar\/sitio\/wp-json\/wp\/v2\/media?parent=14847"}],"wp:term":[{"taxonomy":"category","embeddable":true,"href":"https:\/\/eldiariodesanpedro.com.ar\/sitio\/wp-json\/wp\/v2\/categories?post=14847"},{"taxonomy":"post_tag","embeddable":true,"href":"https:\/\/eldiariodesanpedro.com.ar\/sitio\/wp-json\/wp\/v2\/tags?post=14847"}],"curies":[{"name":"wp","href":"https:\/\/api.w.org\/{rel}","templated":true}]}}