{"id":148439,"date":"2026-03-03T10:24:50","date_gmt":"2026-03-03T13:24:50","guid":{"rendered":"https:\/\/eldiariodesanpedro.com.ar\/sitio\/?p=148439"},"modified":"2026-03-03T10:24:55","modified_gmt":"2026-03-03T13:24:55","slug":"san-pedro-participo-en-la-jornada-del-programa-entramados-en-la-plata","status":"publish","type":"post","link":"https:\/\/eldiariodesanpedro.com.ar\/sitio\/san-pedro-participo-en-la-jornada-del-programa-entramados-en-la-plata\/","title":{"rendered":"San Pedro particip\u00f3 en la Jornada del Programa Entramados en La Plata"},"content":{"rendered":"<!-- VideographyWP Plugin Message: Automatic video embedding prevented by plugin options. -->\n\n<p>Autoridades locales formaron parte del encuentro del Programa Entramados en la UNLP para avanzar en su implementaci\u00f3n y fortalecer pol\u00edticas de prevenci\u00f3n juvenil.<\/p>\n\n\n\n<p>El pasado jueves 26 de febrero, representantes del Municipio participaron de una jornada de trabajo del <strong>Programa Entramados<\/strong>, realizada en la Universidad Nacional de La Plata y promovida por el Organismo Provincial de la Ni\u00f1ez y Adolescencia.<\/p>\n\n\n\n<p>En el encuentro estuvo presente el <strong>secretario de Desarrollo de la Comunidad, Walter S\u00e1nchez<\/strong>, acompa\u00f1ado por integrantes del Equipo T\u00e9cnico del \u00e1rea, quienes formaron parte de las mesas de planificaci\u00f3n y articulaci\u00f3n institucional.<\/p>\n\n\n\n<p>El <strong>Programa Entramados<\/strong> propone una <strong>estrategia integral para prevenir el ingreso de adolescentes y j\u00f3venes en conflicto con la ley penal<\/strong>, mediante un enfoque territorial que combina acompa\u00f1amiento psicosocial, propuestas educativas, actividades comunitarias y fortalecimiento del acceso a derechos.<\/p>\n\n\n\n<p>Durante la jornada se avanz\u00f3 en la <strong>planificaci\u00f3n de la implementaci\u00f3n del programa en San Pedro<\/strong>, con el objetivo de consolidar dispositivos locales que permitan intervenir de manera temprana en situaciones de vulnerabilidad social, promoviendo la inclusi\u00f3n y el desarrollo de trayectorias de vida saludables.<\/p>\n\n\n\n<p>Desde el \u00e1rea de Desarrollo de la Comunidad destacaron la importancia de articular con organismos provinciales y universidades para fortalecer pol\u00edticas p\u00fablicas orientadas a la ni\u00f1ez y la adolescencia, priorizando la prevenci\u00f3n y el trabajo interdisciplinario en territorio.<\/p>\n\n\n\n<p>#SanPedro #ProgramaEntramados #Ni\u00f1ezYAdolescencia #Prevenci\u00f3nDelDelito #Pol\u00edticasP\u00fablicas #ProvinciaDeBuenosAires #DesarrolloSocial<\/p>\n\n\n\n<div class=\"wp-block-jetpack-slideshow aligncenter\" data-effect=\"slide\" style=\"--aspect-ratio:calc(840 \/ 630)\"><div class=\"wp-block-jetpack-slideshow_container swiper\"><ul class=\"wp-block-jetpack-slideshow_swiper-wrapper swiper-wrapper\"><li class=\"wp-block-jetpack-slideshow_slide swiper-slide\"><figure><img decoding=\"async\" width=\"840\" height=\"630\" alt=\"\" class=\"wp-block-jetpack-slideshow_image wp-image-148442 lazyload\" data-id=\"148442\" data-aspect-ratio=\"840 \/ 630\" data-src=\"https:\/\/eldiariodesanpedro.com.ar\/sitio\/wp-content\/uploads\/2026\/03\/WhatsApp-Image-2026-03-02-at-11.28.481.jpeg\" data-srcset=\"https:\/\/eldiariodesanpedro.com.ar\/sitio\/wp-content\/uploads\/2026\/03\/WhatsApp-Image-2026-03-02-at-11.28.481.jpeg 840w, https:\/\/eldiariodesanpedro.com.ar\/sitio\/wp-content\/uploads\/2026\/03\/WhatsApp-Image-2026-03-02-at-11.28.481-300x225.jpeg 300w, https:\/\/eldiariodesanpedro.com.ar\/sitio\/wp-content\/uploads\/2026\/03\/WhatsApp-Image-2026-03-02-at-11.28.481-768x576.jpeg 768w, https:\/\/eldiariodesanpedro.com.ar\/sitio\/wp-content\/uploads\/2026\/03\/WhatsApp-Image-2026-03-02-at-11.28.481-272x204.jpeg 272w\" data-sizes=\"(max-width: 840px) 100vw, 840px\" src=\"data:image\/svg+xml;base64,PHN2ZyB3aWR0aD0iMSIgaGVpZ2h0PSIxIiB4bWxucz0iaHR0cDovL3d3dy53My5vcmcvMjAwMC9zdmciPjwvc3ZnPg==\" style=\"--smush-placeholder-width: 840px; --smush-placeholder-aspect-ratio: 840\/630;\" \/><\/figure><\/li><li class=\"wp-block-jetpack-slideshow_slide swiper-slide\"><figure><img decoding=\"async\" width=\"945\" height=\"630\" alt=\"\" class=\"wp-block-jetpack-slideshow_image wp-image-148441 lazyload\" data-id=\"148441\" data-aspect-ratio=\"945 \/ 630\" data-src=\"https:\/\/eldiariodesanpedro.com.ar\/sitio\/wp-content\/uploads\/2026\/03\/WhatsApp-Image-2026-03-02-at-11.28.49.jpeg\" data-srcset=\"https:\/\/eldiariodesanpedro.com.ar\/sitio\/wp-content\/uploads\/2026\/03\/WhatsApp-Image-2026-03-02-at-11.28.49.jpeg 945w, https:\/\/eldiariodesanpedro.com.ar\/sitio\/wp-content\/uploads\/2026\/03\/WhatsApp-Image-2026-03-02-at-11.28.49-300x200.jpeg 300w, https:\/\/eldiariodesanpedro.com.ar\/sitio\/wp-content\/uploads\/2026\/03\/WhatsApp-Image-2026-03-02-at-11.28.49-768x512.jpeg 768w\" data-sizes=\"(max-width: 945px) 100vw, 945px\" src=\"data:image\/svg+xml;base64,PHN2ZyB3aWR0aD0iMSIgaGVpZ2h0PSIxIiB4bWxucz0iaHR0cDovL3d3dy53My5vcmcvMjAwMC9zdmciPjwvc3ZnPg==\" style=\"--smush-placeholder-width: 945px; --smush-placeholder-aspect-ratio: 945\/630;\" \/><\/figure><\/li><li class=\"wp-block-jetpack-slideshow_slide swiper-slide\"><figure><img decoding=\"async\" width=\"945\" height=\"630\" alt=\"\" class=\"wp-block-jetpack-slideshow_image wp-image-148440 lazyload\" data-id=\"148440\" data-aspect-ratio=\"945 \/ 630\" data-src=\"https:\/\/eldiariodesanpedro.com.ar\/sitio\/wp-content\/uploads\/2026\/03\/WhatsApp-Image-2026-03-02-at-11.28.48.jpeg\" data-srcset=\"https:\/\/eldiariodesanpedro.com.ar\/sitio\/wp-content\/uploads\/2026\/03\/WhatsApp-Image-2026-03-02-at-11.28.48.jpeg 945w, https:\/\/eldiariodesanpedro.com.ar\/sitio\/wp-content\/uploads\/2026\/03\/WhatsApp-Image-2026-03-02-at-11.28.48-300x200.jpeg 300w, https:\/\/eldiariodesanpedro.com.ar\/sitio\/wp-content\/uploads\/2026\/03\/WhatsApp-Image-2026-03-02-at-11.28.48-768x512.jpeg 768w\" data-sizes=\"(max-width: 945px) 100vw, 945px\" src=\"data:image\/svg+xml;base64,PHN2ZyB3aWR0aD0iMSIgaGVpZ2h0PSIxIiB4bWxucz0iaHR0cDovL3d3dy53My5vcmcvMjAwMC9zdmciPjwvc3ZnPg==\" style=\"--smush-placeholder-width: 945px; --smush-placeholder-aspect-ratio: 945\/630;\" \/><\/figure><\/li><\/ul><a class=\"wp-block-jetpack-slideshow_button-prev swiper-button-prev swiper-button-white\" role=\"button\"><\/a><a class=\"wp-block-jetpack-slideshow_button-next swiper-button-next swiper-button-white\" role=\"button\"><\/a><a aria-label=\"Pause Slideshow\" class=\"wp-block-jetpack-slideshow_button-pause\" role=\"button\"><\/a><div class=\"wp-block-jetpack-slideshow_pagination swiper-pagination swiper-pagination-white\"><\/div><\/div><\/div>\n","protected":false},"excerpt":{"rendered":"<p>Autoridades locales formaron parte del encuentro del Programa Entramados en la UNLP para avanzar en su implementaci\u00f3n y fortalecer pol\u00edticas de prevenci\u00f3n juvenil. El pasado jueves 26 de febrero, representantes del Municipio participaron de una jornada de trabajo del Programa Entramados, realizada en la Universidad Nacional de La Plata y promovida por el Organismo Provincial [&hellip;]<\/p>\n","protected":false},"author":4,"featured_media":148442,"comment_status":"closed","ping_status":"closed","sticky":false,"template":"","format":"standard","meta":{"om_disable_all_campaigns":false,"_jetpack_memberships_contains_paid_content":false,"footnotes":""},"categories":[101,2],"tags":[9013,9014,9010,9011,9012],"class_list":["post-148439","post","type-post","status-publish","format-standard","has-post-thumbnail","hentry","category-interes-general-locales","category-locales","tag-jornada-unlp-ninez-adolescencia","tag-politicas-publicas-juventud","tag-prevencion-delito-juvenil-buenos-aires","tag-san-pedro-programa-entramados","tag-walter-sanchez-desarrollo-comunidad"],"aioseo_notices":[],"gutentor_comment":0,"jetpack_featured_media_url":"https:\/\/eldiariodesanpedro.com.ar\/sitio\/wp-content\/uploads\/2026\/03\/WhatsApp-Image-2026-03-02-at-11.28.481.jpeg","jetpack_shortlink":"https:\/\/wp.me\/p6RhLt-CCb","jetpack_sharing_enabled":true,"_links":{"self":[{"href":"https:\/\/eldiariodesanpedro.com.ar\/sitio\/wp-json\/wp\/v2\/posts\/148439","targetHints":{"allow":["GET"]}}],"collection":[{"href":"https:\/\/eldiariodesanpedro.com.ar\/sitio\/wp-json\/wp\/v2\/posts"}],"about":[{"href":"https:\/\/eldiariodesanpedro.com.ar\/sitio\/wp-json\/wp\/v2\/types\/post"}],"author":[{"embeddable":true,"href":"https:\/\/eldiariodesanpedro.com.ar\/sitio\/wp-json\/wp\/v2\/users\/4"}],"replies":[{"embeddable":true,"href":"https:\/\/eldiariodesanpedro.com.ar\/sitio\/wp-json\/wp\/v2\/comments?post=148439"}],"version-history":[{"count":1,"href":"https:\/\/eldiariodesanpedro.com.ar\/sitio\/wp-json\/wp\/v2\/posts\/148439\/revisions"}],"predecessor-version":[{"id":148443,"href":"https:\/\/eldiariodesanpedro.com.ar\/sitio\/wp-json\/wp\/v2\/posts\/148439\/revisions\/148443"}],"wp:featuredmedia":[{"embeddable":true,"href":"https:\/\/eldiariodesanpedro.com.ar\/sitio\/wp-json\/wp\/v2\/media\/148442"}],"wp:attachment":[{"href":"https:\/\/eldiariodesanpedro.com.ar\/sitio\/wp-json\/wp\/v2\/media?parent=148439"}],"wp:term":[{"taxonomy":"category","embeddable":true,"href":"https:\/\/eldiariodesanpedro.com.ar\/sitio\/wp-json\/wp\/v2\/categories?post=148439"},{"taxonomy":"post_tag","embeddable":true,"href":"https:\/\/eldiariodesanpedro.com.ar\/sitio\/wp-json\/wp\/v2\/tags?post=148439"}],"curies":[{"name":"wp","href":"https:\/\/api.w.org\/{rel}","templated":true}]}}