{"id":148431,"date":"2026-03-03T09:45:36","date_gmt":"2026-03-03T12:45:36","guid":{"rendered":"https:\/\/eldiariodesanpedro.com.ar\/sitio\/?p=148431"},"modified":"2026-03-03T09:49:13","modified_gmt":"2026-03-03T12:49:13","slug":"descubren-una-pieza-de-ajedrez-entre-los-restos-de-la-batalla-de-la-vuelta-de-obligadoc","status":"publish","type":"post","link":"https:\/\/eldiariodesanpedro.com.ar\/sitio\/descubren-una-pieza-de-ajedrez-entre-los-restos-de-la-batalla-de-la-vuelta-de-obligadoc\/","title":{"rendered":"Descubren una pieza de ajedrez entre los restos de la batalla de la Vuelta de Obligado"},"content":{"rendered":"<!-- VideographyWP Plugin Message: Automatic video embedding prevented by plugin options. -->\n\n<p><strong>Un caballo de ajedrez tallado en madera fue hallado en el parque hist\u00f3rico y ya forma parte del Archivo del Museo Paleontol\u00f3gico de San Pedro.<\/strong><\/p>\n\n\n\n<p>En un hallazgo que sorprende por su singularidad, <strong>una pieza de ajedrez habr\u00eda pertenecido al ej\u00e9rcito del general Lucio Mansilla en los d\u00edas previos al Combate de la Vuelta de Obligado<\/strong>. Se trata de un peque\u00f1o caballo tallado en madera que fue descubierto durante obras realizadas en el parque hist\u00f3rico del sitio y que ahora qued\u00f3 bajo custodia del Archivo del Museo Paleontol\u00f3gico de San Pedro.<\/p>\n\n\n\n<p>La pieza, de <strong>3,8 cent\u00edmetros de alto y 1,6 cent\u00edmetros de ancho<\/strong>, apareci\u00f3 mientras un grupo de alba\u00f1iles excavaba los cimientos para la construcci\u00f3n de sanitarios en el mismo sector donde se desarroll\u00f3 el hist\u00f3rico enfrentamiento del <strong>20 de noviembre de 1845<\/strong>. En ese contexto tambi\u00e9n se recuperaron fragmentos de proyectiles y otros elementos vinculados a la batalla.<\/p>\n\n\n\n<p>Desde el Museo explicaron que el hallazgo se produjo a unos <strong>40 cent\u00edmetros de profundidad<\/strong>, entre concreciones de tosca. Si bien el objeto permaneci\u00f3 durante un tiempo en manos de uno de los trabajadores, finalmente fue entregado para su evaluaci\u00f3n y preservaci\u00f3n.<\/p>\n\n\n\n<p>Especialistas remarcaron que <strong>no existen antecedentes del hallazgo de objetos l\u00fadicos en el campo de batalla<\/strong>, lo que convierte a esta pieza en un elemento excepcional dentro del patrimonio hist\u00f3rico local. Consideran adem\u00e1s que es l\u00f3gico suponer que, en los momentos de descanso previos al combate contra las fuerzas anglo-francesas, algunos oficiales hayan recurrido al ajedrez como forma de distracci\u00f3n en medio de la tensi\u00f3n b\u00e9lica.<\/p>\n\n\n\n<p>El sector donde apareci\u00f3 el caballo de madera fue uno de los puntos de mayor actividad en la preparaci\u00f3n de la defensa, ya que all\u00ed se ubicaban carpas y puestos de mando. Las condiciones clim\u00e1ticas adversas de aquellos d\u00edas, marcadas por lluvias y barro, habr\u00edan favorecido la preservaci\u00f3n del objeto, que qued\u00f3 cubierto y protegido del deterioro ambiental.<\/p>\n\n\n\n<p>El descubrimiento se produjo detr\u00e1s del Museo de Sitio \u201cBatalla de Obligado\u201d, espacio tur\u00edstico y educativo creado en 2008 mediante un trabajo conjunto entre la Municipalidad y el equipo del Museo Paleontol\u00f3gico. Desde ahora, la pieza permanecer\u00e1 resguardada en el <strong>Archivo de Documentaci\u00f3n Hist\u00f3rica del Museo Paleontol\u00f3gico de San Pedro<\/strong>, disponible para futuras investigaciones.<\/p>\n\n\n\n<p>Este hallazgo no solo ampl\u00eda el conocimiento sobre el hist\u00f3rico combate, sino que tambi\u00e9n aporta una mirada m\u00e1s humana sobre quienes protagonizaron aquella jornada decisiva para la soberan\u00eda nacional.<\/p>\n\n\n\n<p>#VueltaDeObligado #HistoriaArgentina #SanPedro #Patrimonio #MuseoPaleontologico #LucioMansilla #Soberania<\/p>\n\n\n\n<div class=\"wp-block-jetpack-slideshow aligncenter\" data-effect=\"slide\" style=\"--aspect-ratio:calc(840 \/ 630)\"><div class=\"wp-block-jetpack-slideshow_container swiper\"><ul class=\"wp-block-jetpack-slideshow_swiper-wrapper swiper-wrapper\"><li class=\"wp-block-jetpack-slideshow_slide swiper-slide\"><figure><img decoding=\"async\" width=\"840\" height=\"630\" alt=\"\" class=\"wp-block-jetpack-slideshow_image wp-image-148434 lazyload\" data-id=\"148434\" data-aspect-ratio=\"840 \/ 630\" data-src=\"https:\/\/eldiariodesanpedro.com.ar\/sitio\/wp-content\/uploads\/2026\/03\/CABALLO-DE-AJEDREZ.jpg\" data-srcset=\"https:\/\/eldiariodesanpedro.com.ar\/sitio\/wp-content\/uploads\/2026\/03\/CABALLO-DE-AJEDREZ.jpg 840w, https:\/\/eldiariodesanpedro.com.ar\/sitio\/wp-content\/uploads\/2026\/03\/CABALLO-DE-AJEDREZ-300x225.jpg 300w, https:\/\/eldiariodesanpedro.com.ar\/sitio\/wp-content\/uploads\/2026\/03\/CABALLO-DE-AJEDREZ-768x576.jpg 768w, https:\/\/eldiariodesanpedro.com.ar\/sitio\/wp-content\/uploads\/2026\/03\/CABALLO-DE-AJEDREZ-272x204.jpg 272w\" data-sizes=\"(max-width: 840px) 100vw, 840px\" src=\"data:image\/svg+xml;base64,PHN2ZyB3aWR0aD0iMSIgaGVpZ2h0PSIxIiB4bWxucz0iaHR0cDovL3d3dy53My5vcmcvMjAwMC9zdmciPjwvc3ZnPg==\" style=\"--smush-placeholder-width: 840px; --smush-placeholder-aspect-ratio: 840\/630;\" \/><\/figure><\/li><li class=\"wp-block-jetpack-slideshow_slide swiper-slide\"><figure><img decoding=\"async\" width=\"840\" height=\"630\" alt=\"\" class=\"wp-block-jetpack-slideshow_image wp-image-148433 lazyload\" data-id=\"148433\" data-aspect-ratio=\"840 \/ 630\" data-src=\"https:\/\/eldiariodesanpedro.com.ar\/sitio\/wp-content\/uploads\/2026\/03\/PIEZA-HALLADA.jpg\" data-srcset=\"https:\/\/eldiariodesanpedro.com.ar\/sitio\/wp-content\/uploads\/2026\/03\/PIEZA-HALLADA.jpg 840w, https:\/\/eldiariodesanpedro.com.ar\/sitio\/wp-content\/uploads\/2026\/03\/PIEZA-HALLADA-300x225.jpg 300w, https:\/\/eldiariodesanpedro.com.ar\/sitio\/wp-content\/uploads\/2026\/03\/PIEZA-HALLADA-768x576.jpg 768w, https:\/\/eldiariodesanpedro.com.ar\/sitio\/wp-content\/uploads\/2026\/03\/PIEZA-HALLADA-272x204.jpg 272w\" data-sizes=\"(max-width: 840px) 100vw, 840px\" src=\"data:image\/svg+xml;base64,PHN2ZyB3aWR0aD0iMSIgaGVpZ2h0PSIxIiB4bWxucz0iaHR0cDovL3d3dy53My5vcmcvMjAwMC9zdmciPjwvc3ZnPg==\" style=\"--smush-placeholder-width: 840px; --smush-placeholder-aspect-ratio: 840\/630;\" \/><\/figure><\/li><li class=\"wp-block-jetpack-slideshow_slide swiper-slide\"><figure><img decoding=\"async\" width=\"864\" height=\"630\" alt=\"\" class=\"wp-block-jetpack-slideshow_image wp-image-148435 lazyload\" data-id=\"148435\" data-aspect-ratio=\"864 \/ 630\" data-src=\"https:\/\/eldiariodesanpedro.com.ar\/sitio\/wp-content\/uploads\/2026\/03\/RECREACION-ARISTICA-JORGE-PORTAZ-PARA-MUSEO-PALEONTOLOGICO.jpg\" data-srcset=\"https:\/\/eldiariodesanpedro.com.ar\/sitio\/wp-content\/uploads\/2026\/03\/RECREACION-ARISTICA-JORGE-PORTAZ-PARA-MUSEO-PALEONTOLOGICO.jpg 864w, https:\/\/eldiariodesanpedro.com.ar\/sitio\/wp-content\/uploads\/2026\/03\/RECREACION-ARISTICA-JORGE-PORTAZ-PARA-MUSEO-PALEONTOLOGICO-300x219.jpg 300w, https:\/\/eldiariodesanpedro.com.ar\/sitio\/wp-content\/uploads\/2026\/03\/RECREACION-ARISTICA-JORGE-PORTAZ-PARA-MUSEO-PALEONTOLOGICO-768x560.jpg 768w\" data-sizes=\"(max-width: 864px) 100vw, 864px\" src=\"data:image\/svg+xml;base64,PHN2ZyB3aWR0aD0iMSIgaGVpZ2h0PSIxIiB4bWxucz0iaHR0cDovL3d3dy53My5vcmcvMjAwMC9zdmciPjwvc3ZnPg==\" style=\"--smush-placeholder-width: 864px; --smush-placeholder-aspect-ratio: 864\/630;\" \/><\/figure><\/li><\/ul><a class=\"wp-block-jetpack-slideshow_button-prev swiper-button-prev swiper-button-white\" role=\"button\"><\/a><a class=\"wp-block-jetpack-slideshow_button-next swiper-button-next swiper-button-white\" role=\"button\"><\/a><a aria-label=\"Pause Slideshow\" class=\"wp-block-jetpack-slideshow_button-pause\" role=\"button\"><\/a><div class=\"wp-block-jetpack-slideshow_pagination swiper-pagination swiper-pagination-white\"><\/div><\/div><\/div>\n","protected":false},"excerpt":{"rendered":"<p>Un caballo de ajedrez tallado en madera fue hallado en el parque hist\u00f3rico y ya forma parte del Archivo del Museo Paleontol\u00f3gico de San Pedro. En un hallazgo que sorprende por su singularidad, una pieza de ajedrez habr\u00eda pertenecido al ej\u00e9rcito del general Lucio Mansilla en los d\u00edas previos al Combate de la Vuelta de [&hellip;]<\/p>\n","protected":false},"author":4,"featured_media":148432,"comment_status":"closed","ping_status":"closed","sticky":false,"template":"","format":"standard","meta":{"om_disable_all_campaigns":false,"_jetpack_memberships_contains_paid_content":false,"footnotes":""},"categories":[50,101,2],"tags":[9007,9005,9008,8384,5732,9009,9006],"class_list":["post-148431","post","type-post","status-publish","format-standard","has-post-thumbnail","hentry","category-destacadas","category-interes-general-locales","category-locales","tag-batalla-de-la-vuelta-de-obligado","tag-caballo-de-madera","tag-hallazgo-arqueologico","tag-lucio-mansilla","tag-museo-paleontologico-de-san-pedro","tag-patrimonio-historico-argentino","tag-pieza-de-ajedrez-historica"],"aioseo_notices":[],"gutentor_comment":0,"jetpack_featured_media_url":"https:\/\/eldiariodesanpedro.com.ar\/sitio\/wp-content\/uploads\/2026\/03\/medida.jpg","jetpack_shortlink":"https:\/\/wp.me\/p6RhLt-CC3","jetpack_sharing_enabled":true,"_links":{"self":[{"href":"https:\/\/eldiariodesanpedro.com.ar\/sitio\/wp-json\/wp\/v2\/posts\/148431","targetHints":{"allow":["GET"]}}],"collection":[{"href":"https:\/\/eldiariodesanpedro.com.ar\/sitio\/wp-json\/wp\/v2\/posts"}],"about":[{"href":"https:\/\/eldiariodesanpedro.com.ar\/sitio\/wp-json\/wp\/v2\/types\/post"}],"author":[{"embeddable":true,"href":"https:\/\/eldiariodesanpedro.com.ar\/sitio\/wp-json\/wp\/v2\/users\/4"}],"replies":[{"embeddable":true,"href":"https:\/\/eldiariodesanpedro.com.ar\/sitio\/wp-json\/wp\/v2\/comments?post=148431"}],"version-history":[{"count":2,"href":"https:\/\/eldiariodesanpedro.com.ar\/sitio\/wp-json\/wp\/v2\/posts\/148431\/revisions"}],"predecessor-version":[{"id":148438,"href":"https:\/\/eldiariodesanpedro.com.ar\/sitio\/wp-json\/wp\/v2\/posts\/148431\/revisions\/148438"}],"wp:featuredmedia":[{"embeddable":true,"href":"https:\/\/eldiariodesanpedro.com.ar\/sitio\/wp-json\/wp\/v2\/media\/148432"}],"wp:attachment":[{"href":"https:\/\/eldiariodesanpedro.com.ar\/sitio\/wp-json\/wp\/v2\/media?parent=148431"}],"wp:term":[{"taxonomy":"category","embeddable":true,"href":"https:\/\/eldiariodesanpedro.com.ar\/sitio\/wp-json\/wp\/v2\/categories?post=148431"},{"taxonomy":"post_tag","embeddable":true,"href":"https:\/\/eldiariodesanpedro.com.ar\/sitio\/wp-json\/wp\/v2\/tags?post=148431"}],"curies":[{"name":"wp","href":"https:\/\/api.w.org\/{rel}","templated":true}]}}