{"id":14843,"date":"2017-02-16T21:22:06","date_gmt":"2017-02-17T00:22:06","guid":{"rendered":"https:\/\/eldiariodesanpedro.com.ar\/sitio\/?p=14843"},"modified":"2017-02-16T21:22:06","modified_gmt":"2017-02-17T00:22:06","slug":"vidal-entrego-a-san-pedro-y-a-otros-municipios-subsidios-para-hogares-de-transito-por-violencia-de-genero","status":"publish","type":"post","link":"https:\/\/eldiariodesanpedro.com.ar\/sitio\/vidal-entrego-a-san-pedro-y-a-otros-municipios-subsidios-para-hogares-de-transito-por-violencia-de-genero\/","title":{"rendered":"Vidal entreg\u00f3 a San Pedro y a otros municipios, subsidios para hogares de tr\u00e1nsito por violencia de G\u00e9nero"},"content":{"rendered":"<p><!-- VideographyWP Plugin Message: Automatic video embedding prevented by plugin options. --><br \/>\nEn la jornada de hoy el Intendente Salazar participa de un encuentro encabezado por la Gobernadora Mar\u00eda Eugenia Vidal en el marco de la implementaci\u00f3n de pol\u00edticas contra la violencia de g\u00e9nero en el partido de Lomas de Zamora.<\/p>\n<p>\u201cEl Intendente acompa\u00f1a a la Gobernadora Mar\u00eda Eugenia Vidal en acto en el que la mandataria provincial entregar\u00e1 subsidios para la creaci\u00f3n de refugios para que alberguen a v\u00edctimas de violencia de g\u00e9nero\u201d, expresaron desde la Direcci\u00f3n de Prensa de la Municipalidad de San Pedro.<\/p>\n<p>Seg\u00fan se pudo establecer, el monto asignado para la ciudad asciende a 500 mil pesos.<\/p>\n<p>Durante la actividad, que se realiz\u00f3 en el Hogar de Protecci\u00f3n Integral \u00abF\u00e1tima Catan\u00bb de Lomas de Zamora y cont\u00f3 con la participaci\u00f3n de 14 intendentes de la provincia, la gobernadora convoc\u00f3 a \u201cseguir trabajando para que no tengamos ni una v\u00edctima m\u00e1s de femicidio en la provincia de Buenos Aires\u201d.<\/p>\n<p>Junto al secretario de Derechos Humanos bonaerense, Santiago Cant\u00f3n; la subsecretaria de G\u00e9nero y Diversidad Sexual, Daniela Reich; y el subsecretario de Gobierno y Asuntos Municipales, Alex Campbell; la gobernadora otorg\u00f3 asistencias financieras para mejorar los centros de ayuda, como parte de las l\u00edneas de acci\u00f3n del Plan Integral de G\u00e9nero, impulsado por el gobierno provincial.<\/p>\n<p>Vidal resalt\u00f3 adem\u00e1s las medidas que implementa la provincia de Buenos Aires contra la violencia de g\u00e9nero, como la l\u00ednea telef\u00f3nica 144, que mejor\u00f3 su capacidad de atenci\u00f3n. \u201cEl a\u00f1o 2015 hubo 27 mil llamadas que nunca nadie atendi\u00f3 porque hab\u00eda dos operadoras por  turno. Hoy tenemos 62 operadoras trabajando en un call center hecho por Provincia Net que funciona, las 24 horas\u201d, indic\u00f3 tras recorrer el Hogar y dialogar con las v\u00edctimas que reciben contenci\u00f3n y protecci\u00f3n.<\/p>\n<p>Participaron tambi\u00e9n del encuentro y recibieron los subsidios para los hogares de sus municipios los intendentes Sebasti\u00e1n Abella (Campana), Nicol\u00e1s Ducot\u00e9 (Pilar), Javier Mart\u00ednez (Pergamino), Arnaldo Harispe (Lezama), Mart\u00edn Insaurralde (Lomas de Zamora), Osvaldo Din\u00e1poli (Belgrano), Ram\u00f3n Canosa (Las Flores), Carlos S\u00e1nchez (Tres Arroyos), Javier Gast\u00f3n (Chascom\u00fas), Alfredo Fisher (Olavarr\u00eda), Jos\u00e9 Luis Salom\u00f3n (Saladillo), Esteban Santoro (General Madariaga), Cecilio Salazar (San Pedro) y Hern\u00e1n Ralinqueo (Veinticinco de Mayo).<\/p>\n<p>Adem\u00e1s, los partidos de Azul, Daireaux, San Martin, Tigre, General Pueyrredon, Rauch, San Miguel del Monte, Tandil, Bah\u00eda Blanca, Coronel Suarez y Ayacucho tambi\u00e9n contar\u00e1n con asistencia financiera para seguir fortaleciendo la Red.<\/p>\n<p>En la provincia existen actualmente 35 HPI, de los cuales 28 son municipales, 2 provinciales y 5 privados. Durante 2016, se trabaj\u00f3 en el fortalecimiento de la Red, que cuenta con la adhesi\u00f3n de 25 municipios y para 2017, con el financiamiento del Consejo Nacional de la Mujer, se prev\u00e9 la construcci\u00f3n de 4 nuevos hogares.<\/p>\n<p>Asimismo, se contempla la puesta en funcionamiento de otros 2 HPI provinciales en Ensenada y Moreno, con mejoras en su infraestructura, entrega de equipamiento y contrataci\u00f3n de equipos.<\/p>\n","protected":false},"excerpt":{"rendered":"<p>En la jornada de hoy el Intendente Salazar participa de un encuentro encabezado por la Gobernadora Mar\u00eda Eugenia Vidal en el marco de la implementaci\u00f3n de pol\u00edticas contra la violencia de g\u00e9nero en el partido de Lomas de Zamora. \u201cEl Intendente acompa\u00f1a a la Gobernadora Mar\u00eda Eugenia Vidal en acto en el que la mandataria [&hellip;]<\/p>\n","protected":false},"author":4,"featured_media":14844,"comment_status":"open","ping_status":"closed","sticky":false,"template":"","format":"standard","meta":{"om_disable_all_campaigns":false,"_jetpack_memberships_contains_paid_content":false,"footnotes":""},"categories":[50,2,102],"tags":[],"class_list":["post-14843","post","type-post","status-publish","format-standard","has-post-thumbnail","hentry","category-destacadas","category-locales","category-politica-locales"],"aioseo_notices":[],"gutentor_comment":0,"jetpack_featured_media_url":"https:\/\/eldiariodesanpedro.com.ar\/sitio\/wp-content\/uploads\/2017\/02\/Salazar-vidal.jpg","jetpack_shortlink":"https:\/\/wp.me\/p6RhLt-3Rp","jetpack_sharing_enabled":true,"_links":{"self":[{"href":"https:\/\/eldiariodesanpedro.com.ar\/sitio\/wp-json\/wp\/v2\/posts\/14843","targetHints":{"allow":["GET"]}}],"collection":[{"href":"https:\/\/eldiariodesanpedro.com.ar\/sitio\/wp-json\/wp\/v2\/posts"}],"about":[{"href":"https:\/\/eldiariodesanpedro.com.ar\/sitio\/wp-json\/wp\/v2\/types\/post"}],"author":[{"embeddable":true,"href":"https:\/\/eldiariodesanpedro.com.ar\/sitio\/wp-json\/wp\/v2\/users\/4"}],"replies":[{"embeddable":true,"href":"https:\/\/eldiariodesanpedro.com.ar\/sitio\/wp-json\/wp\/v2\/comments?post=14843"}],"version-history":[{"count":1,"href":"https:\/\/eldiariodesanpedro.com.ar\/sitio\/wp-json\/wp\/v2\/posts\/14843\/revisions"}],"predecessor-version":[{"id":14846,"href":"https:\/\/eldiariodesanpedro.com.ar\/sitio\/wp-json\/wp\/v2\/posts\/14843\/revisions\/14846"}],"wp:featuredmedia":[{"embeddable":true,"href":"https:\/\/eldiariodesanpedro.com.ar\/sitio\/wp-json\/wp\/v2\/media\/14844"}],"wp:attachment":[{"href":"https:\/\/eldiariodesanpedro.com.ar\/sitio\/wp-json\/wp\/v2\/media?parent=14843"}],"wp:term":[{"taxonomy":"category","embeddable":true,"href":"https:\/\/eldiariodesanpedro.com.ar\/sitio\/wp-json\/wp\/v2\/categories?post=14843"},{"taxonomy":"post_tag","embeddable":true,"href":"https:\/\/eldiariodesanpedro.com.ar\/sitio\/wp-json\/wp\/v2\/tags?post=14843"}],"curies":[{"name":"wp","href":"https:\/\/api.w.org\/{rel}","templated":true}]}}