{"id":148427,"date":"2026-03-03T09:08:44","date_gmt":"2026-03-03T12:08:44","guid":{"rendered":"https:\/\/eldiariodesanpedro.com.ar\/sitio\/?p=148427"},"modified":"2026-03-03T09:15:48","modified_gmt":"2026-03-03T12:15:48","slug":"fallecio-sergio-jesus-gilli-a-los-55-anos","status":"publish","type":"post","link":"https:\/\/eldiariodesanpedro.com.ar\/sitio\/fallecio-sergio-jesus-gilli-a-los-55-anos\/","title":{"rendered":"Falleci\u00f3 Sergio Jes\u00fas Gilli a los 55 a\u00f1os"},"content":{"rendered":"<!-- VideographyWP Plugin Message: Automatic video embedding prevented by plugin options. -->\n\n<p><em>El vecino de 55 a\u00f1os fue velado en sala 3 y el servicio se extendio hasta este domingo a las 10:00 en Cooser Servicios Sociales.<\/em><\/p>\n\n\n\n<p>La comunidad despidio con pesar a <strong>Sergio Jes\u00fas Gilli, quien falleci\u00f3 a los 55 a\u00f1os<\/strong>, seg\u00fan informaron desde la empresa prestataria del servicio f\u00fanebre.<\/p>\n\n\n\n<p>Sus restos fueron velados en la <strong>Sala N\u00b0 3<\/strong>, ubicada en 3 de Febrero 1475, donde familiares, amigos y allegados le brindan el \u00faltimo adi\u00f3s en un marco de profundo recogimiento.<\/p>\n\n\n\n<p>De acuerdo a lo comunicado, el <strong>servicio se realizo a las 10:00 horas del domingo 1 de marzo de 2026<\/strong>, en las instalaciones de <strong>Cooperativa de Servicios F\u00fanebres Cooser Servicios Sociales<\/strong>.<\/p>\n\n\n\n<p>En este dif\u00edcil momento, acompa\u00f1an a sus seres queridos y elevan una oraci\u00f3n por su eterno descanso.<\/p>\n\n\n\n<p>#Fallecimiento #Necrol\u00f3gica #SergioJesusGilli #SanPedro #Cooser #ServiciosSociales #Obituario<br><\/p>\n","protected":false},"excerpt":{"rendered":"<p>El vecino de 55 a\u00f1os fue velado en sala 3 y el servicio se extendio hasta este domingo a las 10:00 en Cooser Servicios Sociales. La comunidad despidio con pesar a Sergio Jes\u00fas Gilli, quien falleci\u00f3 a los 55 a\u00f1os, seg\u00fan informaron desde la empresa prestataria del servicio f\u00fanebre. Sus restos fueron velados en la [&hellip;]<\/p>\n","protected":false},"author":4,"featured_media":113757,"comment_status":"closed","ping_status":"closed","sticky":false,"template":"","format":"standard","meta":{"om_disable_all_campaigns":false,"_jetpack_memberships_contains_paid_content":false,"footnotes":""},"categories":[8424],"tags":[9004],"class_list":["post-148427","post","type-post","status-publish","format-standard","has-post-thumbnail","hentry","category-necrologicas","tag-sergio-jesus-gilli"],"aioseo_notices":[],"gutentor_comment":0,"jetpack_featured_media_url":"https:\/\/eldiariodesanpedro.com.ar\/sitio\/wp-content\/uploads\/2023\/01\/necrologicas.jpg","jetpack_shortlink":"https:\/\/wp.me\/p6RhLt-CBZ","jetpack_sharing_enabled":true,"_links":{"self":[{"href":"https:\/\/eldiariodesanpedro.com.ar\/sitio\/wp-json\/wp\/v2\/posts\/148427","targetHints":{"allow":["GET"]}}],"collection":[{"href":"https:\/\/eldiariodesanpedro.com.ar\/sitio\/wp-json\/wp\/v2\/posts"}],"about":[{"href":"https:\/\/eldiariodesanpedro.com.ar\/sitio\/wp-json\/wp\/v2\/types\/post"}],"author":[{"embeddable":true,"href":"https:\/\/eldiariodesanpedro.com.ar\/sitio\/wp-json\/wp\/v2\/users\/4"}],"replies":[{"embeddable":true,"href":"https:\/\/eldiariodesanpedro.com.ar\/sitio\/wp-json\/wp\/v2\/comments?post=148427"}],"version-history":[{"count":2,"href":"https:\/\/eldiariodesanpedro.com.ar\/sitio\/wp-json\/wp\/v2\/posts\/148427\/revisions"}],"predecessor-version":[{"id":148430,"href":"https:\/\/eldiariodesanpedro.com.ar\/sitio\/wp-json\/wp\/v2\/posts\/148427\/revisions\/148430"}],"wp:featuredmedia":[{"embeddable":true,"href":"https:\/\/eldiariodesanpedro.com.ar\/sitio\/wp-json\/wp\/v2\/media\/113757"}],"wp:attachment":[{"href":"https:\/\/eldiariodesanpedro.com.ar\/sitio\/wp-json\/wp\/v2\/media?parent=148427"}],"wp:term":[{"taxonomy":"category","embeddable":true,"href":"https:\/\/eldiariodesanpedro.com.ar\/sitio\/wp-json\/wp\/v2\/categories?post=148427"},{"taxonomy":"post_tag","embeddable":true,"href":"https:\/\/eldiariodesanpedro.com.ar\/sitio\/wp-json\/wp\/v2\/tags?post=148427"}],"curies":[{"name":"wp","href":"https:\/\/api.w.org\/{rel}","templated":true}]}}