{"id":148419,"date":"2026-02-28T13:41:56","date_gmt":"2026-02-28T16:41:56","guid":{"rendered":"https:\/\/eldiariodesanpedro.com.ar\/sitio\/?p=148419"},"modified":"2026-02-28T13:42:08","modified_gmt":"2026-02-28T16:42:08","slug":"megaoperativo-cerrojo-desarticulo-una-banda-rural-tras-violento-asalto-a-un-productor-de-83-anos","status":"publish","type":"post","link":"https:\/\/eldiariodesanpedro.com.ar\/sitio\/megaoperativo-cerrojo-desarticulo-una-banda-rural-tras-violento-asalto-a-un-productor-de-83-anos\/","title":{"rendered":"Megaoperativo cerrojo desarticul\u00f3 una banda rural tras violento asalto a un productor de 83 a\u00f1os"},"content":{"rendered":"<!-- VideographyWP Plugin Message: Automatic video embedding prevented by plugin options. -->\n\n<p>Un amplio despliegue policial permiti\u00f3 desbaratar una organizaci\u00f3n que operaba en el norte bonaerense tras un brutal robo en un campo sobre la Ruta 188.<\/p>\n\n\n\n<p>Un <strong>megaoperativo cerrojo coordinado entre fuerzas rurales y Polic\u00eda Vial<\/strong> permiti\u00f3 desarticular el n\u00facleo de una peligrosa organizaci\u00f3n delictiva que operaba en distintos puntos del norte bonaerense, luego del <strong>violento asalto a un productor agropecuario de 83 a\u00f1os<\/strong> en la localidad de Juan Andr\u00e9s de la Pe\u00f1a.<\/p>\n\n\n\n<p>La investigaci\u00f3n es encabezada por el fiscal <strong>Nelson Mastorchio<\/strong>, titular de la UFI N\u00b0 3 de Pergamino, y se activ\u00f3 el jueves 26 de febrero tras la irrupci\u00f3n de al menos cuatro delincuentes armados y encapuchados en un establecimiento rural ubicado sobre la <strong>Ruta Nacional 188<\/strong>.<\/p>\n\n\n\n<p>Seg\u00fan la reconstrucci\u00f3n judicial, los asaltantes redujeron al propietario y a la familia de su casero, a quienes <strong>maniataron con precintos<\/strong>, para luego sustraer dinero en efectivo, objetos de valor y dos camionetas: una <strong>Volkswagen Amarok<\/strong> y una <strong>Chevrolet S10<\/strong>. Producto del fuerte impacto emocional, el productor sufri\u00f3 un pico de presi\u00f3n y permanece internado bajo observaci\u00f3n m\u00e9dica.<\/p>\n\n\n\n<h3 class=\"wp-block-heading\">Operativo en red y detenciones clave<\/h3>\n\n\n\n<p>Las tareas investigativas determinaron que se tratar\u00eda de una <strong>estructura criminal con base en Pergamino y ramificaciones en San Nicol\u00e1s, Ramallo y San Pedro<\/strong>, que utilizaba una log\u00edstica coordinada para dispersar los veh\u00edculos y \u201cenfriar\u201d el bot\u00edn en distintas jurisdicciones.<\/p>\n\n\n\n<p>En el marco del operativo, personal policial intercept\u00f3 un <strong>Volkswagen Gol que actuaba como veh\u00edculo \u201cpuntero\u201d<\/strong> sobre la Ruta Provincial 51, a la altura de Ramallo. All\u00ed, los sospechosos descartaron una mochila que conten\u00eda armas de guerra y precintos pl\u00e1sticos.<\/p>\n\n\n\n<p>Horas despu\u00e9s, los efectivos localizaron un galp\u00f3n cercano a La Violeta donde estaban ocultas las dos camionetas robadas y la totalidad del dinero sustra\u00eddo. En ese lugar fue aprehendido un <strong>hombre de 65 a\u00f1os, oriundo de Pergamino y se\u00f1alado como presunto l\u00edder de la banda<\/strong>, quien posee antecedentes penales. Tambi\u00e9n fue detenida una mujer de 32 a\u00f1os, acusada de cumplir funciones como conductora en el esquema log\u00edstico.<\/p>\n\n\n\n<h3 class=\"wp-block-heading\">Arsenal secuestrado y modalidad delictiva<\/h3>\n\n\n\n<p>Durante los allanamientos de urgencia realizados en Pergamino, la polic\u00eda secuestr\u00f3 un importante arsenal que inclu\u00eda <strong>armas de fuego, municiones, cargadores, mamelucos, guantes y precintos<\/strong>, elementos que formar\u00edan parte del modus operandi del grupo.<\/p>\n\n\n\n<p>Entre las armas incautadas se encuentran una pistola Bersa Thunder 9 mil\u00edmetros con pedido de secuestro activo en la jurisdicci\u00f3n Z\u00e1rate-Campana, una pistola calibre .11.25 marca Ballester Molina y un rev\u00f3lver calibre .22.<\/p>\n\n\n\n<p>Los investigadores sostienen que la organizaci\u00f3n utilizaba <strong>prendas similares a uniformes policiales, esposas y planificaci\u00f3n previa con tareas de inteligencia<\/strong>, adem\u00e1s de rutas rurales y autopistas para facilitar la fuga y evitar controles.<\/p>\n\n\n\n<p>Los imputados enfrentan cargos por <strong>robo doblemente agravado por el uso de arma, por ser cometido en despoblado y en banda, y por privaci\u00f3n ilegal de la libertad<\/strong>, en una causa que contin\u00faa en plena etapa investigativa.<\/p>\n\n\n\n<p>#Megaoperativo #RoboRural #Pergamino #NorteBonaerense #Policiales #InseguridadRural #Allanamientos #Ruta188<\/p>\n","protected":false},"excerpt":{"rendered":"<p>Un amplio despliegue policial permiti\u00f3 desbaratar una organizaci\u00f3n que operaba en el norte bonaerense tras un brutal robo en un campo sobre la Ruta 188. Un megaoperativo cerrojo coordinado entre fuerzas rurales y Polic\u00eda Vial permiti\u00f3 desarticular el n\u00facleo de una peligrosa organizaci\u00f3n delictiva que operaba en distintos puntos del norte bonaerense, luego del violento [&hellip;]<\/p>\n","protected":false},"author":4,"featured_media":148420,"comment_status":"closed","ping_status":"closed","sticky":false,"template":"","format":"standard","meta":{"om_disable_all_campaigns":false,"_jetpack_memberships_contains_paid_content":false,"footnotes":""},"categories":[2,103],"tags":[8999,8995,9000,8998,8997,8994,9002,8996],"class_list":["post-148419","post","type-post","status-publish","format-standard","has-post-thumbnail","hentry","category-locales","category-policiales-locales","tag-armas-secuestradas","tag-asalto-productor-83-anos","tag-banda-rural-norte-bonaerense","tag-detenciones-en-pergamino","tag-fiscal-nelson-mastorchio","tag-megaoperativo-cerrojo","tag-modalidad-rural-organizada","tag-robo-en-campo-ruta-188"],"aioseo_notices":[],"gutentor_comment":0,"jetpack_featured_media_url":"https:\/\/eldiariodesanpedro.com.ar\/sitio\/wp-content\/uploads\/2026\/02\/medida-2-9.jpg","jetpack_shortlink":"https:\/\/wp.me\/p6RhLt-CBR","jetpack_sharing_enabled":true,"_links":{"self":[{"href":"https:\/\/eldiariodesanpedro.com.ar\/sitio\/wp-json\/wp\/v2\/posts\/148419","targetHints":{"allow":["GET"]}}],"collection":[{"href":"https:\/\/eldiariodesanpedro.com.ar\/sitio\/wp-json\/wp\/v2\/posts"}],"about":[{"href":"https:\/\/eldiariodesanpedro.com.ar\/sitio\/wp-json\/wp\/v2\/types\/post"}],"author":[{"embeddable":true,"href":"https:\/\/eldiariodesanpedro.com.ar\/sitio\/wp-json\/wp\/v2\/users\/4"}],"replies":[{"embeddable":true,"href":"https:\/\/eldiariodesanpedro.com.ar\/sitio\/wp-json\/wp\/v2\/comments?post=148419"}],"version-history":[{"count":1,"href":"https:\/\/eldiariodesanpedro.com.ar\/sitio\/wp-json\/wp\/v2\/posts\/148419\/revisions"}],"predecessor-version":[{"id":148421,"href":"https:\/\/eldiariodesanpedro.com.ar\/sitio\/wp-json\/wp\/v2\/posts\/148419\/revisions\/148421"}],"wp:featuredmedia":[{"embeddable":true,"href":"https:\/\/eldiariodesanpedro.com.ar\/sitio\/wp-json\/wp\/v2\/media\/148420"}],"wp:attachment":[{"href":"https:\/\/eldiariodesanpedro.com.ar\/sitio\/wp-json\/wp\/v2\/media?parent=148419"}],"wp:term":[{"taxonomy":"category","embeddable":true,"href":"https:\/\/eldiariodesanpedro.com.ar\/sitio\/wp-json\/wp\/v2\/categories?post=148419"},{"taxonomy":"post_tag","embeddable":true,"href":"https:\/\/eldiariodesanpedro.com.ar\/sitio\/wp-json\/wp\/v2\/tags?post=148419"}],"curies":[{"name":"wp","href":"https:\/\/api.w.org\/{rel}","templated":true}]}}