{"id":148411,"date":"2026-02-28T12:42:57","date_gmt":"2026-02-28T15:42:57","guid":{"rendered":"https:\/\/eldiariodesanpedro.com.ar\/sitio\/?p=148411"},"modified":"2026-02-28T12:43:09","modified_gmt":"2026-02-28T15:43:09","slug":"avanza-la-construccion-de-la-estacion-de-servicio-mas-grande-del-pais-en-la-ruta-9-km-162","status":"publish","type":"post","link":"https:\/\/eldiariodesanpedro.com.ar\/sitio\/avanza-la-construccion-de-la-estacion-de-servicio-mas-grande-del-pais-en-la-ruta-9-km-162\/","title":{"rendered":"Avanza la construcci\u00f3n de la estaci\u00f3n de servicio m\u00e1s grande del pa\u00eds en la Ruta 9 km 162"},"content":{"rendered":"<!-- VideographyWP Plugin Message: Automatic video embedding prevented by plugin options. -->\n\n<p>El complejo, ubicado sobre la Autopista Rosario\u2013Buenos Aires a la altura del km 162, generar\u00e1 hasta 100 empleos y contar\u00e1 con servicios integrales las 24 horas.<\/p>\n\n\n\n<p>La <strong>construcci\u00f3n de la estaci\u00f3n de servicio m\u00e1s grande del pa\u00eds<\/strong> contin\u00faa avanzando sobre un predio de <strong>10 hect\u00e1reas en la Ruta Nacional 9, kil\u00f3metro 162, mano a Buenos Aires<\/strong>, frente al complejo La Serena. El emprendimiento, impulsado por el empresario sampedrino Jorge Caso, se proyecta como un polo estrat\u00e9gico para el tr\u00e1nsito que circula por el corredor Rosario\u2013Buenos Aires.<\/p>\n\n\n\n<p>Durante la ma\u00f1ana de este jueves, el intendente <strong>Cecilio Salazar<\/strong> recorri\u00f3 las obras junto a integrantes de su gabinete y al titular del grupo empresario, supervisando los avances del proyecto que incluir\u00e1 una <strong>nueva estaci\u00f3n de servicios YPF y un parador integral<\/strong> con m\u00faltiples prestaciones.<\/p>\n\n\n\n<p>El complejo est\u00e1 dise\u00f1ado con <strong>circuitos diferenciados para camiones, veh\u00edculos particulares y micros<\/strong>, e incorporar\u00e1 <strong>propuesta gastron\u00f3mica las 24 horas, paseo comercial, sanitarios completos con duchas para transportistas, asistencia mec\u00e1nica, carga de GNC, puntos de recarga el\u00e9ctrica y una sala de primeros auxilios<\/strong> para emergencias. Adem\u00e1s, contar\u00e1 con <strong>sistemas de almacenamiento de combustibles con est\u00e1ndares ambientales orientados a prevenir filtraciones y contaminaci\u00f3n<\/strong>, minimizando riesgos en un corredor de alta circulaci\u00f3n.<\/p>\n\n\n\n<p>Uno de los aspectos clave para el desarrollo fue la habilitaci\u00f3n de los accesos al predio, requisito indispensable para su integraci\u00f3n segura con la autopista. En ese marco, el Municipio acompa\u00f1\u00f3 las gestiones ante la Direcci\u00f3n Nacional de Vialidad, tr\u00e1mite que permiti\u00f3 destrabar el expediente y avanzar con la obra.<\/p>\n\n\n\n<p>\u201cEl tema de los accesos era un problema importante. Estoy eternamente agradecido porque se logr\u00f3 destrabar una situaci\u00f3n compleja\u201d, expres\u00f3 Caso, quien destac\u00f3 que el objetivo es que el nuevo espacio funcione en conjunto con la estaci\u00f3n ubicada enfrente y se convierta en <strong>parada obligada para quienes transitan por la zona<\/strong>.<\/p>\n\n\n\n<p>Por su parte, el jefe comunal remarc\u00f3 el respaldo municipal a las inversiones privadas que impulsan el desarrollo local. \u201cVer esta obra hoy es emocionante. Todo empresario que quiera invertir va a encontrar acompa\u00f1amiento\u201d, se\u00f1al\u00f3 Salazar.<\/p>\n\n\n\n<p>La finalizaci\u00f3n del proyecto est\u00e1 prevista para dentro de aproximadamente un a\u00f1o, si las condiciones clim\u00e1ticas acompa\u00f1an. Se estima que el emprendimiento <strong>generar\u00e1 entre 80 y 100 puestos de trabajo<\/strong>, superando incluso la dotaci\u00f3n actual de la estaci\u00f3n existente frente al predio.<\/p>\n\n\n\n<p>En paralelo, el grupo empresario contin\u00faa ampliando su perfil productivo. Con <strong>1.200 hect\u00e1reas propias<\/strong>, avanza en la construcci\u00f3n de una planta de silos por etapas y proyecta un galp\u00f3n de 2.000 metros cuadrados para instalar una <strong>seleccionadora autom\u00e1tica de arvejas por color y tama\u00f1o<\/strong>, orientada a mercados internacionales, principalmente China. Adem\u00e1s, incorpor\u00f3 una planta hormigonera que abastece la obra en marcha y otras iniciativas privadas en la ciudad y la regi\u00f3n.<\/p>\n\n\n\n<p>El proyecto consolida a la Ruta 9 como un eje estrat\u00e9gico de inversi\u00f3n y servicios, fortaleciendo la infraestructura y el empleo en la zona.<\/p>\n\n\n\n<p>#SanPedro #Ruta9 #YPF #Inversiones #DesarrolloLocal #AutopistaRosarioBuenosAires #Empleo #Infraestructura #EstacionDeServicio #Argentina<\/p>\n\n\n\n<div class=\"wp-block-jetpack-slideshow aligncenter\" data-effect=\"slide\" style=\"--aspect-ratio:calc(946 \/ 630)\"><div class=\"wp-block-jetpack-slideshow_container swiper\"><ul class=\"wp-block-jetpack-slideshow_swiper-wrapper swiper-wrapper\"><li class=\"wp-block-jetpack-slideshow_slide swiper-slide\"><figure><img decoding=\"async\" width=\"946\" height=\"630\" alt=\"\" class=\"wp-block-jetpack-slideshow_image wp-image-148417 lazyload\" data-id=\"148417\" data-aspect-ratio=\"946 \/ 630\" data-src=\"https:\/\/eldiariodesanpedro.com.ar\/sitio\/wp-content\/uploads\/2026\/02\/642359974_792457993913934_6203680535131065421_n.jpg\" data-srcset=\"https:\/\/eldiariodesanpedro.com.ar\/sitio\/wp-content\/uploads\/2026\/02\/642359974_792457993913934_6203680535131065421_n.jpg 946w, https:\/\/eldiariodesanpedro.com.ar\/sitio\/wp-content\/uploads\/2026\/02\/642359974_792457993913934_6203680535131065421_n-300x200.jpg 300w, https:\/\/eldiariodesanpedro.com.ar\/sitio\/wp-content\/uploads\/2026\/02\/642359974_792457993913934_6203680535131065421_n-768x511.jpg 768w\" data-sizes=\"(max-width: 946px) 100vw, 946px\" src=\"data:image\/svg+xml;base64,PHN2ZyB3aWR0aD0iMSIgaGVpZ2h0PSIxIiB4bWxucz0iaHR0cDovL3d3dy53My5vcmcvMjAwMC9zdmciPjwvc3ZnPg==\" style=\"--smush-placeholder-width: 946px; --smush-placeholder-aspect-ratio: 946\/630;\" \/><\/figure><\/li><li class=\"wp-block-jetpack-slideshow_slide swiper-slide\"><figure><img decoding=\"async\" width=\"946\" height=\"630\" alt=\"\" class=\"wp-block-jetpack-slideshow_image wp-image-148413 lazyload\" data-id=\"148413\" data-aspect-ratio=\"946 \/ 630\" data-src=\"https:\/\/eldiariodesanpedro.com.ar\/sitio\/wp-content\/uploads\/2026\/02\/642532779_792458060580594_7864302403124775991_n.jpg\" data-srcset=\"https:\/\/eldiariodesanpedro.com.ar\/sitio\/wp-content\/uploads\/2026\/02\/642532779_792458060580594_7864302403124775991_n.jpg 946w, https:\/\/eldiariodesanpedro.com.ar\/sitio\/wp-content\/uploads\/2026\/02\/642532779_792458060580594_7864302403124775991_n-300x200.jpg 300w, https:\/\/eldiariodesanpedro.com.ar\/sitio\/wp-content\/uploads\/2026\/02\/642532779_792458060580594_7864302403124775991_n-768x511.jpg 768w\" data-sizes=\"(max-width: 946px) 100vw, 946px\" src=\"data:image\/svg+xml;base64,PHN2ZyB3aWR0aD0iMSIgaGVpZ2h0PSIxIiB4bWxucz0iaHR0cDovL3d3dy53My5vcmcvMjAwMC9zdmciPjwvc3ZnPg==\" style=\"--smush-placeholder-width: 946px; --smush-placeholder-aspect-ratio: 946\/630;\" \/><\/figure><\/li><li class=\"wp-block-jetpack-slideshow_slide swiper-slide\"><figure><img decoding=\"async\" width=\"946\" height=\"630\" alt=\"\" class=\"wp-block-jetpack-slideshow_image wp-image-148415 lazyload\" data-id=\"148415\" data-aspect-ratio=\"946 \/ 630\" data-src=\"https:\/\/eldiariodesanpedro.com.ar\/sitio\/wp-content\/uploads\/2026\/02\/643311615_792458027247264_7757676424298394321_n.jpg\" data-srcset=\"https:\/\/eldiariodesanpedro.com.ar\/sitio\/wp-content\/uploads\/2026\/02\/643311615_792458027247264_7757676424298394321_n.jpg 946w, https:\/\/eldiariodesanpedro.com.ar\/sitio\/wp-content\/uploads\/2026\/02\/643311615_792458027247264_7757676424298394321_n-300x200.jpg 300w, https:\/\/eldiariodesanpedro.com.ar\/sitio\/wp-content\/uploads\/2026\/02\/643311615_792458027247264_7757676424298394321_n-768x511.jpg 768w\" data-sizes=\"(max-width: 946px) 100vw, 946px\" src=\"data:image\/svg+xml;base64,PHN2ZyB3aWR0aD0iMSIgaGVpZ2h0PSIxIiB4bWxucz0iaHR0cDovL3d3dy53My5vcmcvMjAwMC9zdmciPjwvc3ZnPg==\" style=\"--smush-placeholder-width: 946px; --smush-placeholder-aspect-ratio: 946\/630;\" \/><\/figure><\/li><li class=\"wp-block-jetpack-slideshow_slide swiper-slide\"><figure><img decoding=\"async\" width=\"946\" height=\"630\" alt=\"\" class=\"wp-block-jetpack-slideshow_image wp-image-148416 lazyload\" data-id=\"148416\" data-aspect-ratio=\"946 \/ 630\" data-src=\"https:\/\/eldiariodesanpedro.com.ar\/sitio\/wp-content\/uploads\/2026\/02\/643318436_792457957247271_4165141264302672051_n.jpg\" data-srcset=\"https:\/\/eldiariodesanpedro.com.ar\/sitio\/wp-content\/uploads\/2026\/02\/643318436_792457957247271_4165141264302672051_n.jpg 946w, https:\/\/eldiariodesanpedro.com.ar\/sitio\/wp-content\/uploads\/2026\/02\/643318436_792457957247271_4165141264302672051_n-300x200.jpg 300w, https:\/\/eldiariodesanpedro.com.ar\/sitio\/wp-content\/uploads\/2026\/02\/643318436_792457957247271_4165141264302672051_n-768x511.jpg 768w\" data-sizes=\"(max-width: 946px) 100vw, 946px\" src=\"data:image\/svg+xml;base64,PHN2ZyB3aWR0aD0iMSIgaGVpZ2h0PSIxIiB4bWxucz0iaHR0cDovL3d3dy53My5vcmcvMjAwMC9zdmciPjwvc3ZnPg==\" style=\"--smush-placeholder-width: 946px; --smush-placeholder-aspect-ratio: 946\/630;\" \/><\/figure><\/li><li class=\"wp-block-jetpack-slideshow_slide swiper-slide\"><figure><img decoding=\"async\" width=\"946\" height=\"630\" alt=\"\" class=\"wp-block-jetpack-slideshow_image wp-image-148414 lazyload\" data-id=\"148414\" data-aspect-ratio=\"946 \/ 630\" data-src=\"https:\/\/eldiariodesanpedro.com.ar\/sitio\/wp-content\/uploads\/2026\/02\/643343741_792457913913942_4344526120289565696_n.jpg\" data-srcset=\"https:\/\/eldiariodesanpedro.com.ar\/sitio\/wp-content\/uploads\/2026\/02\/643343741_792457913913942_4344526120289565696_n.jpg 946w, https:\/\/eldiariodesanpedro.com.ar\/sitio\/wp-content\/uploads\/2026\/02\/643343741_792457913913942_4344526120289565696_n-300x200.jpg 300w, https:\/\/eldiariodesanpedro.com.ar\/sitio\/wp-content\/uploads\/2026\/02\/643343741_792457913913942_4344526120289565696_n-768x511.jpg 768w\" data-sizes=\"(max-width: 946px) 100vw, 946px\" src=\"data:image\/svg+xml;base64,PHN2ZyB3aWR0aD0iMSIgaGVpZ2h0PSIxIiB4bWxucz0iaHR0cDovL3d3dy53My5vcmcvMjAwMC9zdmciPjwvc3ZnPg==\" style=\"--smush-placeholder-width: 946px; --smush-placeholder-aspect-ratio: 946\/630;\" \/><\/figure><\/li><\/ul><a class=\"wp-block-jetpack-slideshow_button-prev swiper-button-prev swiper-button-white\" role=\"button\"><\/a><a class=\"wp-block-jetpack-slideshow_button-next swiper-button-next swiper-button-white\" role=\"button\"><\/a><a aria-label=\"Pause Slideshow\" class=\"wp-block-jetpack-slideshow_button-pause\" role=\"button\"><\/a><div class=\"wp-block-jetpack-slideshow_pagination swiper-pagination swiper-pagination-white\"><\/div><\/div><\/div>\n","protected":false},"excerpt":{"rendered":"<p>El complejo, ubicado sobre la Autopista Rosario\u2013Buenos Aires a la altura del km 162, generar\u00e1 hasta 100 empleos y contar\u00e1 con servicios integrales las 24 horas. La construcci\u00f3n de la estaci\u00f3n de servicio m\u00e1s grande del pa\u00eds contin\u00faa avanzando sobre un predio de 10 hect\u00e1reas en la Ruta Nacional 9, kil\u00f3metro 162, mano a Buenos [&hellip;]<\/p>\n","protected":false},"author":4,"featured_media":148412,"comment_status":"closed","ping_status":"closed","sticky":false,"template":"","format":"standard","meta":{"om_disable_all_campaigns":false,"_jetpack_memberships_contains_paid_content":false,"footnotes":""},"categories":[50,101,2],"tags":[8989,1059,8992,8987,8753,7453,8990,8993,8988,8991],"class_list":["post-148411","post","type-post","status-publish","format-standard","has-post-thumbnail","hentry","category-destacadas","category-interes-general-locales","category-locales","tag-autopista-rosario-buenos-aires","tag-cecilio-salazar","tag-complejo-de-servicios-integral","tag-estacion-de-servicio-mas-grande-del-pais","tag-generacion-de-empleo","tag-infraestructura-vial","tag-inversion-en-san-pedro","tag-jorge-caso","tag-ruta-9-km-162","tag-ypf-parador"],"aioseo_notices":[],"gutentor_comment":0,"jetpack_featured_media_url":"https:\/\/eldiariodesanpedro.com.ar\/sitio\/wp-content\/uploads\/2026\/02\/ypf.jpg","jetpack_shortlink":"https:\/\/wp.me\/p6RhLt-CBJ","jetpack_sharing_enabled":true,"_links":{"self":[{"href":"https:\/\/eldiariodesanpedro.com.ar\/sitio\/wp-json\/wp\/v2\/posts\/148411","targetHints":{"allow":["GET"]}}],"collection":[{"href":"https:\/\/eldiariodesanpedro.com.ar\/sitio\/wp-json\/wp\/v2\/posts"}],"about":[{"href":"https:\/\/eldiariodesanpedro.com.ar\/sitio\/wp-json\/wp\/v2\/types\/post"}],"author":[{"embeddable":true,"href":"https:\/\/eldiariodesanpedro.com.ar\/sitio\/wp-json\/wp\/v2\/users\/4"}],"replies":[{"embeddable":true,"href":"https:\/\/eldiariodesanpedro.com.ar\/sitio\/wp-json\/wp\/v2\/comments?post=148411"}],"version-history":[{"count":1,"href":"https:\/\/eldiariodesanpedro.com.ar\/sitio\/wp-json\/wp\/v2\/posts\/148411\/revisions"}],"predecessor-version":[{"id":148418,"href":"https:\/\/eldiariodesanpedro.com.ar\/sitio\/wp-json\/wp\/v2\/posts\/148411\/revisions\/148418"}],"wp:featuredmedia":[{"embeddable":true,"href":"https:\/\/eldiariodesanpedro.com.ar\/sitio\/wp-json\/wp\/v2\/media\/148412"}],"wp:attachment":[{"href":"https:\/\/eldiariodesanpedro.com.ar\/sitio\/wp-json\/wp\/v2\/media?parent=148411"}],"wp:term":[{"taxonomy":"category","embeddable":true,"href":"https:\/\/eldiariodesanpedro.com.ar\/sitio\/wp-json\/wp\/v2\/categories?post=148411"},{"taxonomy":"post_tag","embeddable":true,"href":"https:\/\/eldiariodesanpedro.com.ar\/sitio\/wp-json\/wp\/v2\/tags?post=148411"}],"curies":[{"name":"wp","href":"https:\/\/api.w.org\/{rel}","templated":true}]}}