{"id":148408,"date":"2026-02-28T12:22:40","date_gmt":"2026-02-28T15:22:40","guid":{"rendered":"https:\/\/eldiariodesanpedro.com.ar\/sitio\/?p=148408"},"modified":"2026-02-28T12:22:51","modified_gmt":"2026-02-28T15:22:51","slug":"hallaron-el-cuerpo-de-sergio-gilli-tras-el-naufragio-en-el-rio-parana","status":"publish","type":"post","link":"https:\/\/eldiariodesanpedro.com.ar\/sitio\/hallaron-el-cuerpo-de-sergio-gilli-tras-el-naufragio-en-el-rio-parana\/","title":{"rendered":"Hallaron el cuerpo de Sergio Gilli tras el naufragio en el r\u00edo Paran\u00e1"},"content":{"rendered":"<!-- VideographyWP Plugin Message: Automatic video embedding prevented by plugin options. -->\n\n<p>Prefectura confirm\u00f3 el hallazgo del hombre de 50 a\u00f1os desaparecido tras el vuelco de su embarcaci\u00f3n en el kil\u00f3metro 245 del r\u00edo Paran\u00e1.<\/p>\n\n\n\n<p>Ayer en el marco del operativo desplegado en el r\u00edo Paran\u00e1, <strong>efectivos de la Prefectura Naval Argentina confirmaron este jueves el hallazgo del cuerpo sin vida de Sergio Gilli, de 50 a\u00f1os<\/strong>, quien permanec\u00eda desaparecido desde el mi\u00e9rcoles tras el naufragio de la embarcaci\u00f3n en la que navegaba.<\/p>\n\n\n\n<p>El hallazgo se produjo en las proximidades del <strong>kil\u00f3metro 245, en la zona de islas<\/strong>, donde desde el momento del siniestro se llevaba adelante un intenso rastrillaje por agua. El tr\u00e1gico episodio ocurri\u00f3 cuando la canoa en la que se desplazaba Gilli, junto a otro tripulante, <strong>se vio afectada por el ingreso masivo de agua y termin\u00f3 dando vuelta campana<\/strong>.<\/p>\n\n\n\n<p>Seg\u00fan las primeras hip\u00f3tesis que ahora son materia de investigaci\u00f3n judicial, <strong>una fuerte marejada provocada por un buque remolcador que operaba en cercan\u00edas habr\u00eda desestabilizado la embarcaci\u00f3n<\/strong>, que adem\u00e1s transportaba un cargamento de miel.<\/p>\n\n\n\n<p>En medio del naufragio, <strong>Gustavo Fussi, de 60 a\u00f1os, logr\u00f3 sobrevivir<\/strong> al mantenerse a flote sujet\u00e1ndose a un objeto. Fue auxiliado por la tripulaci\u00f3n de una barcaza que navegaba por el sector, cuyos integrantes dieron aviso inmediato a las autoridades. Tras el rescate, Fussi fue trasladado al puerto local, donde recibi\u00f3 asistencia m\u00e9dica por parte de una ambulancia del SAME.<\/p>\n\n\n\n<p>Durante las tareas de b\u00fasqueda, el personal de Prefectura hab\u00eda logrado recuperar la lancha siniestrada, aunque hasta las primeras horas de esta jornada no se hab\u00eda podido dar con el paradero de Gilli. El operativo incluy\u00f3 <strong>guardacostas y personal especializado en salvamento<\/strong>, que trabajaron bajo estrictas condiciones de monitoreo para garantizar la seguridad en la zona delimitada.<\/p>\n\n\n\n<p>La <strong>Justicia Federal ya tom\u00f3 intervenci\u00f3n<\/strong> para determinar las causas exactas del siniestro y establecer posibles responsabilidades. Los peritajes t\u00e9cnicos ser\u00e1n determinantes para confirmar si el paso del remolcador fue el factor que desencaden\u00f3 el vuelco y el posterior desenlace fatal.<\/p>\n\n\n\n<p>#SergioGilli #RioParana #PrefecturaNaval #Naufragio #ZonaDeIslas #SeguridadNautica #BusquedaYRescate<\/p>\n","protected":false},"excerpt":{"rendered":"<p>Prefectura confirm\u00f3 el hallazgo del hombre de 50 a\u00f1os desaparecido tras el vuelco de su embarcaci\u00f3n en el kil\u00f3metro 245 del r\u00edo Paran\u00e1. Ayer en el marco del operativo desplegado en el r\u00edo Paran\u00e1, efectivos de la Prefectura Naval Argentina confirmaron este jueves el hallazgo del cuerpo sin vida de Sergio Gilli, de 50 a\u00f1os, [&hellip;]<\/p>\n","protected":false},"author":4,"featured_media":148409,"comment_status":"closed","ping_status":"closed","sticky":false,"template":"","format":"standard","meta":{"om_disable_all_campaigns":false,"_jetpack_memberships_contains_paid_content":false,"footnotes":""},"categories":[50,2,103],"tags":[8986,8985,7937,8983,8984,8954,5224,7934,1826,8951],"class_list":["post-148408","post","type-post","status-publish","format-standard","has-post-thumbnail","hentry","category-destacadas","category-locales","category-policiales-locales","tag-accidente-nautico","tag-buque-remolcador","tag-justicia-federal","tag-kilometro-245","tag-naufragio-en-islas","tag-operativo-de-rastrillaje","tag-prefectura-naval-argentina","tag-rio-parana-2","tag-same","tag-sergio-gilli"],"aioseo_notices":[],"gutentor_comment":0,"jetpack_featured_media_url":"https:\/\/eldiariodesanpedro.com.ar\/sitio\/wp-content\/uploads\/2026\/02\/medida-2-8.jpg","jetpack_shortlink":"https:\/\/wp.me\/p6RhLt-CBG","jetpack_sharing_enabled":true,"_links":{"self":[{"href":"https:\/\/eldiariodesanpedro.com.ar\/sitio\/wp-json\/wp\/v2\/posts\/148408","targetHints":{"allow":["GET"]}}],"collection":[{"href":"https:\/\/eldiariodesanpedro.com.ar\/sitio\/wp-json\/wp\/v2\/posts"}],"about":[{"href":"https:\/\/eldiariodesanpedro.com.ar\/sitio\/wp-json\/wp\/v2\/types\/post"}],"author":[{"embeddable":true,"href":"https:\/\/eldiariodesanpedro.com.ar\/sitio\/wp-json\/wp\/v2\/users\/4"}],"replies":[{"embeddable":true,"href":"https:\/\/eldiariodesanpedro.com.ar\/sitio\/wp-json\/wp\/v2\/comments?post=148408"}],"version-history":[{"count":1,"href":"https:\/\/eldiariodesanpedro.com.ar\/sitio\/wp-json\/wp\/v2\/posts\/148408\/revisions"}],"predecessor-version":[{"id":148410,"href":"https:\/\/eldiariodesanpedro.com.ar\/sitio\/wp-json\/wp\/v2\/posts\/148408\/revisions\/148410"}],"wp:featuredmedia":[{"embeddable":true,"href":"https:\/\/eldiariodesanpedro.com.ar\/sitio\/wp-json\/wp\/v2\/media\/148409"}],"wp:attachment":[{"href":"https:\/\/eldiariodesanpedro.com.ar\/sitio\/wp-json\/wp\/v2\/media?parent=148408"}],"wp:term":[{"taxonomy":"category","embeddable":true,"href":"https:\/\/eldiariodesanpedro.com.ar\/sitio\/wp-json\/wp\/v2\/categories?post=148408"},{"taxonomy":"post_tag","embeddable":true,"href":"https:\/\/eldiariodesanpedro.com.ar\/sitio\/wp-json\/wp\/v2\/tags?post=148408"}],"curies":[{"name":"wp","href":"https:\/\/api.w.org\/{rel}","templated":true}]}}