{"id":148404,"date":"2026-02-28T12:05:58","date_gmt":"2026-02-28T15:05:58","guid":{"rendered":"https:\/\/eldiariodesanpedro.com.ar\/sitio\/?p=148404"},"modified":"2026-02-28T12:06:09","modified_gmt":"2026-02-28T15:06:09","slug":"aprehenden-a-un-hombre-de-30-anos-por-desobedecer-una-restriccion-judicial-y-amenazar-a-su-pareja","status":"publish","type":"post","link":"https:\/\/eldiariodesanpedro.com.ar\/sitio\/aprehenden-a-un-hombre-de-30-anos-por-desobedecer-una-restriccion-judicial-y-amenazar-a-su-pareja\/","title":{"rendered":"Aprehenden a un hombre de 30 a\u00f1os por desobedecer una restricci\u00f3n judicial y amenazar a su pareja"},"content":{"rendered":"<!-- VideographyWP Plugin Message: Automatic video embedding prevented by plugin options. -->\n\n<p><strong>El acusado fue detenido tras violar un per\u00edmetro de exclusi\u00f3n y amenazar a su pareja de 19 a\u00f1os en la v\u00eda p\u00fablica. Interviene la Fiscal\u00eda local.<\/strong><\/p>\n\n\n\n<p>Un hombre de <strong>30 a\u00f1os fue aprehendido por un hecho de violencia de g\u00e9nero<\/strong> luego de incumplir una medida judicial vigente y amenazar a su pareja, una joven de 19 a\u00f1os.<\/p>\n\n\n\n<p>El procedimiento fue realizado por <strong>personal policial de la dependencia local junto a efectivos del Operativo Sol a Sol<\/strong>, en la intersecci\u00f3n de <strong>Liniers y Bartolom\u00e9 Mitre<\/strong>, donde se concret\u00f3 la detenci\u00f3n del acusado.<\/p>\n\n\n\n<p>De acuerdo a la informaci\u00f3n oficial, el sujeto <strong>desobedeci\u00f3 una orden judicial de restricci\u00f3n perimetral<\/strong> que le imped\u00eda acercarse a la v\u00edctima y, adem\u00e1s, <strong>la habr\u00eda amenazado en la v\u00eda p\u00fablica<\/strong>, configurando una nueva situaci\u00f3n de riesgo.<\/p>\n\n\n\n<p>Tras el hecho, la joven fue <strong>asistida en la Comisar\u00eda de la Mujer y la Familia<\/strong>, donde recibi\u00f3 el acompa\u00f1amiento correspondiente conforme a los protocolos vigentes en materia de violencia de g\u00e9nero.<\/p>\n\n\n\n<p>La <strong>Fiscal\u00eda interviniente dispuso la notificaci\u00f3n de la causa<\/strong> por los delitos correspondientes, mientras que el aprehendido <strong>permanece alojado en el sector de calabozos<\/strong> a la espera de las actuaciones judiciales.<\/p>\n\n\n\n<p>La investigaci\u00f3n contin\u00faa bajo la \u00f3rbita del Ministerio P\u00fablico Fiscal.<\/p>\n\n\n\n<p>#ViolenciaDeGenero #Policiales #Seguridad #RestriccionPerimetral #Justicia #ComisariaDeLaMujer #OperativoSolASol<\/p>\n\n\n<div class=\"wp-block-image\">\n<figure class=\"aligncenter size-full\"><img decoding=\"async\" width=\"422\" height=\"562\" data-attachment-id=\"148406\" data-permalink=\"https:\/\/eldiariodesanpedro.com.ar\/sitio\/aprehenden-a-un-hombre-de-30-anos-por-desobedecer-una-restriccion-judicial-y-amenazar-a-su-pareja\/5-84\/\" data-orig-file=\"https:\/\/eldiariodesanpedro.com.ar\/sitio\/wp-content\/uploads\/2026\/02\/5-1.jpg\" data-orig-size=\"422,562\" data-comments-opened=\"0\" data-image-meta=\"{&quot;aperture&quot;:&quot;0&quot;,&quot;credit&quot;:&quot;&quot;,&quot;camera&quot;:&quot;&quot;,&quot;caption&quot;:&quot;&quot;,&quot;created_timestamp&quot;:&quot;0&quot;,&quot;copyright&quot;:&quot;&quot;,&quot;focal_length&quot;:&quot;0&quot;,&quot;iso&quot;:&quot;0&quot;,&quot;shutter_speed&quot;:&quot;0&quot;,&quot;title&quot;:&quot;&quot;,&quot;orientation&quot;:&quot;0&quot;}\" data-image-title=\"5\" data-image-description=\"\" data-image-caption=\"\" data-large-file=\"https:\/\/eldiariodesanpedro.com.ar\/sitio\/wp-content\/uploads\/2026\/02\/5-1.jpg\" data-src=\"https:\/\/eldiariodesanpedro.com.ar\/sitio\/wp-content\/uploads\/2026\/02\/5-1.jpg\" alt=\"\" class=\"wp-image-148406 lazyload\" data-srcset=\"https:\/\/eldiariodesanpedro.com.ar\/sitio\/wp-content\/uploads\/2026\/02\/5-1.jpg 422w, https:\/\/eldiariodesanpedro.com.ar\/sitio\/wp-content\/uploads\/2026\/02\/5-1-225x300.jpg 225w\" data-sizes=\"(max-width: 422px) 100vw, 422px\" src=\"data:image\/svg+xml;base64,PHN2ZyB3aWR0aD0iMSIgaGVpZ2h0PSIxIiB4bWxucz0iaHR0cDovL3d3dy53My5vcmcvMjAwMC9zdmciPjwvc3ZnPg==\" style=\"--smush-placeholder-width: 422px; --smush-placeholder-aspect-ratio: 422\/562;\" \/><\/figure>\n<\/div>","protected":false},"excerpt":{"rendered":"<p>El acusado fue detenido tras violar un per\u00edmetro de exclusi\u00f3n y amenazar a su pareja de 19 a\u00f1os en la v\u00eda p\u00fablica. Interviene la Fiscal\u00eda local. Un hombre de 30 a\u00f1os fue aprehendido por un hecho de violencia de g\u00e9nero luego de incumplir una medida judicial vigente y amenazar a su pareja, una joven de [&hellip;]<\/p>\n","protected":false},"author":4,"featured_media":148405,"comment_status":"closed","ping_status":"closed","sticky":false,"template":"","format":"standard","meta":{"om_disable_all_campaigns":false,"_jetpack_memberships_contains_paid_content":false,"footnotes":""},"categories":[50,2,103],"tags":[778,845,6831,8025,5418,3694,8982,2396],"class_list":["post-148404","post","type-post","status-publish","format-standard","has-post-thumbnail","hentry","category-destacadas","category-locales","category-policiales-locales","tag-amenazas","tag-aprehendido","tag-comisaria-de-la-mujer-2","tag-desobediencia-judicial","tag-fiscalia-local","tag-intervencion-policial","tag-restriccion-perimetral","tag-violencia-de-genero-2"],"aioseo_notices":[],"gutentor_comment":0,"jetpack_featured_media_url":"https:\/\/eldiariodesanpedro.com.ar\/sitio\/wp-content\/uploads\/2026\/02\/medida-2-7.jpg","jetpack_shortlink":"https:\/\/wp.me\/p6RhLt-CBC","jetpack_sharing_enabled":true,"_links":{"self":[{"href":"https:\/\/eldiariodesanpedro.com.ar\/sitio\/wp-json\/wp\/v2\/posts\/148404","targetHints":{"allow":["GET"]}}],"collection":[{"href":"https:\/\/eldiariodesanpedro.com.ar\/sitio\/wp-json\/wp\/v2\/posts"}],"about":[{"href":"https:\/\/eldiariodesanpedro.com.ar\/sitio\/wp-json\/wp\/v2\/types\/post"}],"author":[{"embeddable":true,"href":"https:\/\/eldiariodesanpedro.com.ar\/sitio\/wp-json\/wp\/v2\/users\/4"}],"replies":[{"embeddable":true,"href":"https:\/\/eldiariodesanpedro.com.ar\/sitio\/wp-json\/wp\/v2\/comments?post=148404"}],"version-history":[{"count":1,"href":"https:\/\/eldiariodesanpedro.com.ar\/sitio\/wp-json\/wp\/v2\/posts\/148404\/revisions"}],"predecessor-version":[{"id":148407,"href":"https:\/\/eldiariodesanpedro.com.ar\/sitio\/wp-json\/wp\/v2\/posts\/148404\/revisions\/148407"}],"wp:featuredmedia":[{"embeddable":true,"href":"https:\/\/eldiariodesanpedro.com.ar\/sitio\/wp-json\/wp\/v2\/media\/148405"}],"wp:attachment":[{"href":"https:\/\/eldiariodesanpedro.com.ar\/sitio\/wp-json\/wp\/v2\/media?parent=148404"}],"wp:term":[{"taxonomy":"category","embeddable":true,"href":"https:\/\/eldiariodesanpedro.com.ar\/sitio\/wp-json\/wp\/v2\/categories?post=148404"},{"taxonomy":"post_tag","embeddable":true,"href":"https:\/\/eldiariodesanpedro.com.ar\/sitio\/wp-json\/wp\/v2\/tags?post=148404"}],"curies":[{"name":"wp","href":"https:\/\/api.w.org\/{rel}","templated":true}]}}