{"id":148401,"date":"2026-02-28T11:41:31","date_gmt":"2026-02-28T14:41:31","guid":{"rendered":"https:\/\/eldiariodesanpedro.com.ar\/sitio\/?p=148401"},"modified":"2026-02-28T11:41:42","modified_gmt":"2026-02-28T14:41:42","slug":"allanamientos-por-robo-en-rio-tala-secuestran-helados-y-detienen-a-un-joven-de-25-anos","status":"publish","type":"post","link":"https:\/\/eldiariodesanpedro.com.ar\/sitio\/allanamientos-por-robo-en-rio-tala-secuestran-helados-y-detienen-a-un-joven-de-25-anos\/","title":{"rendered":"Allanamientos por robo en R\u00edo Tala: secuestran helados y detienen a un joven de 25 a\u00f1os"},"content":{"rendered":"<!-- VideographyWP Plugin Message: Automatic video embedding prevented by plugin options. -->\n\n<p>Tres operativos en R\u00edo Tala por una causa de robo permitieron secuestrar helados y aprehender a un hombre de 25 a\u00f1os.<\/p>\n\n\n\n<p>En el marco de una investigaci\u00f3n por <strong>un hecho de robo<\/strong>, personal del <strong>Destacamento R\u00edo Tala<\/strong>, junto al Gabinete Criminol\u00f3gico de la dependencia, llev\u00f3 adelante <strong>tres \u00f3rdenes de allanamiento<\/strong> otorgadas por el <strong>Juzgado de Garant\u00edas de San Nicol\u00e1s<\/strong>.<\/p>\n\n\n\n<p>Uno de los procedimientos se concret\u00f3 en <strong>calle San Mart\u00edn al 200<\/strong>, donde los efectivos lograron el <strong>secuestro de una caja de helados marca Arcor y 12 paquetes de helados palito de la misma firma<\/strong>, elementos vinculados a la causa en investigaci\u00f3n. En el lugar fue <strong>aprehendido un hombre de 25 a\u00f1os<\/strong>, se\u00f1alado como imputado en el expediente.<\/p>\n\n\n\n<p>La <strong>Fiscal\u00eda local interviniente<\/strong> dispuso el secuestro formal de la mercader\u00eda incautada y la notificaci\u00f3n de la formaci\u00f3n de la causa al implicado.<\/p>\n\n\n\n<p>En tanto, se realizaron otros dos allanamientos en la <strong>intersecci\u00f3n de G\u00fcemes y Batalla del Tala<\/strong>, y en <strong>Camellino y Belgrano<\/strong>, aunque ambos procedimientos arrojaron <strong>resultado negativo<\/strong>.<\/p>\n\n\n\n<p>La investigaci\u00f3n contin\u00faa bajo la \u00f3rbita judicial correspondiente.<\/p>\n\n\n\n<p>#R\u00edoTala #Allanamiento #Robo #Policiales #DestacamentoR\u00edoTala #SanNicol\u00e1s #Fiscal\u00eda #ProcedimientoPolicial<\/p>\n","protected":false},"excerpt":{"rendered":"<p>Tres operativos en R\u00edo Tala por una causa de robo permitieron secuestrar helados y aprehender a un hombre de 25 a\u00f1os. En el marco de una investigaci\u00f3n por un hecho de robo, personal del Destacamento R\u00edo Tala, junto al Gabinete Criminol\u00f3gico de la dependencia, llev\u00f3 adelante tres \u00f3rdenes de allanamiento otorgadas por el Juzgado de [&hellip;]<\/p>\n","protected":false},"author":4,"featured_media":148402,"comment_status":"closed","ping_status":"closed","sticky":false,"template":"","format":"standard","meta":{"om_disable_all_campaigns":false,"_jetpack_memberships_contains_paid_content":false,"footnotes":""},"categories":[50,2,103],"tags":[8979,8980,5418,8981,6328,8978],"class_list":["post-148401","post","type-post","status-publish","format-standard","has-post-thumbnail","hentry","category-destacadas","category-locales","category-policiales-locales","tag-allanamiento-por-robo-en-rio-tala","tag-detenido-25-anos","tag-fiscalia-local","tag-juzgado-de-garantias-san-nicolas-2","tag-procedimiento-policial","tag-secuestro-de-helados-arcor"],"aioseo_notices":[],"gutentor_comment":0,"jetpack_featured_media_url":"https:\/\/eldiariodesanpedro.com.ar\/sitio\/wp-content\/uploads\/2026\/02\/medida-2-6.jpg","jetpack_shortlink":"https:\/\/wp.me\/p6RhLt-CBz","jetpack_sharing_enabled":true,"_links":{"self":[{"href":"https:\/\/eldiariodesanpedro.com.ar\/sitio\/wp-json\/wp\/v2\/posts\/148401","targetHints":{"allow":["GET"]}}],"collection":[{"href":"https:\/\/eldiariodesanpedro.com.ar\/sitio\/wp-json\/wp\/v2\/posts"}],"about":[{"href":"https:\/\/eldiariodesanpedro.com.ar\/sitio\/wp-json\/wp\/v2\/types\/post"}],"author":[{"embeddable":true,"href":"https:\/\/eldiariodesanpedro.com.ar\/sitio\/wp-json\/wp\/v2\/users\/4"}],"replies":[{"embeddable":true,"href":"https:\/\/eldiariodesanpedro.com.ar\/sitio\/wp-json\/wp\/v2\/comments?post=148401"}],"version-history":[{"count":1,"href":"https:\/\/eldiariodesanpedro.com.ar\/sitio\/wp-json\/wp\/v2\/posts\/148401\/revisions"}],"predecessor-version":[{"id":148403,"href":"https:\/\/eldiariodesanpedro.com.ar\/sitio\/wp-json\/wp\/v2\/posts\/148401\/revisions\/148403"}],"wp:featuredmedia":[{"embeddable":true,"href":"https:\/\/eldiariodesanpedro.com.ar\/sitio\/wp-json\/wp\/v2\/media\/148402"}],"wp:attachment":[{"href":"https:\/\/eldiariodesanpedro.com.ar\/sitio\/wp-json\/wp\/v2\/media?parent=148401"}],"wp:term":[{"taxonomy":"category","embeddable":true,"href":"https:\/\/eldiariodesanpedro.com.ar\/sitio\/wp-json\/wp\/v2\/categories?post=148401"},{"taxonomy":"post_tag","embeddable":true,"href":"https:\/\/eldiariodesanpedro.com.ar\/sitio\/wp-json\/wp\/v2\/tags?post=148401"}],"curies":[{"name":"wp","href":"https:\/\/api.w.org\/{rel}","templated":true}]}}