{"id":148398,"date":"2026-02-28T10:56:41","date_gmt":"2026-02-28T13:56:41","guid":{"rendered":"https:\/\/eldiariodesanpedro.com.ar\/sitio\/?p=148398"},"modified":"2026-02-28T10:56:52","modified_gmt":"2026-02-28T13:56:52","slug":"un-menor-de-12-anos-sufrio-lesiones-leves-tras-chocar-con-una-camioneta","status":"publish","type":"post","link":"https:\/\/eldiariodesanpedro.com.ar\/sitio\/un-menor-de-12-anos-sufrio-lesiones-leves-tras-chocar-con-una-camioneta\/","title":{"rendered":"Un menor de 12 a\u00f1os sufri\u00f3 lesiones leves tras chocar con una camioneta"},"content":{"rendered":"<!-- VideographyWP Plugin Message: Automatic video embedding prevented by plugin options. -->\n\n<p>Un adolescente de 12 a\u00f1os result\u00f3 con heridas leves luego de un accidente entre una bicicleta y una camioneta en una transitada esquina.<\/p>\n\n\n\n<p>En la ma\u00f1ana de este mi\u00e9rcoles se registr\u00f3 un siniestro vial en la intersecci\u00f3n de <strong>Rivadavia y Avenida Espa\u00f1a<\/strong> en la rotonda de la bajada del Nautico, donde por causas que a\u00fan son materia de investigaci\u00f3n <strong>colisionaron una bicicleta y una camioneta<\/strong>.<\/p>\n\n\n\n<p>De acuerdo a la informaci\u00f3n oficial, el rodado menor era conducido por <strong>un menor de 12 a\u00f1os<\/strong>, mientras que la camioneta estaba al mando de <strong>un hombre de 26 a\u00f1os<\/strong>. Tras el impacto, el joven ciclista fue asistido en el lugar y posteriormente trasladado al <strong>Hospital Subzonal San Pedro<\/strong>, donde se constat\u00f3 que presentaba <strong>lesiones de car\u00e1cter leve<\/strong>.<\/p>\n\n\n\n<p>Las actuaciones quedaron a cargo de la <strong>Fiscal\u00eda local<\/strong>, que interviene para determinar la mec\u00e1nica del hecho y establecer eventuales responsabilidades.<\/p>\n\n\n\n<p>El episodio volvi\u00f3 a poner en foco la importancia de extremar las medidas de precauci\u00f3n en cruces de alta circulaci\u00f3n vehicular, especialmente cuando intervienen menores de edad.<\/p>\n","protected":false},"excerpt":{"rendered":"<p>Un adolescente de 12 a\u00f1os result\u00f3 con heridas leves luego de un accidente entre una bicicleta y una camioneta en una transitada esquina. En la ma\u00f1ana de este mi\u00e9rcoles se registr\u00f3 un siniestro vial en la intersecci\u00f3n de Rivadavia y Avenida Espa\u00f1a en la rotonda de la bajada del Nautico, donde por causas que a\u00fan [&hellip;]<\/p>\n","protected":false},"author":4,"featured_media":148399,"comment_status":"closed","ping_status":"closed","sticky":false,"template":"","format":"standard","meta":{"om_disable_all_campaigns":false,"_jetpack_memberships_contains_paid_content":false,"footnotes":""},"categories":[2,103],"tags":[],"class_list":["post-148398","post","type-post","status-publish","format-standard","has-post-thumbnail","hentry","category-locales","category-policiales-locales"],"aioseo_notices":[],"gutentor_comment":0,"jetpack_featured_media_url":"https:\/\/eldiariodesanpedro.com.ar\/sitio\/wp-content\/uploads\/2026\/02\/medida-2-5.jpg","jetpack_shortlink":"https:\/\/wp.me\/p6RhLt-CBw","jetpack_sharing_enabled":true,"_links":{"self":[{"href":"https:\/\/eldiariodesanpedro.com.ar\/sitio\/wp-json\/wp\/v2\/posts\/148398","targetHints":{"allow":["GET"]}}],"collection":[{"href":"https:\/\/eldiariodesanpedro.com.ar\/sitio\/wp-json\/wp\/v2\/posts"}],"about":[{"href":"https:\/\/eldiariodesanpedro.com.ar\/sitio\/wp-json\/wp\/v2\/types\/post"}],"author":[{"embeddable":true,"href":"https:\/\/eldiariodesanpedro.com.ar\/sitio\/wp-json\/wp\/v2\/users\/4"}],"replies":[{"embeddable":true,"href":"https:\/\/eldiariodesanpedro.com.ar\/sitio\/wp-json\/wp\/v2\/comments?post=148398"}],"version-history":[{"count":1,"href":"https:\/\/eldiariodesanpedro.com.ar\/sitio\/wp-json\/wp\/v2\/posts\/148398\/revisions"}],"predecessor-version":[{"id":148400,"href":"https:\/\/eldiariodesanpedro.com.ar\/sitio\/wp-json\/wp\/v2\/posts\/148398\/revisions\/148400"}],"wp:featuredmedia":[{"embeddable":true,"href":"https:\/\/eldiariodesanpedro.com.ar\/sitio\/wp-json\/wp\/v2\/media\/148399"}],"wp:attachment":[{"href":"https:\/\/eldiariodesanpedro.com.ar\/sitio\/wp-json\/wp\/v2\/media?parent=148398"}],"wp:term":[{"taxonomy":"category","embeddable":true,"href":"https:\/\/eldiariodesanpedro.com.ar\/sitio\/wp-json\/wp\/v2\/categories?post=148398"},{"taxonomy":"post_tag","embeddable":true,"href":"https:\/\/eldiariodesanpedro.com.ar\/sitio\/wp-json\/wp\/v2\/tags?post=148398"}],"curies":[{"name":"wp","href":"https:\/\/api.w.org\/{rel}","templated":true}]}}