{"id":14839,"date":"2017-02-16T21:17:34","date_gmt":"2017-02-17T00:17:34","guid":{"rendered":"https:\/\/eldiariodesanpedro.com.ar\/sitio\/?p=14839"},"modified":"2017-02-16T21:17:34","modified_gmt":"2017-02-17T00:17:34","slug":"salazar-se-reunio-con-el-viceministro-de-interior-sebastian-garcia-de-luca-y-con-el-presidente-del-grupo-bapro-jorge-macri","status":"publish","type":"post","link":"https:\/\/eldiariodesanpedro.com.ar\/sitio\/salazar-se-reunio-con-el-viceministro-de-interior-sebastian-garcia-de-luca-y-con-el-presidente-del-grupo-bapro-jorge-macri\/","title":{"rendered":"Salazar se reuni\u00f3 con el viceministro de Interior Sebasti\u00e1n Garc\u00eda De Luca y con el presidente del Grupo Bapro Jorge Macri"},"content":{"rendered":"<p><!-- VideographyWP Plugin Message: Automatic video embedding prevented by plugin options. --><br \/>\nEn la jornada de este mi\u00e9rcoles Salazar acompa\u00f1ado del Secretario de Planificaci\u00f3n Alfredo Camilletti, el Director de Coordinaci\u00f3n Planificaci\u00f3n Policial Juan Carlos Ag\u00fcero participaron del encuentro con el viceministro de Interior, Obras P\u00fablicas y Vivienda de la Naci\u00f3n. Tambi\u00e9n particip\u00f3 del encuentro Ezequiel Saccani, quien forma parte de la cartera nacional y mantiene un contacto fluido con los municipios.<\/p>\n<p>\u201cVisitamos a Sebasti\u00e1n Garc\u00eda De Luca, vice ministro del Interior en la Casa Rosada\u201d, se\u00f1al\u00f3 el mandatario comunal. Y agreg\u00f3: \u201cSolicitamos financiamientos para obras de h\u00e1bitat y para un posible plan de vivienda\u201d. Al tiempo que sostuvo: \u201cEsperemos tener un resultado r\u00e1pido de las gestiones\u201d.<\/p>\n<p>En tanto que en la sede del Banco Provincia el Intendente Cecilio Salazar mantuvo un encuentro con el Jefe Comunal De Vicente L\u00f3pez y Presidente del Grupo Bapro Jorge Macri.<\/p>\n<p>\u201cFue un encuentro sumamente positivo\u201d, remarc\u00f3 Salazar tras la reuni\u00f3n en la que pudo solicitar herramientas econ\u00f3micas para que el municipio De San Pedro pueda adquirir maquinarias que permitan renovar y mejorar el equipamiento de las diferentes \u00e1reas.<\/p>\n<p>Tras ello dialogaron sobre el a\u00f1o electoral y sobre el Foro de Cambiemos del que participaron ambos el martes y que fue encabezado por el Presidente Mauricio Macri y la Gobernadora Mar\u00eda Eugenia Vidal.<\/p>\n<p><a href=\"https:\/\/eldiariodesanpedro.com.ar\/sitio\/wp-content\/uploads\/2017\/02\/El-Intendente-junto-a-Macri.jpeg\"><img decoding=\"async\" data-attachment-id=\"14841\" data-permalink=\"https:\/\/eldiariodesanpedro.com.ar\/sitio\/salazar-se-reunio-con-el-viceministro-de-interior-sebastian-garcia-de-luca-y-con-el-presidente-del-grupo-bapro-jorge-macri\/el-intendente-junto-a-macri\/\" data-orig-file=\"https:\/\/eldiariodesanpedro.com.ar\/sitio\/wp-content\/uploads\/2017\/02\/El-Intendente-junto-a-Macri.jpeg\" data-orig-size=\"1280,854\" data-comments-opened=\"1\" data-image-meta=\"{&quot;aperture&quot;:&quot;0&quot;,&quot;credit&quot;:&quot;&quot;,&quot;camera&quot;:&quot;&quot;,&quot;caption&quot;:&quot;&quot;,&quot;created_timestamp&quot;:&quot;0&quot;,&quot;copyright&quot;:&quot;&quot;,&quot;focal_length&quot;:&quot;0&quot;,&quot;iso&quot;:&quot;0&quot;,&quot;shutter_speed&quot;:&quot;0&quot;,&quot;title&quot;:&quot;&quot;,&quot;orientation&quot;:&quot;1&quot;}\" data-image-title=\"El Intendente junto a Macri\" data-image-description=\"\" data-image-caption=\"\" data-large-file=\"https:\/\/eldiariodesanpedro.com.ar\/sitio\/wp-content\/uploads\/2017\/02\/El-Intendente-junto-a-Macri-1024x683.jpeg\" data-src=\"https:\/\/eldiariodesanpedro.com.ar\/sitio\/wp-content\/uploads\/2017\/02\/El-Intendente-junto-a-Macri-300x200.jpeg\" alt=\"\" width=\"300\" height=\"200\" class=\"alignnone size-medium wp-image-14841 lazyload\" data-srcset=\"https:\/\/eldiariodesanpedro.com.ar\/sitio\/wp-content\/uploads\/2017\/02\/El-Intendente-junto-a-Macri-300x200.jpeg 300w, https:\/\/eldiariodesanpedro.com.ar\/sitio\/wp-content\/uploads\/2017\/02\/El-Intendente-junto-a-Macri-768x512.jpeg 768w, https:\/\/eldiariodesanpedro.com.ar\/sitio\/wp-content\/uploads\/2017\/02\/El-Intendente-junto-a-Macri-1024x683.jpeg 1024w, https:\/\/eldiariodesanpedro.com.ar\/sitio\/wp-content\/uploads\/2017\/02\/El-Intendente-junto-a-Macri.jpeg 1280w\" data-sizes=\"(max-width: 300px) 100vw, 300px\" src=\"data:image\/svg+xml;base64,PHN2ZyB3aWR0aD0iMSIgaGVpZ2h0PSIxIiB4bWxucz0iaHR0cDovL3d3dy53My5vcmcvMjAwMC9zdmciPjwvc3ZnPg==\" style=\"--smush-placeholder-width: 300px; --smush-placeholder-aspect-ratio: 300\/200;\" \/><\/a><\/p>\n","protected":false},"excerpt":{"rendered":"<p>En la jornada de este mi\u00e9rcoles Salazar acompa\u00f1ado del Secretario de Planificaci\u00f3n Alfredo Camilletti, el Director de Coordinaci\u00f3n Planificaci\u00f3n Policial Juan Carlos Ag\u00fcero participaron del encuentro con el viceministro de Interior, Obras P\u00fablicas y Vivienda de la Naci\u00f3n. Tambi\u00e9n particip\u00f3 del encuentro Ezequiel Saccani, quien forma parte de la cartera nacional y mantiene un contacto [&hellip;]<\/p>\n","protected":false},"author":4,"featured_media":14840,"comment_status":"open","ping_status":"closed","sticky":false,"template":"","format":"standard","meta":{"om_disable_all_campaigns":false,"_jetpack_memberships_contains_paid_content":false,"footnotes":""},"categories":[50,2,102],"tags":[],"class_list":["post-14839","post","type-post","status-publish","format-standard","has-post-thumbnail","hentry","category-destacadas","category-locales","category-politica-locales"],"aioseo_notices":[],"gutentor_comment":0,"jetpack_featured_media_url":"https:\/\/eldiariodesanpedro.com.ar\/sitio\/wp-content\/uploads\/2017\/02\/Salazar-y-colaboradores-con-De-Luca.jpeg","jetpack_shortlink":"https:\/\/wp.me\/p6RhLt-3Rl","jetpack_sharing_enabled":true,"_links":{"self":[{"href":"https:\/\/eldiariodesanpedro.com.ar\/sitio\/wp-json\/wp\/v2\/posts\/14839","targetHints":{"allow":["GET"]}}],"collection":[{"href":"https:\/\/eldiariodesanpedro.com.ar\/sitio\/wp-json\/wp\/v2\/posts"}],"about":[{"href":"https:\/\/eldiariodesanpedro.com.ar\/sitio\/wp-json\/wp\/v2\/types\/post"}],"author":[{"embeddable":true,"href":"https:\/\/eldiariodesanpedro.com.ar\/sitio\/wp-json\/wp\/v2\/users\/4"}],"replies":[{"embeddable":true,"href":"https:\/\/eldiariodesanpedro.com.ar\/sitio\/wp-json\/wp\/v2\/comments?post=14839"}],"version-history":[{"count":1,"href":"https:\/\/eldiariodesanpedro.com.ar\/sitio\/wp-json\/wp\/v2\/posts\/14839\/revisions"}],"predecessor-version":[{"id":14842,"href":"https:\/\/eldiariodesanpedro.com.ar\/sitio\/wp-json\/wp\/v2\/posts\/14839\/revisions\/14842"}],"wp:featuredmedia":[{"embeddable":true,"href":"https:\/\/eldiariodesanpedro.com.ar\/sitio\/wp-json\/wp\/v2\/media\/14840"}],"wp:attachment":[{"href":"https:\/\/eldiariodesanpedro.com.ar\/sitio\/wp-json\/wp\/v2\/media?parent=14839"}],"wp:term":[{"taxonomy":"category","embeddable":true,"href":"https:\/\/eldiariodesanpedro.com.ar\/sitio\/wp-json\/wp\/v2\/categories?post=14839"},{"taxonomy":"post_tag","embeddable":true,"href":"https:\/\/eldiariodesanpedro.com.ar\/sitio\/wp-json\/wp\/v2\/tags?post=14839"}],"curies":[{"name":"wp","href":"https:\/\/api.w.org\/{rel}","templated":true}]}}