{"id":148378,"date":"2026-02-26T13:16:37","date_gmt":"2026-02-26T16:16:37","guid":{"rendered":"https:\/\/eldiariodesanpedro.com.ar\/sitio\/?p=148378"},"modified":"2026-02-26T13:16:41","modified_gmt":"2026-02-26T16:16:41","slug":"intimacion-del-ejecutivo-al-stm-por-la-sede-de-rivadavia-profundiza-el-conflicto-gremial","status":"publish","type":"post","link":"https:\/\/eldiariodesanpedro.com.ar\/sitio\/intimacion-del-ejecutivo-al-stm-por-la-sede-de-rivadavia-profundiza-el-conflicto-gremial\/","title":{"rendered":"Intimaci\u00f3n del Ejecutivo al STM por la sede de Rivadavia profundiza el conflicto gremial"},"content":{"rendered":"<!-- VideographyWP Plugin Message: Automatic video embedding prevented by plugin options. -->\n\n<p><strong>El intendente Cecilio Salazar intim\u00f3 al Sindicato de Trabajadores Municipales a desalojar su hist\u00f3rica sede por \u201cinter\u00e9s p\u00fablico\u201d. El gremio rechaz\u00f3 la medida y anticip\u00f3 acciones judiciales.<\/strong><\/p>\n\n\n\n<p>El conflicto entre el Ejecutivo municipal y el Sindicato de Trabajadores Municipales (STM) sum\u00f3 un nuevo cap\u00edtulo luego de que el intendente <strong>Cecilio Salazar<\/strong> enviara una <strong>intimaci\u00f3n formal para que el gremio desaloje la sede ubicada en calle Rivadavia<\/strong>, inmueble que ocupa desde hace m\u00e1s de cinco d\u00e9cadas.<\/p>\n\n\n\n<p>La notificaci\u00f3n, cursada por v\u00edas legales, sostiene que el edificio <strong>forma parte del patrimonio municipal<\/strong> y que su restituci\u00f3n responde a razones de <strong>\u201cinter\u00e9s p\u00fablico\u201d<\/strong>, argumentando la necesidad de destinarlo a fines institucionales. En ese marco, se otorg\u00f3 un <strong>plazo perentorio para la entrega de las llaves<\/strong>.<\/p>\n\n\n\n<p>Desde el STM, su secretario general <strong>Juan Cruz \u201cMono\u201d Acosta<\/strong> rechaz\u00f3 la medida y asegur\u00f3 que el sindicato <strong>no abandonar\u00e1 la sede hist\u00f3rica<\/strong>, al considerar que se trata de un espacio que pertenece a los trabajadores municipales. El dirigente calific\u00f3 la decisi\u00f3n como un intento de \u201capropiaci\u00f3n\u201d y la vincul\u00f3 al clima de tensi\u00f3n que atraviesa la relaci\u00f3n con el Ejecutivo.<\/p>\n\n\n\n<p>En ese sentido, la conducci\u00f3n gremial se\u00f1al\u00f3 que el trasfondo del conflicto est\u00e1 relacionado con <strong>reclamos salariales y denuncias por retenciones indebidas de aportes sindicales<\/strong>, que \u2014seg\u00fan sostienen\u2014 el Municipio habr\u00eda descontado a los empleados sin transferirlos al sindicato.<\/p>\n\n\n\n<p>El enfrentamiento se encamina ahora hacia el plano judicial. Desde el gremio anticiparon que <strong>resistir\u00e1n la intimaci\u00f3n por las v\u00edas legales correspondientes<\/strong>, mientras que el Ejecutivo mantiene su postura sobre la titularidad del inmueble.<\/p>\n\n\n\n<p>El escenario abre un nuevo foco de tensi\u00f3n institucional y sindical, con la sede de Rivadavia a\u00fan bajo custodia del STM y a la espera de definiciones legales que podr\u00edan marcar el rumbo de la relaci\u00f3n entre el gobierno municipal y los trabajadores.<\/p>\n\n\n\n<p>#SanPedro #SindicatoMunicipal #STM #CecilioSalazar #ConflictoGremial #PoliticaLocal #Actualidad<\/p>\n","protected":false},"excerpt":{"rendered":"<p>El intendente Cecilio Salazar intim\u00f3 al Sindicato de Trabajadores Municipales a desalojar su hist\u00f3rica sede por \u201cinter\u00e9s p\u00fablico\u201d. El gremio rechaz\u00f3 la medida y anticip\u00f3 acciones judiciales. El conflicto entre el Ejecutivo municipal y el Sindicato de Trabajadores Municipales (STM) sum\u00f3 un nuevo cap\u00edtulo luego de que el intendente Cecilio Salazar enviara una intimaci\u00f3n formal [&hellip;]<\/p>\n","protected":false},"author":4,"featured_media":148379,"comment_status":"closed","ping_status":"closed","sticky":false,"template":"","format":"standard","meta":{"om_disable_all_campaigns":false,"_jetpack_memberships_contains_paid_content":false,"footnotes":""},"categories":[50,101,2],"tags":[5603,8968,8967,8964,8966,8965,8969],"class_list":["post-148378","post","type-post","status-publish","format-standard","has-post-thumbnail","hentry","category-destacadas","category-interes-general-locales","category-locales","tag-cecilio-salazar-intendente","tag-disputa-judicial-sindicato","tag-intimacion-municipal","tag-san-pedro-conflicto-gremial","tag-sede-stm-rivadavia","tag-sindicato-trabajadores-municipales","tag-trabajadores-municipales-san-pedro"],"aioseo_notices":[],"gutentor_comment":0,"jetpack_featured_media_url":"https:\/\/eldiariodesanpedro.com.ar\/sitio\/wp-content\/uploads\/2026\/02\/STM.jpg","jetpack_shortlink":"https:\/\/wp.me\/p6RhLt-CBc","jetpack_sharing_enabled":true,"_links":{"self":[{"href":"https:\/\/eldiariodesanpedro.com.ar\/sitio\/wp-json\/wp\/v2\/posts\/148378","targetHints":{"allow":["GET"]}}],"collection":[{"href":"https:\/\/eldiariodesanpedro.com.ar\/sitio\/wp-json\/wp\/v2\/posts"}],"about":[{"href":"https:\/\/eldiariodesanpedro.com.ar\/sitio\/wp-json\/wp\/v2\/types\/post"}],"author":[{"embeddable":true,"href":"https:\/\/eldiariodesanpedro.com.ar\/sitio\/wp-json\/wp\/v2\/users\/4"}],"replies":[{"embeddable":true,"href":"https:\/\/eldiariodesanpedro.com.ar\/sitio\/wp-json\/wp\/v2\/comments?post=148378"}],"version-history":[{"count":1,"href":"https:\/\/eldiariodesanpedro.com.ar\/sitio\/wp-json\/wp\/v2\/posts\/148378\/revisions"}],"predecessor-version":[{"id":148380,"href":"https:\/\/eldiariodesanpedro.com.ar\/sitio\/wp-json\/wp\/v2\/posts\/148378\/revisions\/148380"}],"wp:featuredmedia":[{"embeddable":true,"href":"https:\/\/eldiariodesanpedro.com.ar\/sitio\/wp-json\/wp\/v2\/media\/148379"}],"wp:attachment":[{"href":"https:\/\/eldiariodesanpedro.com.ar\/sitio\/wp-json\/wp\/v2\/media?parent=148378"}],"wp:term":[{"taxonomy":"category","embeddable":true,"href":"https:\/\/eldiariodesanpedro.com.ar\/sitio\/wp-json\/wp\/v2\/categories?post=148378"},{"taxonomy":"post_tag","embeddable":true,"href":"https:\/\/eldiariodesanpedro.com.ar\/sitio\/wp-json\/wp\/v2\/tags?post=148378"}],"curies":[{"name":"wp","href":"https:\/\/api.w.org\/{rel}","templated":true}]}}