{"id":14836,"date":"2017-02-16T21:13:52","date_gmt":"2017-02-17T00:13:52","guid":{"rendered":"https:\/\/eldiariodesanpedro.com.ar\/sitio\/?p=14836"},"modified":"2017-02-16T21:13:52","modified_gmt":"2017-02-17T00:13:52","slug":"investigadores-estudian-carnivoros-fosiles-en-san-pedro","status":"publish","type":"post","link":"https:\/\/eldiariodesanpedro.com.ar\/sitio\/investigadores-estudian-carnivoros-fosiles-en-san-pedro\/","title":{"rendered":"Investigadores estudian carn\u00edvoros f\u00f3siles en San Pedro"},"content":{"rendered":"<p><!-- VideographyWP Plugin Message: Automatic video embedding prevented by plugin options. --><br \/>\nEn la tarde del martes, dos investigadores dedicados al estudio de carn\u00edvoros f\u00f3siles visitaron el Museo Paleontol\u00f3gico de San Pedro para consultar sus colecciones.<\/p>\n<p>Los Licenciados en Paleontolog\u00eda Mariano Ram\u00edrez y Sebasti\u00e1n Echarri, becarios de CONICET que cumplen tareas en el Museo Argentino de Ciencias Naturales, se llegaron hasta San Pedro interesados en analizar restos de c\u00e1nidos y zorros f\u00f3siles que el Grupo Conservacionista a descubierto en los \u00faltimos a\u00f1os.<\/p>\n<p>El Lic. Ram\u00edrez se encuentra realizando su tesis doctoral y como tema central estudia zorros y c\u00e1nidos del Pleistoceno de la regi\u00f3n pampeana. An\u00e1lisis morfom\u00e9tricos, anotaciones de procedencia y dem\u00e1s datos de valor, fueron los puntos que m\u00e1s le interesaron durante su estad\u00eda en el Museo.<\/p>\n<p>Por su parte, Echarri realiz\u00f3 una meticulosa digitalizaci\u00f3n 3D con un equipo especial sobre el cr\u00e1neo del Theriodictis platensis, uno de los ejemplares m\u00e1s valiosos de la colecci\u00f3n de la instituci\u00f3n sampedrina.<\/p>\n<p>Ambos estudian la evoluci\u00f3n de los carn\u00edvoros que habitaron la regi\u00f3n pampeana, sus cambios, la diversidad de especies y las caracter\u00edsticas alimenticias de los depredadores que habitaron nuestra zona.<\/p>\n<p>Los resultados de los relevamientos efectuados ser\u00e1n compartidos con el Museo quedando en la base de datos de la entidad, pudiendo aportar, en los pr\u00f3ximos meses, datos novedosos provenientes de los f\u00f3siles revisados.<\/p>\n","protected":false},"excerpt":{"rendered":"<p>En la tarde del martes, dos investigadores dedicados al estudio de carn\u00edvoros f\u00f3siles visitaron el Museo Paleontol\u00f3gico de San Pedro para consultar sus colecciones. Los Licenciados en Paleontolog\u00eda Mariano Ram\u00edrez y Sebasti\u00e1n Echarri, becarios de CONICET que cumplen tareas en el Museo Argentino de Ciencias Naturales, se llegaron hasta San Pedro interesados en analizar restos [&hellip;]<\/p>\n","protected":false},"author":4,"featured_media":14837,"comment_status":"open","ping_status":"closed","sticky":false,"template":"","format":"standard","meta":{"om_disable_all_campaigns":false,"_jetpack_memberships_contains_paid_content":false,"footnotes":""},"categories":[101,2],"tags":[],"class_list":["post-14836","post","type-post","status-publish","format-standard","has-post-thumbnail","hentry","category-interes-general-locales","category-locales"],"aioseo_notices":[],"gutentor_comment":0,"jetpack_featured_media_url":"https:\/\/eldiariodesanpedro.com.ar\/sitio\/wp-content\/uploads\/2017\/02\/LLegaron-a-la-ciudad-interesados-en-analizar-restos-de-c\u00e1nidos-y-zorros-f\u00f3siles-que-el-Grupo-Conservacionista.jpeg","jetpack_shortlink":"https:\/\/wp.me\/p6RhLt-3Ri","jetpack_sharing_enabled":true,"_links":{"self":[{"href":"https:\/\/eldiariodesanpedro.com.ar\/sitio\/wp-json\/wp\/v2\/posts\/14836","targetHints":{"allow":["GET"]}}],"collection":[{"href":"https:\/\/eldiariodesanpedro.com.ar\/sitio\/wp-json\/wp\/v2\/posts"}],"about":[{"href":"https:\/\/eldiariodesanpedro.com.ar\/sitio\/wp-json\/wp\/v2\/types\/post"}],"author":[{"embeddable":true,"href":"https:\/\/eldiariodesanpedro.com.ar\/sitio\/wp-json\/wp\/v2\/users\/4"}],"replies":[{"embeddable":true,"href":"https:\/\/eldiariodesanpedro.com.ar\/sitio\/wp-json\/wp\/v2\/comments?post=14836"}],"version-history":[{"count":1,"href":"https:\/\/eldiariodesanpedro.com.ar\/sitio\/wp-json\/wp\/v2\/posts\/14836\/revisions"}],"predecessor-version":[{"id":14838,"href":"https:\/\/eldiariodesanpedro.com.ar\/sitio\/wp-json\/wp\/v2\/posts\/14836\/revisions\/14838"}],"wp:featuredmedia":[{"embeddable":true,"href":"https:\/\/eldiariodesanpedro.com.ar\/sitio\/wp-json\/wp\/v2\/media\/14837"}],"wp:attachment":[{"href":"https:\/\/eldiariodesanpedro.com.ar\/sitio\/wp-json\/wp\/v2\/media?parent=14836"}],"wp:term":[{"taxonomy":"category","embeddable":true,"href":"https:\/\/eldiariodesanpedro.com.ar\/sitio\/wp-json\/wp\/v2\/categories?post=14836"},{"taxonomy":"post_tag","embeddable":true,"href":"https:\/\/eldiariodesanpedro.com.ar\/sitio\/wp-json\/wp\/v2\/tags?post=14836"}],"curies":[{"name":"wp","href":"https:\/\/api.w.org\/{rel}","templated":true}]}}