{"id":148342,"date":"2026-02-24T12:59:11","date_gmt":"2026-02-24T15:59:11","guid":{"rendered":"https:\/\/eldiariodesanpedro.com.ar\/sitio\/?p=148342"},"modified":"2026-02-24T12:59:17","modified_gmt":"2026-02-24T15:59:17","slug":"kevin-carlevaris-de-18-anos-declaro-ante-la-fiscal-viviana-ramos-por-el-crimen-de-agustin-pereyra","status":"publish","type":"post","link":"https:\/\/eldiariodesanpedro.com.ar\/sitio\/kevin-carlevaris-de-18-anos-declaro-ante-la-fiscal-viviana-ramos-por-el-crimen-de-agustin-pereyra\/","title":{"rendered":"Kevin Carlevaris, de 18 a\u00f1os, declar\u00f3 ante la fiscal Viviana Ramos por el crimen de Agust\u00edn Pereyra"},"content":{"rendered":"<!-- VideographyWP Plugin Message: Automatic video embedding prevented by plugin options. -->\n\n<p><strong>El joven de 18 a\u00f1os se entreg\u00f3 tras m\u00e1s de 40 d\u00edas pr\u00f3fugo y ser\u00e1 indagado por el homicidio ocurrido en enero en Manuel Iglesias y Boulevard Moreno.<\/strong><\/p>\n\n\n\n<p>En las pr\u00f3ximas horas, <strong>Kevin Carlevaris, de 18 a\u00f1os, deber\u00e1 prestar declaraci\u00f3n indagatoria ante la fiscal Viviana Ramos<\/strong>, en el marco de la investigaci\u00f3n por el <strong>homicidio de Agust\u00edn Pereyra<\/strong>, hecho ocurrido a comienzos de enero en la intersecci\u00f3n de <strong>Manuel Iglesias y Boulevard Moreno<\/strong>.<\/p>\n\n\n\n<p>El joven se present\u00f3 ante las autoridades luego de haber permanecido <strong>m\u00e1s de cuarenta d\u00edas pr\u00f3fugo<\/strong>, y est\u00e1 se\u00f1alado como el <strong>presunto autor material del crimen<\/strong>.<\/p>\n\n\n\n<p>De acuerdo a la instrucci\u00f3n judicial, el episodio se habr\u00eda desencadenado durante <strong>un enfrentamiento armado<\/strong>, en el que se utiliz\u00f3 un <strong>rev\u00f3lver calibre .38 especial<\/strong>, considerado arma de guerra. Las c\u00e1maras de seguridad de la zona registraron que la v\u00edctima tambi\u00e9n portaba un arma de fuego, la cual <strong>a\u00fan no fue hallada por los investigadores<\/strong>.<\/p>\n\n\n\n<p>La fiscal Ramos inform\u00f3 que <strong>Carlevaris registra al menos 15 causas penales en tr\u00e1mite<\/strong>, entre ellas por amenazas agravadas y tentativa de homicidio, antecedentes que forman parte del an\u00e1lisis judicial en curso.<\/p>\n\n\n\n<p>El trasfondo del caso est\u00e1 atravesado por un antecedente violento. En enero de 2025 fue asesinado <strong>Lautaro Carlevaris<\/strong>, hermano del ahora detenido, y en ese momento la familia hab\u00eda se\u00f1alado p\u00fablicamente a Pereyra como responsable de aquel hecho.<\/p>\n\n\n\n<p>Por el homicidio actual, tambi\u00e9n permanece a disposici\u00f3n de la Justicia <strong>un joven de 21 a\u00f1os<\/strong>, acusado de conducir la motocicleta utilizada durante el ataque.<\/p>\n\n\n\n<p>El secretario de Seguridad municipal, <strong>Eduardo \u00c1lvarez<\/strong>, sostuvo que la detenci\u00f3n fue producto de una <strong>\u201cb\u00fasqueda incesante\u201d<\/strong>, que incluy\u00f3 m\u00faltiples allanamientos en la localidad de Jos\u00e9 C. Paz, donde el sospechoso se encontraba oculto. Adem\u00e1s, destac\u00f3 la labor de los investigadores y el aporte del Centro de Monitoreo para el esclarecimiento del caso.<\/p>\n\n\n\n<p>Desde la fiscal\u00eda se eval\u00faa solicitar en los pr\u00f3ximos d\u00edas el <strong>dictado de la prisi\u00f3n preventiva para ambos imputados<\/strong>, lo que implicar\u00eda que permanezcan detenidos hasta la realizaci\u00f3n del juicio oral.<\/p>\n\n\n\n<p>#SanPedro #Policiales #Justicia #Homicidio #Investigacion #Seguridad #Fiscalia #AgustinPereyra #KevinCarlevaris<\/p>\n","protected":false},"excerpt":{"rendered":"<p>El joven de 18 a\u00f1os se entreg\u00f3 tras m\u00e1s de 40 d\u00edas pr\u00f3fugo y ser\u00e1 indagado por el homicidio ocurrido en enero en Manuel Iglesias y Boulevard Moreno. En las pr\u00f3ximas horas, Kevin Carlevaris, de 18 a\u00f1os, deber\u00e1 prestar declaraci\u00f3n indagatoria ante la fiscal Viviana Ramos, en el marco de la investigaci\u00f3n por el homicidio [&hellip;]<\/p>\n","protected":false},"author":4,"featured_media":147100,"comment_status":"closed","ping_status":"closed","sticky":false,"template":"","format":"standard","meta":{"om_disable_all_campaigns":false,"_jetpack_memberships_contains_paid_content":false,"footnotes":""},"categories":[50,101,2],"tags":[8942,8943,5266,8927,8013,8926,8941,8945,8944],"class_list":["post-148342","post","type-post","status-publish","format-standard","has-post-thumbnail","hentry","category-destacadas","category-interes-general-locales","category-locales","tag-declaracion-indagatoria","tag-enfrentamiento-armado","tag-fiscal-viviana-ramos","tag-homicidio-en-san-pedro","tag-investigacion-judicial","tag-kevin-carlevaris-18-anos","tag-manuel-iglesias-y-boulevard-moreno","tag-prision-preventiva","tag-revolver-38-especial"],"aioseo_notices":[],"gutentor_comment":0,"jetpack_featured_media_url":"https:\/\/eldiariodesanpedro.com.ar\/sitio\/wp-content\/uploads\/2026\/01\/WhatsApp-Image-2026-01-15-at-16.13.44.jpeg","jetpack_shortlink":"https:\/\/wp.me\/p6RhLt-CAC","jetpack_sharing_enabled":true,"_links":{"self":[{"href":"https:\/\/eldiariodesanpedro.com.ar\/sitio\/wp-json\/wp\/v2\/posts\/148342","targetHints":{"allow":["GET"]}}],"collection":[{"href":"https:\/\/eldiariodesanpedro.com.ar\/sitio\/wp-json\/wp\/v2\/posts"}],"about":[{"href":"https:\/\/eldiariodesanpedro.com.ar\/sitio\/wp-json\/wp\/v2\/types\/post"}],"author":[{"embeddable":true,"href":"https:\/\/eldiariodesanpedro.com.ar\/sitio\/wp-json\/wp\/v2\/users\/4"}],"replies":[{"embeddable":true,"href":"https:\/\/eldiariodesanpedro.com.ar\/sitio\/wp-json\/wp\/v2\/comments?post=148342"}],"version-history":[{"count":1,"href":"https:\/\/eldiariodesanpedro.com.ar\/sitio\/wp-json\/wp\/v2\/posts\/148342\/revisions"}],"predecessor-version":[{"id":148343,"href":"https:\/\/eldiariodesanpedro.com.ar\/sitio\/wp-json\/wp\/v2\/posts\/148342\/revisions\/148343"}],"wp:featuredmedia":[{"embeddable":true,"href":"https:\/\/eldiariodesanpedro.com.ar\/sitio\/wp-json\/wp\/v2\/media\/147100"}],"wp:attachment":[{"href":"https:\/\/eldiariodesanpedro.com.ar\/sitio\/wp-json\/wp\/v2\/media?parent=148342"}],"wp:term":[{"taxonomy":"category","embeddable":true,"href":"https:\/\/eldiariodesanpedro.com.ar\/sitio\/wp-json\/wp\/v2\/categories?post=148342"},{"taxonomy":"post_tag","embeddable":true,"href":"https:\/\/eldiariodesanpedro.com.ar\/sitio\/wp-json\/wp\/v2\/tags?post=148342"}],"curies":[{"name":"wp","href":"https:\/\/api.w.org\/{rel}","templated":true}]}}